{"id":436574,"date":"2025-10-03T16:32:12","date_gmt":"2025-10-03T16:32:12","guid":{"rendered":"https:\/\/www.europesays.com\/fr\/436574\/"},"modified":"2025-10-03T16:32:12","modified_gmt":"2025-10-03T16:32:12","slug":"rue-de-la-soif-la-fin-dune-epoque-a-rennes","status":"publish","type":"post","link":"https:\/\/www.europesays.com\/fr\/436574\/","title":{"rendered":"Rue de la Soif\u00a0: la fin d\u2019une \u00e9poque \u00e0 Rennes\u00a0?"},"content":{"rendered":"<p>Ici, pas besoin de plan ni d\u2019agenda, on descendait la rue et chaque porte \u00e9tait une invitation \u00e0 trinquer, danser, chanter, refaire le monde. Aujourd\u2019hui, cette atmosph\u00e8re semble s\u2019\u00e9teindre peu \u00e0 peu, et beaucoup s\u2019interrogent\u00a0: <strong>la rue de la Soif vit-elle ses derni\u00e8res ann\u00e9es\u00a0?<\/strong><\/p>\n<p>&#13;<br \/>\nDes souvenirs grav\u00e9s pour toute une g\u00e9n\u00e9ration&#13;<\/p>\n<p>Impossible d\u2019\u00e9voquer la rue Saint-Michel sans repenser \u00e0 ces soirs o\u00f9 elle d\u00e9bordait litt\u00e9ralement de monde. Les terrasses bond\u00e9es, les chants d\u2019\u00e9tudiants r\u00e9sonnant jusqu\u2019au petit matin, les verres en plastique serr\u00e9s entre deux accolades, les odeurs de kebab et de frites qui flottaient dans l\u2019air. Pour beaucoup, la rue de la Soif, c\u2019\u00e9tait un rite de passage. On y a f\u00eat\u00e9 des dipl\u00f4mes, pleur\u00e9 des histoires d\u2019amour, dans\u00e9 coll\u00e9-serr\u00e9 au son des playlists improbables des bistrots, ri \u00e0 gorge d\u00e9ploy\u00e9e sans se soucier du lendemain.<\/p>\n<p>&#13;<br \/>\nUne rue qui se vide peu \u00e0 peu&#13;<\/p>\n<p>Mais<strong> depuis quelques ann\u00e9es, le d\u00e9cor change.<\/strong> Derri\u00e8re les palissades de chantier et les \u00e9chafaudages, <strong>les bars ferment les uns apr\u00e8s les autres. <\/strong>Les immeubles v\u00e9tustes, en plein c\u0153ur historique, n\u00e9cessitent d\u2019importantes r\u00e9novations. La municipalit\u00e9 et les propri\u00e9taires veulent s\u00e9curiser et r\u00e9habiliter le secteur, mais la vie nocturne en paye le prix fort.<\/p>\n<p>&#13;<br \/>\nLa fin d\u2019une \u00e8re festive\u00a0?&#13;<\/p>\n<p>Pour les anciens, cette transformation sonne comme la fin d\u2019un chapitre. La rue de la Soif n\u2019\u00e9tait pas seulement une succession de bars, c\u2019\u00e9tait une identit\u00e9, une culture rennaise \u00e0 part enti\u00e8re. Elle faisait partie de ces endroits o\u00f9 se tissaient des amiti\u00e9s durables, o\u00f9 chaque soir\u00e9e \u00e9tait impr\u00e9visible, o\u00f9 l\u2019on croisait aussi bien ses voisins de cours que des voyageurs de passage. La rue \u00e9tait vivante, bruyante, parfois chaotique, mais toujours vibrante.<\/p>\n<p>&#13;<br \/>\nEt demain\u00a0?&#13;<\/p>\n<p>Alors, la rue de la Soif est-elle condamn\u00e9e \u00e0 dispara\u00eetre\u00a0? Peut-\u00eatre pas totalement. <strong>Certains esp\u00e8rent une renaissance, avec une vie nocturne mieux encadr\u00e9e, plus respectueuse des riverains, mais sans perdre ce grain de folie qui en faisait tout le charme.<\/strong> D\u2019autres, plus nostalgiques, redoutent que cette magie appartienne d\u00e9sormais au pass\u00e9.<\/p>\n<p>&#13;<\/p>\n<p>\u00a0<\/p>\n<p>&#13;<\/p>\n<p>\u00a0<\/p>\n","protected":false},"excerpt":{"rendered":"Ici, pas besoin de plan ni d\u2019agenda, on descendait la rue et chaque porte \u00e9tait une invitation \u00e0&hellip;\n","protected":false},"author":2,"featured_media":436575,"comment_status":"","ping_status":"","sticky":false,"template":"","format":"standard","meta":{"footnotes":""},"categories":[2821],"tags":[1111,11,829,1777,674,1011,27,12,584,25],"class_list":{"0":"post-436574","1":"post","2":"type-post","3":"status-publish","4":"format-standard","5":"has-post-thumbnail","7":"category-rennes","8":"tag-actu","9":"tag-actualites","10":"tag-bretagne","11":"tag-eu","12":"tag-europe","13":"tag-fr","14":"tag-france","15":"tag-news","16":"tag-rennes","17":"tag-republique-francaise"},"share_on_mastodon":{"url":"https:\/\/pubeurope.com\/@fr\/115311197835226351","error":""},"_links":{"self":[{"href":"https:\/\/www.europesays.com\/fr\/wp-json\/wp\/v2\/posts\/436574","targetHints":{"allow":["GET"]}}],"collection":[{"href":"https:\/\/www.europesays.com\/fr\/wp-json\/wp\/v2\/posts"}],"about":[{"href":"https:\/\/www.europesays.com\/fr\/wp-json\/wp\/v2\/types\/post"}],"author":[{"embeddable":true,"href":"https:\/\/www.europesays.com\/fr\/wp-json\/wp\/v2\/users\/2"}],"replies":[{"embeddable":true,"href":"https:\/\/www.europesays.com\/fr\/wp-json\/wp\/v2\/comments?post=436574"}],"version-history":[{"count":0,"href":"https:\/\/www.europesays.com\/fr\/wp-json\/wp\/v2\/posts\/436574\/revisions"}],"wp:featuredmedia":[{"embeddable":true,"href":"https:\/\/www.europesays.com\/fr\/wp-json\/wp\/v2\/media\/436575"}],"wp:attachment":[{"href":"https:\/\/www.europesays.com\/fr\/wp-json\/wp\/v2\/media?parent=436574"}],"wp:term":[{"taxonomy":"category","embeddable":true,"href":"https:\/\/www.europesays.com\/fr\/wp-json\/wp\/v2\/categories?post=436574"},{"taxonomy":"post_tag","embeddable":true,"href":"https:\/\/www.europesays.com\/fr\/wp-json\/wp\/v2\/tags?post=436574"}],"curies":[{"name":"wp","href":"https:\/\/api.w.org\/{rel}","templated":true}]}}