{"id":436576,"date":"2025-10-03T16:33:13","date_gmt":"2025-10-03T16:33:13","guid":{"rendered":"https:\/\/www.europesays.com\/fr\/436576\/"},"modified":"2025-10-03T16:33:13","modified_gmt":"2025-10-03T16:33:13","slug":"des-travaux-une-galere-temporaire-pour-les-velos","status":"publish","type":"post","link":"https:\/\/www.europesays.com\/fr\/436576\/","title":{"rendered":"des travaux, une gal\u00e8re temporaire pour les v\u00e9los"},"content":{"rendered":"<p>\u00ab\u00a0Depuis le 26\u00a0septembre, l\u2019acc\u00e8s cyclable \u00e0 la place de Haguenau est totalement suspendu en raison de travaux de r\u00e9novation\u00a0\u00bb, d\u00e9marre le communiqu\u00e9 de Strasbourg \u00e0 v\u00e9lo dat\u00e9 de ce 2\u00a0octobre. En l\u2019absence de mise en place d\u2019un itin\u00e9raire alternatif s\u00e9curis\u00e9, \u00ab\u00a0ce carrefour strat\u00e9gique pour les cyclistes est devenu extr\u00eamement risqu\u00e9\u00a0\u00bb, alerte encore l\u2019association.<\/p>\n<p>Ce vendredi 3\u00a0octobre vers midi, des engins de chantier s\u2019occupaient de poser une couche de roulement neuve (bitume) sur un des tron\u00e7ons concern\u00e9s, plut\u00f4t au sud de la place, c\u00f4t\u00e9 strasbourgeois. Les&#8230;<\/p>\n","protected":false},"excerpt":{"rendered":"\u00ab\u00a0Depuis le 26\u00a0septembre, l\u2019acc\u00e8s cyclable \u00e0 la place de Haguenau est totalement suspendu en raison de travaux de&hellip;\n","protected":false},"author":2,"featured_media":436577,"comment_status":"","ping_status":"","sticky":false,"template":"","format":"standard","meta":{"footnotes":""},"categories":[2820],"tags":[1111,11,2389,2649,33,2880,1777,674,107,1011,27,775,12,25,640,2879],"class_list":{"0":"post-436576","1":"post","2":"type-post","3":"status-publish","4":"format-standard","5":"has-post-thumbnail","7":"category-strasbourg","8":"tag-actu","9":"tag-actualites","10":"tag-alsace","11":"tag-bas-rhin","12":"tag-economie","13":"tag-edition-strasbourg","14":"tag-eu","15":"tag-europe","16":"tag-fil-info","17":"tag-fr","18":"tag-france","19":"tag-grand-est","20":"tag-news","21":"tag-republique-francaise","22":"tag-strasbourg","23":"tag-strasbourg-ville"},"share_on_mastodon":{"url":"https:\/\/pubeurope.com\/@fr\/115311201747539976","error":""},"_links":{"self":[{"href":"https:\/\/www.europesays.com\/fr\/wp-json\/wp\/v2\/posts\/436576","targetHints":{"allow":["GET"]}}],"collection":[{"href":"https:\/\/www.europesays.com\/fr\/wp-json\/wp\/v2\/posts"}],"about":[{"href":"https:\/\/www.europesays.com\/fr\/wp-json\/wp\/v2\/types\/post"}],"author":[{"embeddable":true,"href":"https:\/\/www.europesays.com\/fr\/wp-json\/wp\/v2\/users\/2"}],"replies":[{"embeddable":true,"href":"https:\/\/www.europesays.com\/fr\/wp-json\/wp\/v2\/comments?post=436576"}],"version-history":[{"count":0,"href":"https:\/\/www.europesays.com\/fr\/wp-json\/wp\/v2\/posts\/436576\/revisions"}],"wp:featuredmedia":[{"embeddable":true,"href":"https:\/\/www.europesays.com\/fr\/wp-json\/wp\/v2\/media\/436577"}],"wp:attachment":[{"href":"https:\/\/www.europesays.com\/fr\/wp-json\/wp\/v2\/media?parent=436576"}],"wp:term":[{"taxonomy":"category","embeddable":true,"href":"https:\/\/www.europesays.com\/fr\/wp-json\/wp\/v2\/categories?post=436576"},{"taxonomy":"post_tag","embeddable":true,"href":"https:\/\/www.europesays.com\/fr\/wp-json\/wp\/v2\/tags?post=436576"}],"curies":[{"name":"wp","href":"https:\/\/api.w.org\/{rel}","templated":true}]}}