{"id":436578,"date":"2025-10-03T16:34:17","date_gmt":"2025-10-03T16:34:17","guid":{"rendered":"https:\/\/www.europesays.com\/fr\/436578\/"},"modified":"2025-10-03T16:34:17","modified_gmt":"2025-10-03T16:34:17","slug":"strasbourg-une-nuit-du-droit-pour-songer-a-la-justice-environnementale","status":"publish","type":"post","link":"https:\/\/www.europesays.com\/fr\/436578\/","title":{"rendered":"Strasbourg. Une Nuit du droit pour songer \u00e0 la justice environnementale"},"content":{"rendered":"<p>Du d\u00e9roulement d\u2019une proc\u00e9dure au constat de l\u2019infraction jusqu\u2019au jugement, tous les acteurs \u00e9taient pr\u00e9sents pour parler, avec ferveur, du droit de l\u2019environnement. Une mati\u00e8re \u00ab\u00a0en pleine \u00e9volution\u00a0\u00bb, qu\u2019il faut savoir \u00ab\u00a0appr\u00e9hender\u00a0\u00bb. \u00ab\u00a0Les sources sont diverses, il y a le droit europ\u00e9en, les trait\u00e9s internationaux\u2026 Tout est encore \u00e0 construire\u00a0\u00bb, confie Valentine Seyfritz, pr\u00e9sidente d\u2019audience en correctionnelle. Cette derni\u00e8re s\u2019est sp\u00e9cifiquement form\u00e9e pour des consid\u00e9rations d\u2019ordre personnel en tant que&#8230;<\/p>\n","protected":false},"excerpt":{"rendered":"Du d\u00e9roulement d\u2019une proc\u00e9dure au constat de l\u2019infraction jusqu\u2019au jugement, tous les acteurs \u00e9taient pr\u00e9sents pour parler, avec&hellip;\n","protected":false},"author":2,"featured_media":436579,"comment_status":"","ping_status":"","sticky":false,"template":"","format":"standard","meta":{"footnotes":""},"categories":[2820],"tags":[1111,11,2880,1777,674,274,107,1011,27,775,12,25,640,2879],"class_list":{"0":"post-436578","1":"post","2":"type-post","3":"status-publish","4":"format-standard","5":"has-post-thumbnail","7":"category-strasbourg","8":"tag-actu","9":"tag-actualites","10":"tag-edition-strasbourg","11":"tag-eu","12":"tag-europe","13":"tag-faits-divers-justice","14":"tag-fil-info","15":"tag-fr","16":"tag-france","17":"tag-grand-est","18":"tag-news","19":"tag-republique-francaise","20":"tag-strasbourg","21":"tag-strasbourg-ville"},"share_on_mastodon":{"url":"https:\/\/pubeurope.com\/@fr\/115311205730298290","error":""},"_links":{"self":[{"href":"https:\/\/www.europesays.com\/fr\/wp-json\/wp\/v2\/posts\/436578","targetHints":{"allow":["GET"]}}],"collection":[{"href":"https:\/\/www.europesays.com\/fr\/wp-json\/wp\/v2\/posts"}],"about":[{"href":"https:\/\/www.europesays.com\/fr\/wp-json\/wp\/v2\/types\/post"}],"author":[{"embeddable":true,"href":"https:\/\/www.europesays.com\/fr\/wp-json\/wp\/v2\/users\/2"}],"replies":[{"embeddable":true,"href":"https:\/\/www.europesays.com\/fr\/wp-json\/wp\/v2\/comments?post=436578"}],"version-history":[{"count":0,"href":"https:\/\/www.europesays.com\/fr\/wp-json\/wp\/v2\/posts\/436578\/revisions"}],"wp:featuredmedia":[{"embeddable":true,"href":"https:\/\/www.europesays.com\/fr\/wp-json\/wp\/v2\/media\/436579"}],"wp:attachment":[{"href":"https:\/\/www.europesays.com\/fr\/wp-json\/wp\/v2\/media?parent=436578"}],"wp:term":[{"taxonomy":"category","embeddable":true,"href":"https:\/\/www.europesays.com\/fr\/wp-json\/wp\/v2\/categories?post=436578"},{"taxonomy":"post_tag","embeddable":true,"href":"https:\/\/www.europesays.com\/fr\/wp-json\/wp\/v2\/tags?post=436578"}],"curies":[{"name":"wp","href":"https:\/\/api.w.org\/{rel}","templated":true}]}}