{"id":436584,"date":"2025-10-03T16:37:22","date_gmt":"2025-10-03T16:37:22","guid":{"rendered":"https:\/\/www.europesays.com\/fr\/436584\/"},"modified":"2025-10-03T16:37:22","modified_gmt":"2025-10-03T16:37:22","slug":"flippers-brocante-concerts-que-faire-a-nantes-ce-week-end-voici-nos-idees-de-sorties","status":"publish","type":"post","link":"https:\/\/www.europesays.com\/fr\/436584\/","title":{"rendered":"Flippers, brocante, concerts&#8230; Que faire \u00e0 Nantes ce week-end ? Voici nos id\u00e9es de sorties"},"content":{"rendered":"<p>            Par<br \/>\n        <strong><br \/>\n            <a href=\"https:\/\/actu.fr\/auteur\/clemence-pays02-actu-fr\" title=\"Consulter tous les articles de Cl\u00e9mence Pays\" target=\"_blank\" rel=\"noopener\">Cl\u00e9mence Pays<\/a><br \/>\n        <\/strong><\/p>\n<p>        Publi\u00e9 le<\/p>\n<p>            3 oct. 2025 \u00e0 17h32        <\/p>\n<p>Envie de sortir \u00e0 <a href=\"https:\/\/actu.fr\/nantes\/\" target=\"_blank\" rel=\"noopener\">Nantes<\/a> et ses alentours en ce premier week-end d\u2019octobre\u2009? La r\u00e9daction vous a concoct\u00e9 une <strong>s\u00e9lection d\u2019activit\u00e9s<\/strong> \u00e0 faire seul ou \u00e0 plusieurs. Que ce soit pour jouer sur des bornes d\u2019arcade ou parler sant\u00e9 mentale, il y en a <strong>pour tous les go\u00fbts<\/strong> et toutes les bourses. Voici notre floril\u00e8ge d\u2019animations \u00e0 ne pas manquer, <strong>du vendredi\u00a03 au dimanche 5\u00a0octobre 2025.<\/strong><\/p>\n<p>Jouer au flipper<\/p>\n<p class=\" wall-content\">Les <strong>Biennales internationales du Flipper<\/strong> (BIF) se d\u00e9roulent de vendredi \u00e0 dimanche. \u00c0 cette occasion, <strong>plus de 100 flippers et 30 bornes d\u2019arcade<\/strong> seront pr\u00e9sent\u00e9s \u00e0 La Carri\u00e8re, \u00e0 Saint-Herblain.<\/p>\n<blockquote class=\"ac-article-quote wall-content\">\n<p>Cette premi\u00e8re \u00e9dition regroupe une tr\u00e8s grande partie des professionnels de la fili\u00e8re Flipper en France : fabricants, distributeurs, loueurs, r\u00e9parateurs, sans oublier les associations actives de l&rsquo;ouest. <\/p>\n<p>    <strong>BIF<\/strong>\n            <\/p><\/blockquote>\n<p class=\" wall-content\"><strong>Le programme du vendredi\u2009:<\/strong><\/p>\n<ul class=\" wall-content\">\n<li>acc\u00e8s aux Flippers et jeux\u2009;<\/li>\n<li>rencontres, \u00e9changes et d\u00e9dicaces avec les professionnels et personnalit\u00e9s du monde du Flipper\u2009;<\/li>\n<li>repas, \u00ab\u2009menu gourmet et d\u00e9licat\u2009\u00bb.<\/li>\n<\/ul>\n<p class=\" wall-content\"><a href=\"https:\/\/www.instagram.com\/p\/DOgoNnfDopi\/embed\" title=\"Ouvrir le lien sur Instagram\" target=\"_blank\" rel=\"noopener\">Visualiser le contenu sur Instagram<\/a><\/p>\n<p class=\" wall-content\"><strong>Le programme du samedi\u2009:<\/strong><\/p>\n<ul class=\" wall-content\">\n<li>libre acc\u00e8s aux Flippers et jeux\u2009;<\/li>\n<li>rencontre avec les professionnels et invit\u00e9s.<\/li>\n<\/ul>\n<p class=\" wall-content\"><strong>Le programme du dimanche\u2009:<\/strong><\/p>\n<ul class=\" wall-content\">\n<li>libre acc\u00e8s aux Flippers et jeux\u2009;<\/li>\n<li>rencontre avec les professionnels et invit\u00e9s\u2009;<\/li>\n<li>restauration sur place<\/li>\n<\/ul>\n<p>Vendredi 3\u00a0octobre, de 16h \u00e0 minuit\u2009; samedi 4\u00a0octobre, de 10h \u00e0 19h\u2009; dimanche 5\u00a0octobre, de 10h \u00e0 18h. Tarifs\u2009: pass 1 jour, 12\u00a0euros (pass 2\u00a0jours complet)\u2009; pass enfant 5\u00a0ans, gratuit. <a href=\"https:\/\/2.de-2.isolation.mimecastprotect.com\/?sessionID=ba1a54269019086595b2\" target=\"_blank\" rel=\"noopener\">Billetterie en ligne<\/a>.<\/p>\n<p>Votre r\u00e9gion, votre actu !<\/p>\n<p>Recevez chaque jour les infos qui comptent pour vous.<\/p>\n<p>\t<a href=\"https:\/\/actu.fr\/newsletter\" class=\"ac-btn ac-btn--corner ac-btn--medium ac-btn--blue800\" target=\"_blank\" rel=\"noopener\">S&rsquo;incrire<\/a><br \/>\nLe Grand Bingo des commer\u00e7ants<\/p>\n<p class=\" wall-content\">Samedi, l\u2019apr\u00e8s-midi sera festive place du Commerce. Les membres de l\u2019association des commer\u00e7ants <a href=\"https:\/\/actu.fr\/pays-de-la-loire\/nantes_44109\/nantes-les-commercants-du-centre-ville-vont-organiser-un-grand-bingo_63125681.html\" target=\"_blank\" rel=\"noopener\">Plein Centre organisent leur Grand Bingo<\/a>, anim\u00e9 par Jodye Coaster et Anne-Marie Kondom, drag-queens.<\/p>\n<p class=\" wall-content\">Avant ce grand jeu, o\u00f9 <strong>pr\u00e8s de 4\u2009000\u00a0euros de lots<\/strong> sont \u00e0 gagner, une animation est pr\u00e9vue avec un DJ set.<\/p>\n<p>Samedi 4\u00a0octobre, DJ set de 14h \u00e0 16h et Grand Bingo \u00e0 16h (sans r\u00e9servation, places limit\u00e9es). Gratuit.<\/p>\n<p>La sant\u00e9 mentale au cin\u00e9ma<\/p>\n<p class=\" wall-content\">Le <strong>festival Cin\u00e9ma en folie<\/strong> fait \u00e9tape \u00e0 Nantes,<strong> du vendredi\u00a03 au lundi 6\u00a0octobre.<\/strong> \u00c0 travers des <strong>projections gratuites<\/strong> de film th\u00e9matiques, l\u2019\u00e9v\u00e9nement cherche \u00e0 \u00ab\u2009briser le tabou\u2009\u00bb sur la <strong>sant\u00e9 mentale.<\/strong><\/p>\n<p class=\" wall-content\">Une s\u00e9lection de<strong> 12 films,<\/strong> documentaires et fictions, sera \u00e0 l\u2019affiche au cin\u00e9ma Le Concorde, avec \u00e0 chaque fois, des d\u00e9bats et \u00e9changes avec des experts, des associations et des cin\u00e9astes.<\/p>\n<p class=\" wall-content\">D\u00e9couvrez le <strong>programme complet<\/strong> en consultant <a href=\"https:\/\/actu.fr\/pays-de-la-loire\/nantes_44109\/nantes-un-festival-de-cinema-dedie-a-la-sante-mentale-propose-des-projections-gratuites_63243306.html\" target=\"_blank\" rel=\"noopener\">notre article d\u00e9di\u00e9<\/a>.<\/p>\n<p>Du vendredi\u00a03 au lundi 6\u00a0octobre 2025, au cin\u00e9ma Le Concorde, 79 boulevard de l\u2019\u00c9galit\u00e9, \u00e0 Nantes. Gratuit. R\u00e9servations possibles aupr\u00e8s du cin\u00e9ma ou via le <a href=\"https:\/\/www.cinema-a-la-folie.fr\/\" target=\"_blank\" rel=\"noopener\">site internet<\/a> du festival.Top d\u00e9part pour l\u2019\u00c9t\u00e9 indien<\/p>\n<p class=\" wall-content\">Samedi, ce sera le <strong>lancement de la nouvelle \u00e9dition de l\u2019\u00c9t\u00e9 indien,<\/strong> rendez-vous culturel sous les Nefs.<\/p>\n<p class=\" wall-content\">Au programme, un <strong>concert de reggae japonais,<\/strong> perform\u00e9 par Tokyo Riddim Band, suivi d\u2019un DJ set.\u00a0Et c\u2019est<strong> gratuit.<\/strong><\/p>\n<p class=\" wall-content\">Cette soir\u00e9e s\u2019inscrit dans le cadre du <strong>Nippon Rhythm Weekender,<\/strong> week-end festif organis\u00e9 en collaboration avec Trempo et Abstrack. Ce <strong>vendredi,<\/strong> la soir\u00e9e se d\u00e9roulera \u00e0 Trempo avec Heavenphetamine, Tomoki Tamura et Shoko Igarashi. <strong>Samedi,<\/strong> ce sera donc sous les Nefs. Et <strong>dimanche,<\/strong> le rendez-vous est donn\u00e9 dans le quartier Bas-Chantenay, au Little Atlantic Brewery, qui accueillera Kay Suzuki et Atemi.<\/p>\n<p class=\" wall-content\"><a href=\"https:\/\/www.instagram.com\/p\/DN0Ijnr2h2w\/embed\" title=\"Ouvrir le lien sur Instagram\" target=\"_blank\" rel=\"noopener\">Visualiser le contenu sur Instagram<\/a><\/p>\n<p class=\" wall-content\">D\u00e9couvrez le <strong>programme complet de l\u2019\u00c9t\u00e9 indien 2025<\/strong> en consultant <a href=\"https:\/\/actu.fr\/pays-de-la-loire\/nantes_44109\/theatre-concerts-soiree-halloween-l-ete-indien-fait-son-retour-sous-les-nefs-de-nantes_63206130.html\" target=\"_blank\" rel=\"noopener\">notre article d\u00e9di\u00e9<\/a>.<\/p>\n<p>Chiner \u00e0 Viarme<\/p>\n<p class=\" wall-content\">De vendredi \u00e0 dimanche, c\u2019est<strong> la Grande Brocante de Viarme,<\/strong> sur la place du m\u00eame nom. D\u00e9coration, meubles, livres, vinyles, jeux et autres tr\u00e9sors seront \u00e0 d\u00e9nicher parmi les \u00e9tals de la centaine de commer\u00e7ants pr\u00e9sents.<\/p>\n<p>Du vendredi\u00a03 au dimanche 5\u00a0octobre, de 9h \u00e0 19h, place Viarme \u00e0 Nantes. Entr\u00e9e gratuite.<\/p>\n<p class=\" wall-content\">Personnalisez votre actualit\u00e9 en ajoutant vos villes et m\u00e9dias en favori avec <a href=\"https:\/\/moncompte.actu.fr\" title=\"D\u00e9couvez Mon Actu\" rel=\"nofollow noopener\" data-trk=\"{&quot;cta&quot;:{&quot;action&quot;:&quot;https:\\\/\\\/moncompte.actu.fr&quot;,&quot;category&quot;:&quot;mon compte&quot;,&quot;from&quot;:&quot;article footer&quot;,&quot;name&quot;:&quot;Mon actu&quot;,&quot;type&quot;:&quot;cta&quot;}}\" target=\"_blank\">Mon Actu<\/a>.<\/p>\n<p>                    <script async src=\"\/\/www.instagram.com\/embed.js\"><\/script><\/p>\n","protected":false},"excerpt":{"rendered":"Par Cl\u00e9mence Pays Publi\u00e9 le 3 oct. 2025 \u00e0 17h32 Envie de sortir \u00e0 Nantes et ses alentours&hellip;\n","protected":false},"author":2,"featured_media":436585,"comment_status":"","ping_status":"","sticky":false,"template":"","format":"standard","meta":{"footnotes":""},"categories":[2818],"tags":[1111,11,1063,6961,1777,674,1011,27,1305,766,12,2636,25],"class_list":{"0":"post-436584","1":"post","2":"type-post","3":"status-publish","4":"format-standard","5":"has-post-thumbnail","7":"category-nantes","8":"tag-actu","9":"tag-actualites","10":"tag-animations","11":"tag-brocante","12":"tag-eu","13":"tag-europe","14":"tag-fr","15":"tag-france","16":"tag-lifestyle","17":"tag-nantes","18":"tag-news","19":"tag-pays-de-la-loire","20":"tag-republique-francaise"},"share_on_mastodon":{"url":"https:\/\/pubeurope.com\/@fr\/115311217456507158","error":""},"_links":{"self":[{"href":"https:\/\/www.europesays.com\/fr\/wp-json\/wp\/v2\/posts\/436584","targetHints":{"allow":["GET"]}}],"collection":[{"href":"https:\/\/www.europesays.com\/fr\/wp-json\/wp\/v2\/posts"}],"about":[{"href":"https:\/\/www.europesays.com\/fr\/wp-json\/wp\/v2\/types\/post"}],"author":[{"embeddable":true,"href":"https:\/\/www.europesays.com\/fr\/wp-json\/wp\/v2\/users\/2"}],"replies":[{"embeddable":true,"href":"https:\/\/www.europesays.com\/fr\/wp-json\/wp\/v2\/comments?post=436584"}],"version-history":[{"count":0,"href":"https:\/\/www.europesays.com\/fr\/wp-json\/wp\/v2\/posts\/436584\/revisions"}],"wp:featuredmedia":[{"embeddable":true,"href":"https:\/\/www.europesays.com\/fr\/wp-json\/wp\/v2\/media\/436585"}],"wp:attachment":[{"href":"https:\/\/www.europesays.com\/fr\/wp-json\/wp\/v2\/media?parent=436584"}],"wp:term":[{"taxonomy":"category","embeddable":true,"href":"https:\/\/www.europesays.com\/fr\/wp-json\/wp\/v2\/categories?post=436584"},{"taxonomy":"post_tag","embeddable":true,"href":"https:\/\/www.europesays.com\/fr\/wp-json\/wp\/v2\/tags?post=436584"}],"curies":[{"name":"wp","href":"https:\/\/api.w.org\/{rel}","templated":true}]}}