{"id":436586,"date":"2025-10-03T16:38:19","date_gmt":"2025-10-03T16:38:19","guid":{"rendered":"https:\/\/www.europesays.com\/fr\/436586\/"},"modified":"2025-10-03T16:38:19","modified_gmt":"2025-10-03T16:38:19","slug":"t-dans-le-match-le-match-brest-nantes-est-il-une-affiche-attendue","status":"publish","type":"post","link":"https:\/\/www.europesays.com\/fr\/436586\/","title":{"rendered":"\u00ab\u00a0T dans le match\u00a0\u00bb\u00a0: le match Brest-Nantes est-il une affiche attendue ?"},"content":{"rendered":"<p>Le Stade Brestois reste sur six matchs sans d\u00e9faite contre le FC Nantes (cinq victoires, un nul). Et les Ty Zefs, qui re\u00e7oivent les Canaris, samedi (19 h) ont termin\u00e9 devant les Nantais lors des trois derni\u00e8res saisons de Ligue 1. Le tout avec des moyens nettement moins importants. Cette ann\u00e9e encore, le budget du <a href=\"https:\/\/www.letelegramme.fr\/sports\/football\/stade-brestois\/\" target=\"_blank\" rel=\"noopener\">Stade Brestois<\/a> est estim\u00e9 \u00e0 35 millions d\u2019euros, contre 50 pour le club de Waldemar Kita.<\/p>\n<p>L\u2019instabilit\u00e9, d\u00e9sormais chronique \u00e0 Nantes, contraste avec le calme qui r\u00e8gne \u00e0 la pointe du Finist\u00e8re : depuis l\u2019arriv\u00e9e d\u2019Eric Roy sur le banc du Stade Brestois, en janvier 2023, le FC Nantes a connu cinq staffs diff\u00e9rents.<\/p>\n<p>Cette rencontre entre deux \u00e9quipes qui luttent pour l\u2019instant pour le maintien en Ligue 1 a-t-elle une saveur particuli\u00e8re ? Le sujet a amus\u00e9 les chroniqueurs de \u00ab T dans le match. \u00bb<\/p>\n","protected":false},"excerpt":{"rendered":"Le Stade Brestois reste sur six matchs sans d\u00e9faite contre le FC Nantes (cinq victoires, un nul). Et&hellip;\n","protected":false},"author":2,"featured_media":436587,"comment_status":"","ping_status":"","sticky":false,"template":"","format":"standard","meta":{"footnotes":""},"categories":[2818],"tags":[1111,11,3450,1777,674,63,1011,27,66,766,12,2636,25,60,4449,17191,2955],"class_list":{"0":"post-436586","1":"post","2":"type-post","3":"status-publish","4":"format-standard","5":"has-post-thumbnail","7":"category-nantes","8":"tag-actu","9":"tag-actualites","10":"tag-brest","11":"tag-eu","12":"tag-europe","13":"tag-football","14":"tag-fr","15":"tag-france","16":"tag-ligue-1","17":"tag-nantes","18":"tag-news","19":"tag-pays-de-la-loire","20":"tag-republique-francaise","21":"tag-sports","22":"tag-stade-brestois","23":"tag-t-dans-le-match","24":"tag-videos"},"share_on_mastodon":{"url":"https:\/\/pubeurope.com\/@fr\/115311221466072101","error":""},"_links":{"self":[{"href":"https:\/\/www.europesays.com\/fr\/wp-json\/wp\/v2\/posts\/436586","targetHints":{"allow":["GET"]}}],"collection":[{"href":"https:\/\/www.europesays.com\/fr\/wp-json\/wp\/v2\/posts"}],"about":[{"href":"https:\/\/www.europesays.com\/fr\/wp-json\/wp\/v2\/types\/post"}],"author":[{"embeddable":true,"href":"https:\/\/www.europesays.com\/fr\/wp-json\/wp\/v2\/users\/2"}],"replies":[{"embeddable":true,"href":"https:\/\/www.europesays.com\/fr\/wp-json\/wp\/v2\/comments?post=436586"}],"version-history":[{"count":0,"href":"https:\/\/www.europesays.com\/fr\/wp-json\/wp\/v2\/posts\/436586\/revisions"}],"wp:featuredmedia":[{"embeddable":true,"href":"https:\/\/www.europesays.com\/fr\/wp-json\/wp\/v2\/media\/436587"}],"wp:attachment":[{"href":"https:\/\/www.europesays.com\/fr\/wp-json\/wp\/v2\/media?parent=436586"}],"wp:term":[{"taxonomy":"category","embeddable":true,"href":"https:\/\/www.europesays.com\/fr\/wp-json\/wp\/v2\/categories?post=436586"},{"taxonomy":"post_tag","embeddable":true,"href":"https:\/\/www.europesays.com\/fr\/wp-json\/wp\/v2\/tags?post=436586"}],"curies":[{"name":"wp","href":"https:\/\/api.w.org\/{rel}","templated":true}]}}