{"id":436598,"date":"2025-10-03T16:44:19","date_gmt":"2025-10-03T16:44:19","guid":{"rendered":"https:\/\/www.europesays.com\/fr\/436598\/"},"modified":"2025-10-03T16:44:19","modified_gmt":"2025-10-03T16:44:19","slug":"la-justice-frappe-fort-contre-les-stationnements-abusifs","status":"publish","type":"post","link":"https:\/\/www.europesays.com\/fr\/436598\/","title":{"rendered":"La justice frappe fort contre les stationnements abusifs"},"content":{"rendered":"<p>Selon <a href=\"https:\/\/actu.fr\/hauts-de-france\/lille_59350\/se-garer-sur-une-place-pour-handicapes-peut-couter-tres-cher-a-lille-ces-contrevenants-peuvent-en-temoigner_63242237.html\" target=\"_blank\" class=\"c-link c-link--is-underlined\" rel=\"nofollow noopener\">actu.fr<\/a>, le tribunal de police de Lille (<a href=\"https:\/\/www.20minutes.fr\/dossier\/nord\" class=\"c-link c-link--is-underlined\" rel=\"nofollow noopener\" target=\"_blank\">Nord<\/a>) sanctionne r\u00e9guli\u00e8rement les automobilistes qui contestent leur contravention apr\u00e8s s\u2019\u00eatre gar\u00e9s sur ces emplacements. L\u2019officier du minist\u00e8re public Jean-Baptiste Fray se montre intraitable\u00a0: \u00ab\u00a0Si ces places ont \u00e9t\u00e9 cr\u00e9\u00e9es, c\u2019est pour une bonne raison.\u00a0\u00bb<\/p>\n<p>Les excuses invoqu\u00e9es \u2013 panneau trop haut, marquage effac\u00e9 ou m\u00e9t\u00e9o d\u00e9favorable \u2013 n\u2019att\u00e9nuent pas la s\u00e9v\u00e9rit\u00e9 des d\u00e9cisions. Un habitant de Wattrelos, d\u00e9j\u00e0 connu pour de <a href=\"https:\/\/www.20minutes.fr\/societe\/4176492-20251001-ariege-stationnement-limite-altitude-face-afflux-touristes\" class=\"c-link c-link--is-underlined\" rel=\"nofollow noopener\" target=\"_blank\">multiples infractions<\/a>, a \u00e9cop\u00e9 de 420 euros d\u2019amende apr\u00e8s avoir \u00e9voqu\u00e9 la pluie comme justification.<\/p>\n<p>Des excuses balay\u00e9es \u00e0 l\u2019audience<\/p>\n<p>Les exemples se multiplient, parfois insolites. Un automobiliste de 27 ans, venu au commissariat de Lille apr\u00e8s un cambriolage, s\u2019est gar\u00e9 directement sur une place handicap\u00e9e voisine. Convaincu d\u2019\u00eatre dans son droit, il a tent\u00e9 de produire une photo montrant un arbre cachant le panneau. Argument balay\u00e9 par le minist\u00e8re public qui a d\u00e9nonc\u00e9 une mauvaise foi manifeste.<\/p>\n<\/p>\n<p>R\u00e9sultat\u00a0: une sanction de 600 euros, bien plus \u00e9lev\u00e9e que l\u2019amende forfaitaire de 135 euros qu\u2019il aurait pu r\u00e9gler sans audience. Ces d\u00e9cisions rappellent que la justice entend <a href=\"https:\/\/www.20minutes.fr\/societe\/4039258-20230621-stationnement-tendance-grandes-villes-zones-bleues-voie-disparition\" class=\"c-link c-link--is-underlined\" rel=\"nofollow noopener\" target=\"_blank\">d\u00e9fendre strictement l\u2019acc\u00e8s \u00e0 ces places<\/a>, essentielles pour les personnes en situation de handicap.<\/p>\n","protected":false},"excerpt":{"rendered":"Selon actu.fr, le tribunal de police de Lille (Nord) sanctionne r\u00e9guli\u00e8rement les automobilistes qui contestent leur contravention apr\u00e8s&hellip;\n","protected":false},"author":2,"featured_media":436599,"comment_status":"","ping_status":"","sticky":false,"template":"","format":"standard","meta":{"footnotes":""},"categories":[2815],"tags":[1111,47,11,7087,1777,674,1011,27,811,1307,12,1308,1309,25,104,6173],"class_list":{"0":"post-436598","1":"post","2":"type-post","3":"status-publish","4":"format-standard","5":"has-post-thumbnail","7":"category-lille","8":"tag-actu","9":"tag-actualite","10":"tag-actualites","11":"tag-amende","12":"tag-eu","13":"tag-europe","14":"tag-fr","15":"tag-france","16":"tag-hauts-de-france","17":"tag-lille","18":"tag-news","19":"tag-nord","20":"tag-nord-pas-de-calais","21":"tag-republique-francaise","22":"tag-societe","23":"tag-stationnement"},"share_on_mastodon":{"url":"https:\/\/pubeurope.com\/@fr\/115311245444881124","error":""},"_links":{"self":[{"href":"https:\/\/www.europesays.com\/fr\/wp-json\/wp\/v2\/posts\/436598","targetHints":{"allow":["GET"]}}],"collection":[{"href":"https:\/\/www.europesays.com\/fr\/wp-json\/wp\/v2\/posts"}],"about":[{"href":"https:\/\/www.europesays.com\/fr\/wp-json\/wp\/v2\/types\/post"}],"author":[{"embeddable":true,"href":"https:\/\/www.europesays.com\/fr\/wp-json\/wp\/v2\/users\/2"}],"replies":[{"embeddable":true,"href":"https:\/\/www.europesays.com\/fr\/wp-json\/wp\/v2\/comments?post=436598"}],"version-history":[{"count":0,"href":"https:\/\/www.europesays.com\/fr\/wp-json\/wp\/v2\/posts\/436598\/revisions"}],"wp:featuredmedia":[{"embeddable":true,"href":"https:\/\/www.europesays.com\/fr\/wp-json\/wp\/v2\/media\/436599"}],"wp:attachment":[{"href":"https:\/\/www.europesays.com\/fr\/wp-json\/wp\/v2\/media?parent=436598"}],"wp:term":[{"taxonomy":"category","embeddable":true,"href":"https:\/\/www.europesays.com\/fr\/wp-json\/wp\/v2\/categories?post=436598"},{"taxonomy":"post_tag","embeddable":true,"href":"https:\/\/www.europesays.com\/fr\/wp-json\/wp\/v2\/tags?post=436598"}],"curies":[{"name":"wp","href":"https:\/\/api.w.org\/{rel}","templated":true}]}}