{"id":436651,"date":"2025-10-03T17:15:43","date_gmt":"2025-10-03T17:15:43","guid":{"rendered":"https:\/\/www.europesays.com\/fr\/436651\/"},"modified":"2025-10-03T17:15:43","modified_gmt":"2025-10-03T17:15:43","slug":"lartiste-chilien-alfredo-jaar-remporte-le-prestigieux-prix-de-photographie","status":"publish","type":"post","link":"https:\/\/www.europesays.com\/fr\/436651\/","title":{"rendered":"l&rsquo;artiste chilien Alfredo Jaar remporte le prestigieux prix de photographie"},"content":{"rendered":"<p class=\"mb-4 text-lg md:leading-8 break-words\">L&rsquo;image inqui\u00e9tante du Grand Lac Sal\u00e9 en Utah par Alfredo Jaar a remport\u00e9 le Prix Pictet de cette ann\u00e9e, l&rsquo;un des prix les plus prestigieux au monde pour la photographie et la durabilit\u00e9.<\/p>\n<p class=\"mb-4 text-lg md:leading-8 break-words\">La s\u00e9rie de l&rsquo;artiste chilien, intitul\u00e9e The End, illustre la destruction du site par une extraction excessive d&rsquo;eau, les scientifiques d\u00e9crivant la r\u00e9gion comme une \u00ab\u00a0bombe nucl\u00e9aire environnementale\u00a0\u00bb.<\/p>\n<p><img alt=\"The End\" loading=\"lazy\" width=\"960\" height=\"722\" decoding=\"async\" data-nimg=\"1\" class=\"rounded-lg\" style=\"color:transparent\" src=\"https:\/\/www.europesays.com\/fr\/wp-content\/uploads\/2025\/10\/6ae0258bcb2b1c8965e6e8dc6385d09d.jpeg\"\/><\/p>\n<p> The End   &#8211; Cr\u00e9dit : Alfredo Jaar, extrait de la s\u00e9rie \u00ab\u00a0The End\u00a0\u00bb <\/p>\n<p class=\"mb-4 text-lg md:leading-8 break-words\">\u00ab\u00a0Mon objectif dans cette s\u00e9rie est de montrer le destin tragique du lac et de r\u00e9v\u00e9ler simultan\u00e9ment sa beaut\u00e9 extraordinaire et son potentiel\u00a0\u00bb, explique Alfredo Jaar. \u00ab\u00a0Malgr\u00e9 la situation d\u00e9sesp\u00e9r\u00e9e dans laquelle nous nous trouvons, je voulais cr\u00e9er des images de grande beaut\u00e9 et de tristesse\u00a0\u00bb.<\/p>\n<p class=\"mb-4 text-lg md:leading-8 break-words\">\u00ab\u00a0Face \u00e0 l&rsquo;ampleur de cette trag\u00e9die, j&rsquo;ai d\u00e9cid\u00e9 d&rsquo;imprimer ces images dans un petit format non spectaculaire, comme une sorte de murmure visuel, une lamentation pour notre plan\u00e8te mourante\u00a0\u00bb, poursuit-il.<\/p>\n<p class=\"mb-4 text-lg md:leading-8 break-words\">Le Grand Lac Sal\u00e9 en Utah, autrefois un \u00e9cosyst\u00e8me cl\u00e9 dans l&rsquo;h\u00e9misph\u00e8re occidental, a perdu 73 % de son eau et 60 % de sa superficie depuis le milieu du XIXe si\u00e8cle, exposant des poussi\u00e8res toxiques et augmentant la salinit\u00e9 \u00e0 des niveaux dangereux.<\/p>\n<p class=\"mb-4 text-lg md:leading-8 break-words\">Le lac soutient 2,5 milliards de dollars d&rsquo;activit\u00e9s \u00e9conomiques directes chaque ann\u00e9e, soutient 80 % des zones humides de l&rsquo;\u00c9tat et fournit un habitat vital pour dix millions d&rsquo;oiseaux migrateurs. Son effondrement serait une trag\u00e9die \u00e9cologique d&rsquo;une ampleur incalculable.<\/p>\n<p class=\"mb-4 text-lg md:leading-8 break-words\">Alfredo Jaar a re\u00e7u 107 000 \u20ac en tant que laur\u00e9at du 11e cycle du prix Pictet. Les travaux de tous les candidats pr\u00e9s\u00e9lectionn\u00e9s sont montr\u00e9s ci-dessous.<\/p>\n<p>The Storm (La Temp\u00eate) &#8211; Balazs Gardi<img alt=\"13 heures 46, le 6 janvier 2021, \u00e0 Washington, DC, aux \u00c9tats-Unis\" loading=\"lazy\" width=\"808\" height=\"646\" decoding=\"async\" data-nimg=\"1\" class=\"rounded-lg\" style=\"color:transparent\" src=\"https:\/\/www.europesays.com\/fr\/wp-content\/uploads\/2025\/10\/497d9e6fdb2952292953a6ab34b21ad0.jpeg\"\/><\/p>\n<p> 13 heures 46, le 6 janvier 2021, \u00e0 Washington, DC, aux \u00c9tats-Unis   &#8211; Cr\u00e9dit : Balazs Gardi, extrait de la s\u00e9rie \u00ab\u00a0The Storm\u00a0\u00bb <\/p>\n<p class=\"mb-4 text-lg md:leading-8 break-words\">La s\u00e9rie de Balazs Gardi retrace l&rsquo;attaque post-\u00e9lectorale sur le Capitole des \u00c9tats-Unis le 6 janvier 2021.<\/p>\n<p class=\"mb-4 text-lg md:leading-8 break-words\">En tant que jeune photographe hongrois, l&rsquo;artiste a \u00e9t\u00e9 t\u00e9moin de la fa\u00e7on dont la propagande a transform\u00e9 un \u00c9tat sovi\u00e9tique r\u00e9cemment lib\u00e9r\u00e9 en une kleptocratie. The Storm cherche \u00e0 avertir de la facilit\u00e9 avec laquelle une soci\u00e9t\u00e9 privil\u00e9gi\u00e9e peut glisser vers une dystopie orwellienne.<\/p>\n<p>Hands Tell Stories (Les mains racontent des histoires) &#8211; Belal Khaled<img alt=\"Sans titre 2023\" loading=\"lazy\" width=\"808\" height=\"557\" decoding=\"async\" data-nimg=\"1\" class=\"rounded-lg\" style=\"color:transparent\" src=\"https:\/\/www.europesays.com\/fr\/wp-content\/uploads\/2025\/10\/b210a0e3cbaf1e842e3e98397f4b5ec4.jpeg\"\/><\/p>\n<p> Sans titre 2023   &#8211; Cr\u00e9dit : Belal Khaled, extrait de la s\u00e9rie \u00ab\u00a0Hands Tell Stories\u00a0\u00bb <\/p>\n<p class=\"mb-4 text-lg md:leading-8 break-words\">Hands Tell Stories de Belal Khaled a commenc\u00e9 alors qu&rsquo;il vivait dans une tente devant la morgue de l&rsquo;h\u00f4pital Nasser \u00e0 Gaza apr\u00e8s la destruction de sa maison. La s\u00e9rie documente des mains qui, \u00e0 travers leurs cicatrices, leur immobilit\u00e9, leur prise sur la vie, racontent des histoires qu&rsquo;aucune voix ne pourrait porter.<\/p>\n<p>Seasonal Sky (Ciel de saison) &#8211; Baudouin Mouanda<img alt=\"Chez la marchande de l\u00e9gumes 2020\" loading=\"lazy\" width=\"808\" height=\"539\" decoding=\"async\" data-nimg=\"1\" class=\"rounded-lg\" style=\"color:transparent\" src=\"https:\/\/www.europesays.com\/fr\/wp-content\/uploads\/2025\/10\/de8829984a345f6b56169e7f4dbd82f1.jpeg\"\/><\/p>\n<p> Chez la marchande de l\u00e9gumes 2020   &#8211; Cr\u00e9dit : Baudouin Mouanda, extrait de la s\u00e9rie \u00ab\u00a0Ciel de saison\u00a0\u00bb <\/p>\n<p class=\"mb-4 text-lg md:leading-8 break-words\">Les photographies reconstruites de Baudouin Mouanda sont bas\u00e9es sur des \u00e9v\u00e9nements r\u00e9els lors des inondations \u00e0 Brazzaville, au Congo, pendant le confinement du COVID en 2020. Elles rappellent la n\u00e9cessit\u00e9 de respecter l&rsquo;environnement ou de faire face aux repr\u00e9sailles de la nature.<\/p>\n<p>The Lovely Monster over the Farm (Le monstre charmant au-dessus de la ferme) &#8211; Camille Seaman<img alt=\"The Lovely Monster over the Farm, 19:15 CST, Lodgepole, Nebraska, 22 juin 2012\" loading=\"lazy\" width=\"808\" height=\"539\" decoding=\"async\" data-nimg=\"1\" class=\"rounded-lg\" style=\"color:transparent\" src=\"https:\/\/www.europesays.com\/fr\/wp-content\/uploads\/2025\/10\/5b07672f59f56b8be222c01282487822.jpeg\"\/><\/p>\n<p> The Lovely Monster over the Farm, 19:15 CST, Lodgepole, Nebraska, 22 juin 2012   &#8211; Camille Seaman, tir\u00e9e de la s\u00e9rie \u00ab\u00a0The Big Cloud\u00a0\u00bb <\/p>\n<p class=\"mb-4 text-lg md:leading-8 break-words\">La chasseuse de tornades Camille Seaman a poursuivi un type d&rsquo;orage appel\u00e9 supercellule, qui peut produire des gr\u00ealons de la taille de pamplemousses et des tornades spectaculaires. Leurs nuages peuvent atteindre 80 km de large et 20 km de haut, bloquant la lumi\u00e8re du jour et cr\u00e9ant un espace sombre en dessous.<\/p>\n<p>Hurricane Season (La saison des tornades) &#8211; Hannah Modigh<img alt=\"Gar\u00e7on et camion nacelle 2012\" loading=\"lazy\" width=\"808\" height=\"662\" decoding=\"async\" data-nimg=\"1\" class=\"rounded-lg\" style=\"color:transparent\" src=\"https:\/\/www.europesays.com\/fr\/wp-content\/uploads\/2025\/10\/7d823dbcbf0d2339289043b3957e4d5f.jpeg\"\/><\/p>\n<p> Gar\u00e7on et camion nacelle 2012   &#8211; Cr\u00e9dit : Hannah Modigh, extrait de la s\u00e9rie \u00ab\u00a0Hurricane Season\u00a0\u00bb <\/p>\n<p class=\"mb-4 text-lg md:leading-8 break-words\">Initialement, Hannah Modigh s&rsquo;int\u00e9ressait \u00e0 la Louisiane en raison de son histoire violente et voulait enqu\u00eater sur la transmission de cette violence de g\u00e9n\u00e9ration en g\u00e9n\u00e9ration. Elle a r\u00e9alis\u00e9 que la peur des ouragans et le ton agressif g\u00e9n\u00e9ralis\u00e9 provenaient de la m\u00eame source, des r\u00e9actions naturelles \u00e0 des sentiments de menace.<\/p>\n<p>Keep Dancing to the Beat of Your Heart (Continuez \u00e0 danser au rythme de votre c\u0153ur) &#8211; Laetitia Van\u00e7on<img alt=\"Keep Dancing to the Beat of Your Heart 2022\" loading=\"lazy\" width=\"808\" height=\"608\" decoding=\"async\" data-nimg=\"1\" class=\"rounded-lg\" style=\"color:transparent\" src=\"https:\/\/www.europesays.com\/fr\/wp-content\/uploads\/2025\/10\/b06a579d685921e25402b85990509ab2.jpeg\"\/><\/p>\n<p> Keep Dancing to the Beat of Your Heart 2022   &#8211; Cr\u00e9dit : Laetitia Van\u00e7on, extrait de la s\u00e9rie \u00ab\u00a0Hommage \u00e0 Odessa\u00a0\u00bb <\/p>\n<p class=\"mb-4 text-lg md:leading-8 break-words\">Laetitia Van\u00e7on a voulu d\u00e9peindre Odessa sur la c\u00f4te ukrainienne de la mer Noire, une ville d&rsquo;importance strat\u00e9gique et symbolique. Son travail photographique est devenu un portrait des personnes qui sont rest\u00e9es et r\u00e9sistent face \u00e0 la guerre. M\u00eame au c\u0153ur de la temp\u00eate, l&rsquo;espoir, la tendresse, la solidarit\u00e9 et l&rsquo;esprit perdurent.<\/p>\n<p>Are They Rocks or Clouds (Rochers ou nuages ?)- Marina Canevea<img alt=\"Are They Rocks or Clouds - Val di Zoldo, Destruction n\u00b002 2018\" loading=\"lazy\" width=\"808\" height=\"646\" decoding=\"async\" data-nimg=\"1\" class=\"rounded-lg\" style=\"color:transparent\" src=\"https:\/\/www.europesays.com\/fr\/wp-content\/uploads\/2025\/10\/2f15fc50cd6c5d39c119669dcda552ed.jpeg\"\/><\/p>\n<p> Are They Rocks or Clouds &#8211; Val di Zoldo, Destruction n\u00b002 2018   &#8211; Credit: Marina Canevea <\/p>\n<p class=\"mb-4 text-lg md:leading-8 break-words\">La photographie capture g\u00e9n\u00e9ralement les cons\u00e9quences d&rsquo;un \u00e9v\u00e9nement. Ce projet est plut\u00f4t une tentative de pr\u00e9voir une future catastrophe, une r\u00e9p\u00e9tition des inondations et des glissements de terrain qui ont d\u00e9vast\u00e9 les Dolomites dans le nord de l&rsquo;Italie en 1966.<\/p>\n<p>High Water in Venice (Mont\u00e9e des eaux \u00e0 Venise) &#8211; Patrizia Zelano<img alt=\"Acqua Alta \u00e0 Venise n\u00b024 2019\" loading=\"lazy\" width=\"808\" height=\"539\" decoding=\"async\" data-nimg=\"1\" class=\"rounded-lg\" style=\"color:transparent\" src=\"https:\/\/www.europesays.com\/fr\/wp-content\/uploads\/2025\/10\/78a3cd82ab42d3ac4e3161773fda184e.jpeg\"\/><\/p>\n<p> Acqua Alta \u00e0 Venise n\u00b024 2019   &#8211; Cr\u00e9dit : Patrizia Zelano et Zamagni Arte, Rimini <\/p>\n<p class=\"mb-4 text-lg md:leading-8 break-words\">Le 13 novembre 2019, Venise a \u00e9t\u00e9 submerg\u00e9e par l&rsquo;une des plus hautes mar\u00e9es jamais enregistr\u00e9es. Pour Patrizia Zelano, sauver des livres est devenu le c\u0153ur de son exploration du pouvoir \u00e9vocateur et de la connaissance de la nature. Chaque photographie nous incite \u00e0 reconsid\u00e9rer notre relation avec la Terre, la culture et la fragilit\u00e9.<\/p>\n<p>Amazograma n\u00b01 &#8211; Roberto Huarcaya<img alt=\"Amazograma n\u00b01 (D\u00e9tail) 2014 de la s\u00e9rie Amazogramas\" loading=\"lazy\" width=\"808\" height=\"586\" decoding=\"async\" data-nimg=\"1\" class=\"rounded-lg\" style=\"color:transparent\" src=\"https:\/\/www.europesays.com\/fr\/wp-content\/uploads\/2025\/10\/2738229c5a1325fc0254cba24c181568.jpeg\"\/><\/p>\n<p> Amazograma n\u00b01 (D\u00e9tail) 2014 de la s\u00e9rie Amazogramas   &#8211; Cr\u00e9dit : Roberto Huarcaya et Rolf Art, Buenos Aires <\/p>\n<p class=\"mb-4 text-lg md:leading-8 break-words\">Une temp\u00eate d\u00e9charge l&rsquo;\u00e9nergie accumul\u00e9e, non pas comme une simple destruction, mais comme une force cherchant \u00e0 r\u00e9tablir l&rsquo;\u00e9quilibre. L&rsquo;image de Roberto Huarcaya capture cette essence : un cadre de 30 m de long d&rsquo;un palmier amazonien allong\u00e9 sur le lit de la rivi\u00e8re Madre de Dios.<\/p>\n<p>A Maquette for a Multiple Moment for the Hiroshima Peace Movement (Maquette d&rsquo;un moment multiple pour le mouvement pour la paix \u00e0 Hiroshima)- Takashi Arai<img alt=\"A Maquette for a Multiple Moment for the Hiroshima Peace Monument (Genbaku Dome) 2014\" loading=\"lazy\" width=\"808\" height=\"454\" decoding=\"async\" data-nimg=\"1\" class=\"rounded-lg\" style=\"color:transparent\" src=\"https:\/\/www.europesays.com\/fr\/wp-content\/uploads\/2025\/10\/a7351b0bf4a642a448124a6920606a57.jpeg\"\/><\/p>\n<p> A Maquette for a Multiple Moment for the Hiroshima Peace Monument (Genbaku Dome) 2014   &#8211; Cr\u00e9dit : Takashi Arai, extrait de la s\u00e9rie \u00ab\u00a0Exposed in a Hundred Suns\u00a0\u00bb <\/p>\n<p class=\"mb-4 text-lg md:leading-8 break-words\">L&rsquo;hypocentre, le point directement en dessous ou au-dessus d&rsquo;une explosion nucl\u00e9aire, est une m\u00e9taphore de l&rsquo;invisibilit\u00e9 et de l&rsquo;inaccessibilit\u00e9. La s\u00e9rie de Takashi Arai explore les monuments atomiques comme s&rsquo;il naviguait sous l&rsquo;attraction gravitationnelle de l&rsquo;hypocentre, prenant des centaines de daguerr\u00e9otypes de 6 cm x 6 cm, une forme pr\u00e9coce de photographie.<\/p>\n<p>Lucier&rsquo;s Vortex (Le vortex de Lucifer) &#8211; Tom Fecht<img alt=\"Lucifier's Vortex de la s\u00e9rie Lucifierines - Entre chien et loup (Lucifiere n\u00b02433) 2020\" loading=\"lazy\" width=\"808\" height=\"539\" decoding=\"async\" data-nimg=\"1\" class=\"rounded-lg\" style=\"color:transparent\" src=\"https:\/\/www.europesays.com\/fr\/wp-content\/uploads\/2025\/10\/f4a991df3f2cc4667c68c8200000447a.jpeg\"\/><\/p>\n<p> Lucifier&rsquo;s Vortex de la s\u00e9rie Lucifierines &#8211; Entre chien et loup (Lucifiere n\u00b02433) 2020   &#8211; Cr\u00e9dit : Tom Fecht et Laffanour I Galerie Downtown, Paris <\/p>\n<p class=\"mb-4 text-lg md:leading-8 break-words\">Les lucif\u00e9rines sont des planctons d&rsquo;eau froide menac\u00e9s par la hausse des temp\u00e9ratures des oc\u00e9ans. Leurs effets \u00e9lectriques se produisent lorsque des millions d&rsquo;entre eux sont expos\u00e9s \u00e0 l&rsquo;oxyg\u00e8ne tout en se reproduisant \u00e0 la surface turbulente de la mer.<\/p>\n<p class=\"mb-4 text-lg md:leading-8 break-words\">Presque invisibles \u00e0 l&rsquo;\u0153il nu, leurs traces sublimes ne peuvent \u00eatre captur\u00e9es qu'\u00a0\u00bbentre chien et loup\u00a0\u00bb, un moment cr\u00e9pusculaire magique lorsque les premiers rayons bleus de la lumi\u00e8re du jour croisent les reflets restants de la lune.<\/p>\n<p class=\"mb-4 text-lg md:leading-8 break-words\"><strong>La s\u00e9rie Prix Pictet Storm est expos\u00e9e au Victoria and Albert Museum de Londres jusqu&rsquo;au 19 octobre 2025.<\/strong><\/p>\n<p class=\"mb-4 text-lg md:leading-8 break-words\"><strong>L&rsquo;exposition sera \u00e9galement pr\u00e9sent\u00e9e dans les lieux suivants :<\/strong><\/p>\n<ul class=\"mb-4\">\n<li class=\"ml-4 list-disc\">\n<p class=\"mb-4 text-lg md:leading-8 break-words\"><strong>Ishara Art Foundation, Duba\u00ef &#8211; 17 octobre au 13 d\u00e9cembre 2025<\/strong><\/p>\n<\/li>\n<li class=\"ml-4 list-disc\">\n<p class=\"mb-4 text-lg md:leading-8 break-words\"><strong>TOP Museum, Tokyo &#8211; 12 d\u00e9cembre 2025 au 25 janvier 2026<\/strong><\/p>\n<\/li>\n<li class=\"ml-4 list-disc\">\n<p class=\"mb-4 text-lg md:leading-8 break-words\"><strong>Luma Westbau, Zurich &#8211; 6 mars au 5 avril 2026<\/strong><\/p>\n<\/li>\n<\/ul>\n","protected":false},"excerpt":{"rendered":"L&rsquo;image inqui\u00e9tante du Grand Lac Sal\u00e9 en Utah par Alfredo Jaar a remport\u00e9 le Prix Pictet de cette&hellip;\n","protected":false},"author":2,"featured_media":436652,"comment_status":"","ping_status":"","sticky":false,"template":"","format":"standard","meta":{"footnotes":""},"categories":[1358],"tags":[56390,1348,1384,1385,56392,56391,1386,58,59,1011,27,56393],"class_list":{"0":"post-436651","1":"post","2":"type-post","3":"status-publish","4":"format-standard","5":"has-post-thumbnail","7":"category-arts-et-design","8":"tag-alfredo-jaar","9":"tag-arts","10":"tag-arts-and-design","11":"tag-arts-et-design","12":"tag-baudouin-mouanda","13":"tag-camille-seaman","14":"tag-design","15":"tag-divertissement","16":"tag-entertainment","17":"tag-fr","18":"tag-france","19":"tag-le-milieu"},"share_on_mastodon":{"url":"https:\/\/pubeurope.com\/@fr\/115311367650527226","error":""},"_links":{"self":[{"href":"https:\/\/www.europesays.com\/fr\/wp-json\/wp\/v2\/posts\/436651","targetHints":{"allow":["GET"]}}],"collection":[{"href":"https:\/\/www.europesays.com\/fr\/wp-json\/wp\/v2\/posts"}],"about":[{"href":"https:\/\/www.europesays.com\/fr\/wp-json\/wp\/v2\/types\/post"}],"author":[{"embeddable":true,"href":"https:\/\/www.europesays.com\/fr\/wp-json\/wp\/v2\/users\/2"}],"replies":[{"embeddable":true,"href":"https:\/\/www.europesays.com\/fr\/wp-json\/wp\/v2\/comments?post=436651"}],"version-history":[{"count":0,"href":"https:\/\/www.europesays.com\/fr\/wp-json\/wp\/v2\/posts\/436651\/revisions"}],"wp:featuredmedia":[{"embeddable":true,"href":"https:\/\/www.europesays.com\/fr\/wp-json\/wp\/v2\/media\/436652"}],"wp:attachment":[{"href":"https:\/\/www.europesays.com\/fr\/wp-json\/wp\/v2\/media?parent=436651"}],"wp:term":[{"taxonomy":"category","embeddable":true,"href":"https:\/\/www.europesays.com\/fr\/wp-json\/wp\/v2\/categories?post=436651"},{"taxonomy":"post_tag","embeddable":true,"href":"https:\/\/www.europesays.com\/fr\/wp-json\/wp\/v2\/tags?post=436651"}],"curies":[{"name":"wp","href":"https:\/\/api.w.org\/{rel}","templated":true}]}}