{"id":436667,"date":"2025-10-03T17:23:20","date_gmt":"2025-10-03T17:23:20","guid":{"rendered":"https:\/\/www.europesays.com\/fr\/436667\/"},"modified":"2025-10-03T17:23:20","modified_gmt":"2025-10-03T17:23:20","slug":"pourquoi-cette-note-de-0-10-devrait-vous-inquieter","status":"publish","type":"post","link":"https:\/\/www.europesays.com\/fr\/436667\/","title":{"rendered":"pourquoi cette note de 0\/10 devrait vous inqui\u00e9ter"},"content":{"rendered":"<p>iFixit attribue 0 sur 10 aux AirPods Pro 3 d\u2019Apple pour leur r\u00e9parabilit\u00e9. Impossible de changer la batterie du bo\u00eetier sans le d\u00e9truire, tr\u00e8s difficile d\u2019acc\u00e9der \u00e0 celle des \u00e9couteurs. \u00c0 249 euros, ces \u00e9couteurs deviennent des d\u00e9chets \u00e9lectroniques d\u00e8s qu\u2019un composant l\u00e2che.<\/p>\n<p><a target=\"_blank\" href=\"https:\/\/images.frandroid.com\/wp-content\/uploads\/2025\/10\/we-tore-down-the-airpods-pro-3-and-heres-the-ugly-truth-3-44-screenshot.jpg\" class=\"article-content__figure\" rel=\"noopener\"><img fetchpriority=\"high\" decoding=\"async\" loading=\"eager\" width=\"1200\" height=\"675\" src=\"https:\/\/www.europesays.com\/fr\/wp-content\/uploads\/2025\/10\/we-tore-down-the-airpods-pro-3-and-heres-the-ugly-truth-3-44-screenshot.jpg\" alt=\"\" class=\"wp-image-2815867 wp-image wp-image\"  \/><\/a>Source : iFixit<\/p>\n<p>iFixit vient de d\u00e9monter les AirPods Pro 3 et le verdict tombe sans appel : 0 sur 10 pour la r\u00e9parabilit\u00e9. Impossible de remplacer la batterie du bo\u00eetier sans le d\u00e9truire, tr\u00e8s difficile d\u2019acc\u00e9der \u00e0 celle des \u00e9couteurs sans d\u00e9g\u00e2ts esth\u00e9tiques permanents. <\/p>\n<p>Apple am\u00e9liore l\u2019\u00e9tanch\u00e9it\u00e9 et ajoute un capteur de fr\u00e9quence cardiaque, mais transforme ses \u00e9couteurs \u00e0 249 euros en d\u00e9chets \u00e9lectroniques programm\u00e9s d\u00e8s qu\u2019un composant l\u00e2che.<\/p>\n<p>Un d\u00e9montage qui vire au carnage<\/p>\n<p><a target=\"_blank\" href=\"https:\/\/youtu.be\/MOsjsjvzp2E\" rel=\"noopener\">La vid\u00e9o iFixit<\/a> montre la r\u00e9alit\u00e9 du processus : chaleur, force, traces visibles sur le plastique. Pour ouvrir les \u00e9couteurs, il faut attaquer la couture coll\u00e9e en esp\u00e9rant ne pas tout casser. Une fois \u00e0 l\u2019int\u00e9rieur, la batterie de 58 mAh se connecte via un connecteur plut\u00f4t qu\u2019en soudure directe, ce qui repr\u00e9sente le seul point positif. Techniquement rempla\u00e7able si vous acceptez un bo\u00eetier ab\u00eem\u00e9.<\/p>\n<p><a target=\"_blank\" href=\"https:\/\/images.frandroid.com\/wp-content\/uploads\/2025\/10\/we-tore-down-the-airpods-pro-3-and-heres-the-ugly-truth-1-54-screenshot.jpg\" class=\"article-content__figure\" rel=\"noopener\"><img loading=\"lazy\" decoding=\"async\" width=\"1200\" height=\"675\" src=\"https:\/\/www.europesays.com\/fr\/wp-content\/uploads\/2025\/10\/we-tore-down-the-airpods-pro-3-and-heres-the-ugly-truth-1-54-screenshot-1200x675.jpg\" alt=\"\" class=\"wp-image-2815869 wp-image\"  \/><\/a><\/p>\n<p>Le reste devient impossible. Haut-parleur, carte m\u00e8re, microphones : iFixit n\u2019a pas pu les changer sans d\u00e9truire les AirPods. Le bo\u00eetier de charge fait encore pire. L\u2019\u00e9quipe n\u2019a m\u00eame pas r\u00e9ussi \u00e0 l\u2019ouvrir sans le d\u00e9molir, ce qui rend sa batterie de 344 mAh compl\u00e8tement inaccessible. Si le bo\u00eetier meurt, direction l\u2019achat d\u2019un neuf.<\/p>\n<p>Et pourtant une alternative existe : les <a href=\"https:\/\/www.frandroid.com\/marques\/fairphone\/1985564_test-des-fairphone-fairbuds-des-ecouteurs-eco-responsables-et-reparables\" target=\"_blank\" rel=\"noopener\">Fairphone Fairbuds<\/a> \u00e0 129 euros, con\u00e7us pour \u00eatre d\u00e9mont\u00e9s facilement, ou m\u00eame certains mod\u00e8les Samsung qui permettent au moins quelques interventions basiques. Apple a fait des choix de conception qui privil\u00e9gient l\u2019\u00e9tanch\u00e9it\u00e9 et la miniaturisation au d\u00e9triment total de la durabilit\u00e9.<\/p>\n<p class=\"bottom-text\">                <a href=\"https:\/\/www.youtube.com\/watch?v=MOsjsjvzp2E\" target=\"_blank\" rel=\"noopener\">Lien YouTube<\/a>                                    <a href=\"https:\/\/www.youtube.com\/subscription_center?add_user=FrAndroidTube\" target=\"_blank\" rel=\"noopener\">S\u2019abonner \u00e0 Frandroid<\/a>                            <\/p>\n<p>                Ce contenu est bloqu\u00e9 car vous n\u2019avez pas accept\u00e9 les cookies et autres traceurs. Ce contenu est fourni par YouTube.<br \/>Pour pouvoir le visualiser, vous devez accepter l\u2019usage \u00e9tant op\u00e9r\u00e9 par YouTube avec vos donn\u00e9es qui pourront \u00eatre utilis\u00e9es pour les finalit\u00e9s suivantes : vous permettre de visualiser et de partager des contenus avec des m\u00e9dias sociaux, favoriser le d\u00e9veloppement et l\u2019am\u00e9lioration des produits d\u2019Humanoid et de ses partenaires, vous afficher des publicit\u00e9s personnalis\u00e9es par rapport \u00e0 votre profil et activit\u00e9, vous d\u00e9finir un profil publicitaire personnalis\u00e9, mesurer la performance des publicit\u00e9s et du contenu de ce site et mesurer l\u2019audience de ce site <a href=\"#\" class=\"js-privacy\" target=\"_blank\">(en savoir plus)<\/a>            <\/p>\n<p>                En cliquant sur \u00ab J\u2019accepte tout \u00bb, vous consentez aux finalit\u00e9s susmentionn\u00e9es pour l\u2019ensemble des cookies et autres traceurs d\u00e9pos\u00e9s par Humanoid et <a class=\"embed-consent-overlay-vendors-link\" href=\"#preferences-vendeurs\">ses partenaires<\/a>.            <\/p>\n<p>                Vous gardez la possibilit\u00e9 de retirer votre consentement \u00e0 tout moment. Pour plus d\u2019informations, nous vous invitons \u00e0 prendre connaissance de notre <a href=\"https:\/\/www.frandroid.com\/politique-cookies\" target=\"_blank\" rel=\"noopener\">Politique cookies<\/a>.            <\/p>\n<p>            J\u2019accepte tout        <\/p>\n<p class=\"embed-consent-overlay-manage-choices\">            <a href=\"#preferences-publicitaires\">G\u00e9rer mes choix<\/a>        <\/p>\n<p>L\u2019\u00e9tanch\u00e9it\u00e9 comme justification<\/p>\n<p>Les AirPods Pro 3 deviennent enfin totalement \u00e9tanches, une premi\u00e8re pour la gamme. Cette certification n\u00e9cessite des joints, de la colle, des assemblages serr\u00e9s qui compliquent \u00e9videmment la r\u00e9paration. Apple pourrait arguer que l\u2019utilisateur b\u00e9n\u00e9ficie d\u2019une meilleure protection contre l\u2019eau et la transpiration en \u00e9change de cette irr\u00e9parabilit\u00e9.<\/p>\n<p><a target=\"_blank\" href=\"https:\/\/images.frandroid.com\/wp-content\/uploads\/2025\/10\/we-tore-down-the-airpods-pro-3-and-heres-the-ugly-truth-0-24-screenshot.jpg\" class=\"article-content__figure\" rel=\"noopener\"><img loading=\"lazy\" decoding=\"async\" width=\"1200\" height=\"675\" src=\"https:\/\/www.europesays.com\/fr\/wp-content\/uploads\/2025\/10\/we-tore-down-the-airpods-pro-3-and-heres-the-ugly-truth-0-24-screenshot-1200x675.jpg\" alt=\"\" class=\"wp-image-2815871 wp-image\"  \/><\/a><\/p>\n<p>Sauf que d\u2019autres fabricants arrivent \u00e0 combiner r\u00e9sistance \u00e0 l\u2019eau et r\u00e9parabilit\u00e9 relative. Pas au m\u00eame niveau d\u2019\u00e9tanch\u00e9it\u00e9 peut-\u00eatre, mais avec un compromis plus raisonnable entre protection et dur\u00e9e de vie. Apple fait un choix d\u00e9lib\u00e9r\u00e9 : maximiser les performances et l\u2019int\u00e9gration au d\u00e9triment de tout le reste.<\/p>\n<p>Le capteur de fr\u00e9quence cardiaque int\u00e9gr\u00e9 ajoute de la complexit\u00e9. Plus de composants dans un espace d\u00e9j\u00e0 contraint signifie encore moins de place pour des syst\u00e8mes de fixation r\u00e9versibles ou des batteries accessibles. Chaque am\u00e9lioration fonctionnelle r\u00e9duit les possibilit\u00e9s de r\u00e9paration future.<\/p>\n<p>Le cycle de remplacement encourag\u00e9<\/p>\n<p>Une batterie lithium-ion d\u2019\u00e9couteurs tient environ 500 cycles de charge avant de perdre significativement en capacit\u00e9. Pour quelqu\u2019un qui recharge tous les deux jours, cela donne environ trois ans d\u2019utilisation optimale. Apr\u00e8s, l\u2019autonomie baisse progressivement jusqu\u2019\u00e0 devenir g\u00eanante. Sur des AirPods Pro 3 \u00e0 249 euros, cette obsolescence programm\u00e9e par la chimie pose probl\u00e8me.<\/p>\n<p>Apple propose un programme de remplacement de batterie \u00e0 49 dollars par \u00e9couteur aux \u00c9tats-Unis. Mais ce service n\u2019existe que dans certains pays et consiste souvent \u00e0 remplacer l\u2019appareil entier plut\u00f4t qu\u2019\u00e0 changer r\u00e9ellement la batterie. L\u2019ancien appareil part probablement au recyclage.<\/p>\n<p>Les utilisateurs se retrouvent face \u00e0 un calcul simple : payer environ 100 euros pour \u00ab\u00a0r\u00e9parer\u00a0\u00bb des \u00e9couteurs qui valent 249 neufs, sachant que les mod\u00e8les de nouvelle g\u00e9n\u00e9ration sortiront bient\u00f4t avec de meilleures fonctionnalit\u00e9s. Beaucoup choisissent logiquement le remplacement complet, ce qui alimente le cycle de consommation qu\u2019Apple ma\u00eetrise parfaitement.<\/p>\n<p>L\u2019Europe commence \u00e0 r\u00e9agir<\/p>\n<p><a href=\"https:\/\/www.frandroid.com\/produits-android\/tv-connectee-produits\/855297_le-droit-a-reparation-impose-dans-lunion-europeenne-votre-tv-doit-durer-au-moins-10-ans\" target=\"_blank\" rel=\"noopener\">La directive europ\u00e9enne sur le droit \u00e0 la r\u00e9paration, entr\u00e9e en vigueur en 2024<\/a>, impose progressivement des obligations aux fabricants. Les smartphones et tablettes doivent d\u00e9sormais proposer des pi\u00e8ces d\u00e9tach\u00e9es pendant plusieurs ann\u00e9es. Mais les \u00e9couteurs sans fil \u00e9chappent encore largement \u00e0 cette r\u00e9gulation.<\/p>\n<p>La Commission europ\u00e9enne \u00e9tudie l\u2019extension de ces r\u00e8gles aux petits appareils \u00e9lectroniques. Si cela se concr\u00e9tise, Apple devrait soit concevoir des AirPods r\u00e9parables, soit payer des amendes, soit se retirer de certains march\u00e9s. Le lobbying intense des fabricants retarde ces \u00e9volutions, mais la pression monte.<\/p>\n<p><a target=\"_blank\" href=\"https:\/\/images.frandroid.com\/wp-content\/uploads\/2025\/10\/image-25.jpg\" class=\"article-content__figure\" rel=\"noopener\"><img loading=\"lazy\" decoding=\"async\" width=\"1200\" height=\"677\" src=\"https:\/\/www.europesays.com\/fr\/wp-content\/uploads\/2025\/10\/image-25-1200x677.jpg\" alt=\"\" class=\"wp-image-2815873 wp-image\"  \/><\/a><\/p>\n<p>La France impose depuis 2021 <a href=\"https:\/\/www.frandroid.com\/culture-tech\/842325_indice-de-reparabilite-tout-savoir\" target=\"_blank\" rel=\"noopener\">un indice de r\u00e9parabilit\u00e9<\/a> affich\u00e9 en magasin. Les AirPods Pro 3 obtiendraient probablement une note catastrophique, ce qui informerait au moins les consommateurs du probl\u00e8me avant l\u2019achat. Reste \u00e0 voir si cette transparence modifie r\u00e9ellement les comportements d\u2019achat ou si la marque Apple reste suffisamment puissante pour que les gens ach\u00e8tent malgr\u00e9 tout.<\/p>\n<p>Le paradoxe environnemental d\u2019Apple<\/p>\n<p>Apple communique <a target=\"_blank\" href=\"https:\/\/www.apple.com\/fr\/newsroom\/2025\/04\/apple-surpasses-60-percent-reduction-in-global-greenhouse-gas-emissions\/#:~:text=Apple%20a%20annonc%C3%A9%20aujourd&#039;hui,les%20cinq%20ann%C3%A9es%20%C3%A0%20venir.\" rel=\"noopener\">massivement<\/a> sur ses objectifs de neutralit\u00e9 carbone, ses usines aliment\u00e9es aux \u00e9nergies renouvelables, ses emballages sans plastique. La marque met en avant son programme de recyclage et l\u2019utilisation de mat\u00e9riaux recycl\u00e9s dans ses produits. Mais cette strat\u00e9gie environnementale s\u2019arr\u00eate brutalement devant la question de la r\u00e9parabilit\u00e9.<\/p>\n<p><a target=\"_blank\" href=\"https:\/\/www.europesays.com\/fr\/wp-content\/uploads\/2025\/10\/1759512200_525_image.png\" class=\"article-content__figure\"><img loading=\"lazy\" decoding=\"async\" width=\"653\" height=\"367\" src=\"https:\/\/www.europesays.com\/fr\/wp-content\/uploads\/2025\/10\/1759512200_525_image.png\" alt=\"\" class=\"wp-image-2815877 wp-image\"  \/><\/a><\/p>\n<p>Recycler n\u00e9cessite de l\u2019\u00e9nergie, du transport, des processus industriels. R\u00e9parer un appareil existant consomme infiniment moins de ressources que d\u2019en fabriquer un neuf avec des mat\u00e9riaux recycl\u00e9s. Apple le sait parfaitement mais continue de concevoir des produits \u00e0 dur\u00e9e de vie limit\u00e9e par design.<\/p>\n<p>Le calcul \u00e9conomique reste simple : des produits irr\u00e9parables garantissent un flux constant de renouvellement. Les marges sur les AirPods sont consid\u00e9rables. Permettre des r\u00e9parations faciles et abordables cannibaliserait les ventes de nouveaux mod\u00e8les. L\u2019environnement passe apr\u00e8s la rentabilit\u00e9, malgr\u00e9 le discours marketing contraire.<\/p>\n<p>Les <a href=\"https:\/\/www.frandroid.com\/produits\/audio-casques-ecouteurs\/fairphone\/1984144-fairphone-fairbuds\" target=\"_blank\" rel=\"noopener\">Fairphone Fairbuds<\/a> prouvent qu\u2019une alternative existe : \u00e9couteurs sans fil corrects, d\u00e9montables, batterie rempla\u00e7able, prix raisonnable. Ils ne b\u00e9n\u00e9ficient pas de l\u2019\u00e9cosyst\u00e8me Apple ni de l\u2019int\u00e9gration parfaite avec <a href=\"https:\/\/www.frandroid.com\/guide-dachat\/smartphones\/705312_meilleur-iphone\" target=\"_blank\" rel=\"noopener\">l\u2019iPhone<\/a>, mais ils durent potentiellement deux fois plus longtemps. Le march\u00e9 reste cependant minuscule compar\u00e9 \u00e0 celui d\u2019Apple.<\/p>\n<p>Apple ne changera probablement pas tant que la r\u00e9gulation ne l\u2019y forcera pas ou que les consommateurs ne voteront pas massivement avec leur portefeuille. Pour l\u2019instant, les AirPods Pro 3 se vendront par millions malgr\u00e9 leur note de 0\/10 chez iFixit, ce qui va perpetuer un mod\u00e8le \u00e9conomique profitable mais \u00e9cologiquement discutable.<\/p>\n<p>Envie de rejoindre une communaut\u00e9 de passionn\u00e9s ? <a href=\"https:\/\/discord.com\/invite\/frandroid-311789172149190657\" target=\"_blank\" rel=\"noopener\">Notre Discord<\/a> vous accueille, c\u2019est un lieu d\u2019entraide et de passion autour de la tech.<\/p>\n","protected":false},"excerpt":{"rendered":"iFixit attribue 0 sur 10 aux AirPods Pro 3 d\u2019Apple pour leur r\u00e9parabilit\u00e9. Impossible de changer la batterie&hellip;\n","protected":false},"author":2,"featured_media":436668,"comment_status":"","ping_status":"","sticky":false,"template":"","format":"standard","meta":{"footnotes":""},"categories":[7],"tags":[48290,56397,1011,27,43,40,41,39,42,44],"class_list":{"0":"post-436667","1":"post","2":"type-post","3":"status-publish","4":"format-standard","5":"has-post-thumbnail","7":"category-sciences-et-technologies","8":"tag-apple-airpods-pro-3","9":"tag-fairphone-fairbuds","10":"tag-fr","11":"tag-france","12":"tag-science","13":"tag-science-and-technology","14":"tag-sciences","15":"tag-sciences-et-technologies","16":"tag-technologies","17":"tag-technology"},"share_on_mastodon":{"url":"https:\/\/pubeurope.com\/@fr\/115311399521111135","error":""},"_links":{"self":[{"href":"https:\/\/www.europesays.com\/fr\/wp-json\/wp\/v2\/posts\/436667","targetHints":{"allow":["GET"]}}],"collection":[{"href":"https:\/\/www.europesays.com\/fr\/wp-json\/wp\/v2\/posts"}],"about":[{"href":"https:\/\/www.europesays.com\/fr\/wp-json\/wp\/v2\/types\/post"}],"author":[{"embeddable":true,"href":"https:\/\/www.europesays.com\/fr\/wp-json\/wp\/v2\/users\/2"}],"replies":[{"embeddable":true,"href":"https:\/\/www.europesays.com\/fr\/wp-json\/wp\/v2\/comments?post=436667"}],"version-history":[{"count":0,"href":"https:\/\/www.europesays.com\/fr\/wp-json\/wp\/v2\/posts\/436667\/revisions"}],"wp:featuredmedia":[{"embeddable":true,"href":"https:\/\/www.europesays.com\/fr\/wp-json\/wp\/v2\/media\/436668"}],"wp:attachment":[{"href":"https:\/\/www.europesays.com\/fr\/wp-json\/wp\/v2\/media?parent=436667"}],"wp:term":[{"taxonomy":"category","embeddable":true,"href":"https:\/\/www.europesays.com\/fr\/wp-json\/wp\/v2\/categories?post=436667"},{"taxonomy":"post_tag","embeddable":true,"href":"https:\/\/www.europesays.com\/fr\/wp-json\/wp\/v2\/tags?post=436667"}],"curies":[{"name":"wp","href":"https:\/\/api.w.org\/{rel}","templated":true}]}}