{"id":43667,"date":"2025-04-22T09:57:08","date_gmt":"2025-04-22T09:57:08","guid":{"rendered":"https:\/\/www.europesays.com\/fr\/43667\/"},"modified":"2025-04-22T09:57:08","modified_gmt":"2025-04-22T09:57:08","slug":"le-fleau-sous-estime-des-erreurs-de-diagnostic","status":"publish","type":"post","link":"https:\/\/www.europesays.com\/fr\/43667\/","title":{"rendered":"le fl\u00e9au sous-estim\u00e9 des erreurs de diagnostic"},"content":{"rendered":"<p>    Un\u00a0patient accueilli aux urgences sur 18 re\u00e7oit un mauvais diagnostic, qui se traduit par un effet ind\u00e9sirable pour 1\u00a0personne sur 50 et un handicap s\u00e9v\u00e8re voire le d\u00e9c\u00e8s pour 1\u00a0patient sur 350.<br \/>\n                PHOTOPQR\/LA PROVENCE\/MAXPPP<\/p>\n<p><strong>ENQU\u00caTE &#8211; <\/strong>Jusqu\u2019\u00e0 10\u00a0% des interactions cliniques entre patients et m\u00e9decins aboutissent \u00e0 une mauvaise interpr\u00e9tation des sympt\u00f4mes, provoquant errances m\u00e9dicales, pertes de chance et souffrances psychologiques.<\/p>\n<p class=\"fig-paragraph\">Toutes les pi\u00e8ces du puzzle \u00e9taient sur le bureau du rhumatologue d\u00e8s avril 2019\u00a0: la violente douleur dans l\u2019\u00e9paule qui amenait Eva* en consultation, un \u00e9panchement important r\u00e9v\u00e9l\u00e9 par\u00a0<a href=\"http:\/\/sante.lefigaro.fr\/medecine\/scanner-irm-radiographie-dans-quels-cas-ces-examens-doivent-ils-etre-utilises-20241230\" data-fig-type=\"Article\" data-gtm-custom-categorie=\"navigation\" data-gtm-custom-action=\"crossclick\" data-gtm-custom-label=\"Contextuel\" data-gtm-event=\"customEventSPE\" data-fig-domain=\"SANTE\" target=\"_blank\" rel=\"noopener\">IRM<\/a>\u00a0et une\u00a0<a href=\"http:\/\/sante.lefigaro.fr\/medecine\/cholesterol-triglycerides-a-quoi-servent-ces-prises-de-sang-qu-on-nous-prescrit-souvent-20240610\" data-fig-type=\"Article\" data-gtm-custom-categorie=\"navigation\" data-gtm-custom-action=\"crossclick\" data-gtm-custom-label=\"Contextuel\" data-gtm-event=\"customEventSPE\" data-fig-domain=\"SANTE\" target=\"_blank\" rel=\"noopener\">prise de sang<\/a>. \u00ab\u00a0Je ne saurai jamais pourquoi il n\u2019a pas pris en compte les r\u00e9sultats d\u2019analyse, confie la patiente. Les a-t-il lus\u00a0? Les marqueurs de l\u2019inflammation qui allait d\u00e9truire mes articulations \u00e0 petit feu \u00e9taient pourtant au rouge. Le diagnostic de\u00a0<a href=\"https:\/\/sante.lefigaro.fr\/article\/des-articulations-raides-et-douloureuses-symptomes-d-une-polyarthrite-rhumatoide\/\" data-fig-type=\"Article\" data-gtm-custom-categorie=\"navigation\" data-gtm-custom-action=\"crossclick\" data-gtm-custom-label=\"Contextuel\" data-gtm-event=\"customEventSPE\" data-fig-domain=\"SANTE\" target=\"_blank\" rel=\"noopener\">polyarthrite rhumato\u00efde<\/a> \u00a0\u00e9tait sous ses yeux.\u00a0\u00bb Mais le sp\u00e9cialiste penche plut\u00f4t pour une algodystrophie, un syndrome douloureux souvent caus\u00e9 par un traumatisme. Il prescrit une ponction du liquide accumul\u00e9 dans l\u2019\u00e9paule, des s\u00e9ances de kin\u00e9 et des\u00a0<a href=\"http:\/\/www.lefigaro.fr\/actualite-france\/l-inquietante-hausse-de-la-consommation-d-antidepresseurs-chez-les-jeunes-20240903\" data-fig-type=\"Article\" data-gtm-custom-categorie=\"navigation\" data-gtm-custom-action=\"crossclick\" data-gtm-custom-label=\"Contextuel\" data-gtm-event=\"customEventSPE\" data-fig-domain=\"LEFIGARO\" target=\"_blank\" rel=\"noopener\">antid\u00e9presseurs<\/a>.<\/p>\n<p class=\"fig-paragraph\">\u00ab\u00a0Il pensait que j\u2019\u00e9tais fragile psychologiquement, t\u00e9moigne la m\u00e8re c\u00e9libataire de 39\u00a0ans. Quelques mois plus tard, comme la douleur ne passait pas, il m\u2019a propos\u00e9 des opio\u00efdes et un traitement anti\u00e9pileptique. Entre-temps, un autre \u00e9panchement \u00e9tait apparu dans\u2026<\/p>\n<p class=\"fig-premium-paywall__infos\">\n        Cet article est r\u00e9serv\u00e9 aux abonn\u00e9s.        Il vous reste 89% \u00e0 d\u00e9couvrir.\n    <\/p>\n<p>                <img  data- alt=\"Le Figaro\" class=\"fig-img--complete fig-img\"\/><\/p>\n<p class=\"fig-premium-paywall__title\">Vous avez envie de lire la suite ?<\/p>\n<p class=\"fig-premium-paywall__subtitle\">D\u00e9bloquez tous les articles imm\u00e9diatement.<\/p>\n<p class=\"fig-premium-paywall__connect\">\n                D\u00e9j\u00e0 abonn\u00e9\u00a0?                <a class=\"fig-premium-paywall__connect-link\" href=\"https:\/\/connect.lefigaro.fr\/login?client=sante_web&amp;type=main&amp;redirect_uri=https%3A%2F%2Fsante.lefigaro.fr%2Fmedecine%2Fj-ai-fini-par-croire-que-j-etais-folle-le-fleau-sous-estime-des-erreurs-de-diagnostic-20250422\" data-js-gtm=\"{&quot;customCategorie&quot;: &quot;conversion&quot;, &quot;customAction&quot;: &quot;before_Landing_Connexion_paywall_auto&quot;, &quot;customLabel&quot;: &quot;c2FudGUubGVmaWdhcm8uZnJfXzFmMDFhZGJiLTJiYjMtNjM2Yy1iZjdjLTExNjVkZmE0NmE0NV9fQXJ0aWNsZQ==_\u00ab\u00a0J\u2019ai fini par croire que j\u2019\u00e9tais folle\u00a0\u00bb\u00a0: le fl\u00e9au sous-estim\u00e9 des erreurs de diagnostic_260&quot;, &quot;customIDSPE&quot;: &quot;c2FudGUubGVmaWdhcm8uZnJfXzFmMDFhZGJiLTJiYjMtNjM2Yy1iZjdjLTExNjVkZmE0NmE0NV9fQXJ0aWNsZQ==&quot;, &quot;event&quot;: &quot;customEventSPE&quot;}\" target=\"_blank\" rel=\"noopener\"><br \/>\n                    Connectez-vous<br \/>\n                <\/a>\n            <\/p>\n","protected":false},"excerpt":{"rendered":"Un\u00a0patient accueilli aux urgences sur 18 re\u00e7oit un mauvais diagnostic, qui se traduit par un effet ind\u00e9sirable pour&hellip;\n","protected":false},"author":2,"featured_media":43668,"comment_status":"","ping_status":"","sticky":false,"template":"","format":"standard","meta":{"footnotes":""},"categories":[10],"tags":[237,101,232,231,234,228,1011,27,72,239,230,238,226,224,225,233,229,236,235,71,227],"class_list":{"0":"post-43667","1":"post","2":"type-post","3":"status-publish","4":"format-standard","5":"has-post-thumbnail","7":"category-sante","8":"tag-actualite-sur-les-maladies","9":"tag-cancer","10":"tag-cardiologie","11":"tag-cerveau","12":"tag-diabete","13":"tag-diagnostic","14":"tag-fr","15":"tag-france","16":"tag-health","17":"tag-info-sur-les-maladies","18":"tag-infographie","19":"tag-information-sur-les-maladies","20":"tag-maladie","21":"tag-medecine","22":"tag-medicament","23":"tag-obesite","24":"tag-pathologie","25":"tag-pediatrie","26":"tag-psychiatrie","27":"tag-sante","28":"tag-traitement"},"share_on_mastodon":{"url":"https:\/\/pubeurope.com\/@fr\/114381025685311676","error":""},"_links":{"self":[{"href":"https:\/\/www.europesays.com\/fr\/wp-json\/wp\/v2\/posts\/43667","targetHints":{"allow":["GET"]}}],"collection":[{"href":"https:\/\/www.europesays.com\/fr\/wp-json\/wp\/v2\/posts"}],"about":[{"href":"https:\/\/www.europesays.com\/fr\/wp-json\/wp\/v2\/types\/post"}],"author":[{"embeddable":true,"href":"https:\/\/www.europesays.com\/fr\/wp-json\/wp\/v2\/users\/2"}],"replies":[{"embeddable":true,"href":"https:\/\/www.europesays.com\/fr\/wp-json\/wp\/v2\/comments?post=43667"}],"version-history":[{"count":0,"href":"https:\/\/www.europesays.com\/fr\/wp-json\/wp\/v2\/posts\/43667\/revisions"}],"wp:featuredmedia":[{"embeddable":true,"href":"https:\/\/www.europesays.com\/fr\/wp-json\/wp\/v2\/media\/43668"}],"wp:attachment":[{"href":"https:\/\/www.europesays.com\/fr\/wp-json\/wp\/v2\/media?parent=43667"}],"wp:term":[{"taxonomy":"category","embeddable":true,"href":"https:\/\/www.europesays.com\/fr\/wp-json\/wp\/v2\/categories?post=43667"},{"taxonomy":"post_tag","embeddable":true,"href":"https:\/\/www.europesays.com\/fr\/wp-json\/wp\/v2\/tags?post=43667"}],"curies":[{"name":"wp","href":"https:\/\/api.w.org\/{rel}","templated":true}]}}