{"id":436673,"date":"2025-10-03T17:26:10","date_gmt":"2025-10-03T17:26:10","guid":{"rendered":"https:\/\/www.europesays.com\/fr\/436673\/"},"modified":"2025-10-03T17:26:10","modified_gmt":"2025-10-03T17:26:10","slug":"ce-que-revelent-et-ce-que-cachent-les-chiffres-publies-par-anne-hidalgo-sur-les-maires-darrondissement","status":"publish","type":"post","link":"https:\/\/www.europesays.com\/fr\/436673\/","title":{"rendered":"ce que r\u00e9v\u00e8lent et ce que cachent les chiffres publi\u00e9s par Anne Hidalgo sur les maires d\u2019arrondissement"},"content":{"rendered":"<p><strong>D\u00c9CRYPTAGE &#8211;<\/strong> L\u2019H\u00f4tel de ville a publi\u00e9 cette semaine le montant des notes de frais des maires des arrondissements de Paris dans un souci de \u00abtransparence\u00bb. Un exercice incomplet, toutefois.<\/p>\n<p class=\"fig-paragraph\">Op\u00e9ration mains propres pour Paris. Quelques jours apr\u00e8s les\u00a0<a href=\"http:\/\/www.lefigaro.fr\/politique\/de-polemique-en-discredit-la-fin-de-regne-crepusculaire-d-anne-hidalgo-a-la-mairie-de-paris-20251002\" data-fig-type=\"Article\" data-gtm-custom-categorie=\"navigation\" data-gtm-custom-action=\"crossclick\" data-gtm-custom-label=\"Contextuel\" data-gtm-event=\"customEventSPE\" data-fig-domain=\"LEFIGARO\" target=\"_blank\" rel=\"noopener\">pol\u00e9miques sur les notes de frais d\u2019Anne Hidalgo\u00a0<\/a>et celles du maire du 18e Eric Lejoindre, l\u2019H\u00f4tel de ville riposte. Ce jeudi 2 octobre, les services de la municipalit\u00e9 ont publi\u00e9, dans un communiqu\u00e9, \u00abun \u00e9tat d\u00e9taill\u00e9 des indemnit\u00e9s vers\u00e9es aux \u00e9lus municipaux ainsi que des frais de repr\u00e9sentation engag\u00e9s par la Maire de Paris et les Maires d\u2019arrondissement dans l\u2019exercice de leurs fonctions\u00bb. Des donn\u00e9es qui r\u00e9v\u00e8lent certaines tendances, mais une op\u00e9ration de \u00abtransparence\u00bb encore incompl\u00e8te.<\/p>\n<p class=\"fig-paragraph\">Si la mairie fait valoir son \u00absouci constant de transparence et de responsabilit\u00e9\u00bb, la publication m\u00eame de ces documents n\u2019a pas fait l\u2019unanimit\u00e9 chez les maires d\u2019arrondissement, selon nos\u2026<\/p>\n<p class=\"fig-premium-paywall__infos\">\n        Cet article est r\u00e9serv\u00e9 aux abonn\u00e9s.        Il vous reste 89% \u00e0 d\u00e9couvrir.\n    <\/p>\n<p>                <img  data- alt=\"Le Figaro\" class=\"fig-img--complete fig-img\"\/><\/p>\n<p class=\"fig-premium-paywall__title\">Vous avez envie de lire la suite ?<\/p>\n<p class=\"fig-premium-paywall__subtitle\">D\u00e9bloquez tous les articles imm\u00e9diatement.<\/p>\n<p class=\"fig-premium-paywall__connect\">\n                D\u00e9j\u00e0 abonn\u00e9\u00a0?                <a class=\"fig-premium-paywall__connect-link\" href=\"https:\/\/connect.lefigaro.fr\/login?client=horizon_web&amp;type=main&amp;redirect_uri=https%3A%2F%2Fwww.lefigaro.fr%2Fconjoncture%2Fnotes-de-frais-ce-que-revelent-et-ce-que-cachent-les-chiffres-publies-par-anne-hidalgo-sur-les-maires-d-arrondissements-20251003\" data-js-gtm=\"{&quot;customCategorie&quot;: &quot;conversion&quot;, &quot;customAction&quot;: &quot;before_Landing_Connexion_paywall_manuel&quot;, &quot;customLabel&quot;: &quot;bGVmaWdhcm8uZnJfXzFmMGEwNDc2LTNlMGQtNjNiOC05Nzc2LTBiM2QzZTQ5NzNlZl9fTmV3c0ZsYXNo_Notes de frais\u00a0: ce que r\u00e9v\u00e8lent et ce que cachent les chiffres publi\u00e9s par Anne Hidalgo sur les maires d\u2019arrondissement_188&quot;, &quot;customIDSPE&quot;: &quot;bGVmaWdhcm8uZnJfXzFmMGEwNDc2LTNlMGQtNjNiOC05Nzc2LTBiM2QzZTQ5NzNlZl9fTmV3c0ZsYXNo&quot;, &quot;event&quot;: &quot;customEventSPE&quot;}\" target=\"_blank\" rel=\"noopener\"><br \/>\n                    Connectez-vous<br \/>\n                <\/a>\n            <\/p>\n","protected":false},"excerpt":{"rendered":"D\u00c9CRYPTAGE &#8211; L\u2019H\u00f4tel de ville a publi\u00e9 cette semaine le montant des notes de frais des maires des&hellip;\n","protected":false},"author":2,"featured_media":436674,"comment_status":"","ping_status":"","sticky":false,"template":"","format":"standard","meta":{"footnotes":""},"categories":[4],"tags":[11,2618,1011,27,2381,12,316,25],"class_list":{"0":"post-436673","1":"post","2":"type-post","3":"status-publish","4":"format-standard","5":"has-post-thumbnail","7":"category-france","8":"tag-actualites","9":"tag-anne-hidalgo","10":"tag-fr","11":"tag-france","12":"tag-mairie-de-paris","13":"tag-news","14":"tag-politique","15":"tag-republique-francaise"},"share_on_mastodon":{"url":"https:\/\/pubeurope.com\/@fr\/115311410208751964","error":""},"_links":{"self":[{"href":"https:\/\/www.europesays.com\/fr\/wp-json\/wp\/v2\/posts\/436673","targetHints":{"allow":["GET"]}}],"collection":[{"href":"https:\/\/www.europesays.com\/fr\/wp-json\/wp\/v2\/posts"}],"about":[{"href":"https:\/\/www.europesays.com\/fr\/wp-json\/wp\/v2\/types\/post"}],"author":[{"embeddable":true,"href":"https:\/\/www.europesays.com\/fr\/wp-json\/wp\/v2\/users\/2"}],"replies":[{"embeddable":true,"href":"https:\/\/www.europesays.com\/fr\/wp-json\/wp\/v2\/comments?post=436673"}],"version-history":[{"count":0,"href":"https:\/\/www.europesays.com\/fr\/wp-json\/wp\/v2\/posts\/436673\/revisions"}],"wp:featuredmedia":[{"embeddable":true,"href":"https:\/\/www.europesays.com\/fr\/wp-json\/wp\/v2\/media\/436674"}],"wp:attachment":[{"href":"https:\/\/www.europesays.com\/fr\/wp-json\/wp\/v2\/media?parent=436673"}],"wp:term":[{"taxonomy":"category","embeddable":true,"href":"https:\/\/www.europesays.com\/fr\/wp-json\/wp\/v2\/categories?post=436673"},{"taxonomy":"post_tag","embeddable":true,"href":"https:\/\/www.europesays.com\/fr\/wp-json\/wp\/v2\/tags?post=436673"}],"curies":[{"name":"wp","href":"https:\/\/api.w.org\/{rel}","templated":true}]}}