{"id":436683,"date":"2025-10-03T17:31:20","date_gmt":"2025-10-03T17:31:20","guid":{"rendered":"https:\/\/www.europesays.com\/fr\/436683\/"},"modified":"2025-10-03T17:31:20","modified_gmt":"2025-10-03T17:31:20","slug":"les-espoirs-en-quete-dune-premiere-victoire","status":"publish","type":"post","link":"https:\/\/www.europesays.com\/fr\/436683\/","title":{"rendered":"les espoirs en qu\u00eate d\u2019une premi\u00e8re victoire"},"content":{"rendered":"<p>Battus sur le fil sur le parquet de l\u2019ASVEL en ouverture (72-70), samedi dernier, les espoirs du SLUC vont tenter de lancer leur saison \u00e0 Gentilly, ce samedi (17h), face \u00e0 Bourg-en-Bresse. Lynden Dayas, la recrue nanc\u00e9ienne arriv\u00e9e sur le tard (en provenance de Blue Checks College, aux \u00c9tats-Unis) et ses co\u00e9quipiers vont sans doute devoir afficher un peu plus de rigueur (21 balles perdues\u00a0et 11 sur 20 aux lancers francs, \u00e0 Villeurbanne) pour bousculer une formation de Bourg-en-Bresse qui s\u2019est impos\u00e9e sur le terrain de Limoges, lors de sa premi\u00e8re sortie (77-93).<\/p>\n","protected":false},"excerpt":{"rendered":"Battus sur le fil sur le parquet de l\u2019ASVEL en ouverture (72-70), samedi dernier, les espoirs du SLUC&hellip;\n","protected":false},"author":2,"featured_media":436684,"comment_status":"","ping_status":"","sticky":false,"template":"","format":"standard","meta":{"footnotes":""},"categories":[9635],"tags":[1111,11,1791,1704,1777,674,1011,27,775,1702,1703,12,25,11567,517,1700],"class_list":{"0":"post-436683","1":"post","2":"type-post","3":"status-publish","4":"format-standard","5":"has-post-thumbnail","7":"category-nancy","8":"tag-actu","9":"tag-actualites","10":"tag-basket-ball","11":"tag-edition-nancy-et-agglomeration","12":"tag-eu","13":"tag-europe","14":"tag-fr","15":"tag-france","16":"tag-grand-est","17":"tag-nancy","18":"tag-nancy-ville-54b","19":"tag-news","20":"tag-republique-francaise","21":"tag-sluc","22":"tag-sport","23":"tag-sport-lorrain"},"share_on_mastodon":{"url":"https:\/\/pubeurope.com\/@fr\/115311429802602055","error":""},"_links":{"self":[{"href":"https:\/\/www.europesays.com\/fr\/wp-json\/wp\/v2\/posts\/436683","targetHints":{"allow":["GET"]}}],"collection":[{"href":"https:\/\/www.europesays.com\/fr\/wp-json\/wp\/v2\/posts"}],"about":[{"href":"https:\/\/www.europesays.com\/fr\/wp-json\/wp\/v2\/types\/post"}],"author":[{"embeddable":true,"href":"https:\/\/www.europesays.com\/fr\/wp-json\/wp\/v2\/users\/2"}],"replies":[{"embeddable":true,"href":"https:\/\/www.europesays.com\/fr\/wp-json\/wp\/v2\/comments?post=436683"}],"version-history":[{"count":0,"href":"https:\/\/www.europesays.com\/fr\/wp-json\/wp\/v2\/posts\/436683\/revisions"}],"wp:featuredmedia":[{"embeddable":true,"href":"https:\/\/www.europesays.com\/fr\/wp-json\/wp\/v2\/media\/436684"}],"wp:attachment":[{"href":"https:\/\/www.europesays.com\/fr\/wp-json\/wp\/v2\/media?parent=436683"}],"wp:term":[{"taxonomy":"category","embeddable":true,"href":"https:\/\/www.europesays.com\/fr\/wp-json\/wp\/v2\/categories?post=436683"},{"taxonomy":"post_tag","embeddable":true,"href":"https:\/\/www.europesays.com\/fr\/wp-json\/wp\/v2\/tags?post=436683"}],"curies":[{"name":"wp","href":"https:\/\/api.w.org\/{rel}","templated":true}]}}