{"id":436695,"date":"2025-10-03T17:38:12","date_gmt":"2025-10-03T17:38:12","guid":{"rendered":"https:\/\/www.europesays.com\/fr\/436695\/"},"modified":"2025-10-03T17:38:12","modified_gmt":"2025-10-03T17:38:12","slug":"grenoble-une-fresque-en-hommage-a-lilian-dejean-sur-la-facade-de-la-dechetterie-jacquard","status":"publish","type":"post","link":"https:\/\/www.europesays.com\/fr\/436695\/","title":{"rendered":"Grenoble. Une fresque en hommage \u00e0 Lilian Dejean, sur la fa\u00e7ade de la d\u00e9chetterie Jacquard"},"content":{"rendered":"<p>\u00ab\u00a0Son sourire, son regard\u00a0; l\u2019artiste a su repr\u00e9senter mon fr\u00e8re\u00a0\u00bb, sourit simplement Jean-Marc Dejean, fr\u00e8re de Lilian.<\/p>\n<p>Il observe d\u2019un \u0153il rieur et \u00e9mu la fresque haute en couleur r\u00e9alis\u00e9e par l\u2019artiste Valoushka, sur la fa\u00e7ade de la d\u00e9chetterie de la rue Jacquard \u00e0 Grenoble, qui vient de rouvrir apr\u00e8s six mois de travaux de r\u00e9habilitation. \u00ab\u00a0C\u2019est un bel hommage. <a href=\"https:\/\/www.ledauphine.com\/societe\/2025\/07\/21\/une-fresque-en-hommage-a-lilian-dejean-sur-le-marche-de-l-estacade-comme-ca-il-n-aura-pas-totalement-disparu\" target=\"_blank\" rel=\"noopener\">D\u2019abord \u00e0 l\u2019Estacade<\/a>, ensuite ici, cela me fait plaisir de voir qu\u2019il continue d\u2019\u00eatre parmi nous\u00a0\u00bb, poursuit-il.<\/p>\n<p>\u00ab\u00a0J\u2019ai voulu repr\u00e9senter quelque chose de tr\u00e8s color\u00e9, j\u2019ai voulu montrer un Lilian rayonnant, car c\u2019est le mot sans cesse employ\u00e9 par sa famille, ses amis. C\u2019est pour cela qu\u2019il y a autant de couleurs, que c\u2019est aussi flashy\u00a0\u00bb, explique de son c\u00f4t\u00e9 l\u2019artiste Valouskha, Val\u00e9rie Fidalgo de son vrai nom. \u201cLes h\u00e9ros tombent, mais leur chute \u00e9l\u00e8ve les consciences\u201d, peut-on lire au centre de cette fresque. \u00ab\u00a0C\u2019est une citation de B\u00e9ni Emmanuel Bayis-Bakana, et j\u2019ai trouv\u00e9 qu\u2019elle \u00e9tait simple et repr\u00e9sentait exactement l\u2019acte de Lilian, un acte d\u00e9sint\u00e9ress\u00e9, pouss\u00e9 par de la gentillesse\u00a0\u00bb.<\/p>\n<p>Car Lilian Dejean, cadre au service de la propret\u00e9 urbaine de la Ville de Grenoble, <a href=\"https:\/\/www.ledauphine.com\/faits-divers-justice\/2025\/09\/08\/mort-de-lilian-dejean-depuis-son-deces-il-y-a-eu-plus-de-belles-que-de-mauvaises-choses\" target=\"_blank\" rel=\"noopener\">a \u00e9t\u00e9 tu\u00e9 le 8\u00a0septembre 2024 au matin<\/a>, apr\u00e8s avoir tent\u00e9 d\u2019emp\u00eacher un homme, impliqu\u00e9 dans un accident de la route, de prendre la fuite.<\/p>\n<p>Autour du visage de Lilian, des feuilles d\u2019hibiscus, color\u00e9es, et un oiseau aussi. \u00ab\u00a0Il \u00e9tait originaire de Guadeloupe et le bel oiseau que j\u2019ai dessin\u00e9 est un oiseau totem des \u00eeles. Le panel multicolore qui l\u2019accompagne, du rose au violet, symbolise l\u2019amour et le passage entre les deux mondes. Tout est symbolique.\u00a0\u00bb<\/p>\n","protected":false},"excerpt":{"rendered":"\u00ab\u00a0Son sourire, son regard\u00a0; l\u2019artiste a su repr\u00e9senter mon fr\u00e8re\u00a0\u00bb, sourit simplement Jean-Marc Dejean, fr\u00e8re de Lilian. Il&hellip;\n","protected":false},"author":2,"featured_media":436696,"comment_status":"","ping_status":"","sticky":false,"template":"","format":"standard","meta":{"footnotes":""},"categories":[9566],"tags":[1111,11,2430,112,1777,674,2271,274,1011,27,2731,2732,108,12,25,104],"class_list":{"0":"post-436695","1":"post","2":"type-post","3":"status-publish","4":"format-standard","5":"has-post-thumbnail","7":"category-grenoble","8":"tag-actu","9":"tag-actualites","10":"tag-auvergne-rhone-alpes","11":"tag-edition-grenoble-agglomeration","12":"tag-eu","13":"tag-europe","14":"tag-exposition-arts-plastiques","15":"tag-faits-divers-justice","16":"tag-fr","17":"tag-france","18":"tag-grenoble","19":"tag-grenoble-bassin","20":"tag-isere","21":"tag-news","22":"tag-republique-francaise","23":"tag-societe"},"share_on_mastodon":{"url":"https:\/\/pubeurope.com\/@fr\/115311457339232006","error":""},"_links":{"self":[{"href":"https:\/\/www.europesays.com\/fr\/wp-json\/wp\/v2\/posts\/436695","targetHints":{"allow":["GET"]}}],"collection":[{"href":"https:\/\/www.europesays.com\/fr\/wp-json\/wp\/v2\/posts"}],"about":[{"href":"https:\/\/www.europesays.com\/fr\/wp-json\/wp\/v2\/types\/post"}],"author":[{"embeddable":true,"href":"https:\/\/www.europesays.com\/fr\/wp-json\/wp\/v2\/users\/2"}],"replies":[{"embeddable":true,"href":"https:\/\/www.europesays.com\/fr\/wp-json\/wp\/v2\/comments?post=436695"}],"version-history":[{"count":0,"href":"https:\/\/www.europesays.com\/fr\/wp-json\/wp\/v2\/posts\/436695\/revisions"}],"wp:featuredmedia":[{"embeddable":true,"href":"https:\/\/www.europesays.com\/fr\/wp-json\/wp\/v2\/media\/436696"}],"wp:attachment":[{"href":"https:\/\/www.europesays.com\/fr\/wp-json\/wp\/v2\/media?parent=436695"}],"wp:term":[{"taxonomy":"category","embeddable":true,"href":"https:\/\/www.europesays.com\/fr\/wp-json\/wp\/v2\/categories?post=436695"},{"taxonomy":"post_tag","embeddable":true,"href":"https:\/\/www.europesays.com\/fr\/wp-json\/wp\/v2\/tags?post=436695"}],"curies":[{"name":"wp","href":"https:\/\/api.w.org\/{rel}","templated":true}]}}