{"id":436762,"date":"2025-10-03T18:13:12","date_gmt":"2025-10-03T18:13:12","guid":{"rendered":"https:\/\/www.europesays.com\/fr\/436762\/"},"modified":"2025-10-03T18:13:12","modified_gmt":"2025-10-03T18:13:12","slug":"indonesie-madagascar-maroc-france-pourquoi-le-drapeau-pirate-de-one-piece-est-il-brandi-lors-des-mouvements-sociaux-liberation","status":"publish","type":"post","link":"https:\/\/www.europesays.com\/fr\/436762\/","title":{"rendered":"Indon\u00e9sie, Madagascar, Maroc, France\u2026 Pourquoi le drapeau pirate de \u00abOne Piece\u00bb est-il brandi lors des mouvements sociaux\u00a0? \u2013 Lib\u00e9ration"},"content":{"rendered":"<p class=\"sc-cPiKLX AiZTS text-element\">Depuis la fin juillet, un m\u00eame drapeau pirate flotte dans les mobilisations populaires et les actions de jeunesse partout dans le monde. Avec son cr\u00e2ne au grand sourire coiff\u00e9 d\u2019un chapeau de paille, ce \u00abJolly Roger\u00bb est moins intimidant que l\u2019original mais il attire l\u2019\u0153il. Et surtout, cet \u00e9tendard tir\u00e9 <a href=\"https:\/\/www.liberation.fr\/culture\/series\/one-piece-sur-netflix-des-pirates-un-peu-bateau-20230901_DKXOOZLH4BFQ5N5GEVPQXMGIJE\/\" target=\"_blank\" rel=\"noreferrer noopener\" title=\"https:\/\/www.liberation.fr\/culture\/series\/one-piece-sur-netflix-des-pirates-un-peu-bateau-20230901_DKXOOZLH4BFQ5N5GEVPQXMGIJE\/\">du manga One Piece<\/a> devient un symbole de la r\u00e9volte contre les pouvoirs en place. <\/p>\n<p class=\"sc-cPiKLX AiZTS text-element\">Cr\u00e9\u00e9 \u00e0 la fin des ann\u00e9es 1990 par le mangaka Eiichiro Oda, One Piece est devenu l\u2019une des sagas les plus vendues de l\u2019histoire, \u00e0 plus de 530 millions d\u2019exemplaires \u00e0 travers le monde. Le fameux drapeau est celui de Luffy, jeune capitaine d\u2019un \u00e9quipage de pirates en qu\u00eate de libert\u00e9 et d\u2019un myst\u00e9rieux tr\u00e9sor, en m\u00eame temps qu\u2019il en lutte contre un gouvernement mondial corrompu et tyrannique. Une histoire d\u2019\u00e9mancipation et de camaraderie en plus de 100 tomes, qui parle \u00e0 toute une g\u00e9n\u00e9ration n\u00e9e entre la fin des ann\u00e9es 1990 et le d\u00e9but des ann\u00e9es 2010, aujourd\u2019hui dans la fleur de l\u2019\u00e2ge contestataire. Celle qu\u2019on regroupe sous l\u2019\u00e9tiquette \u00abgen Z\u00bb, et dont se revendiquent <a href=\"https:\/\/www.liberation.fr\/international\/afrique\/tension-sociale-croissante-au-maroc-la-generation &lt;div style=\" clear:=\"\" both=\"\" target=\"_blank\" rel=\"noopener\"><\/p>\n","protected":false},"excerpt":{"rendered":"Depuis la fin juillet, un m\u00eame drapeau pirate flotte dans les mobilisations populaires et les actions de jeunesse&hellip;\n","protected":false},"author":2,"featured_media":436763,"comment_status":"","ping_status":"","sticky":false,"template":"","format":"standard","meta":{"footnotes":""},"categories":[4],"tags":[11,1011,27,56408,25902,8459,6681,2088,2223,29114,12,25],"class_list":{"0":"post-436762","1":"post","2":"type-post","3":"status-publish","4":"format-standard","5":"has-post-thumbnail","7":"category-france","8":"tag-actualites","9":"tag-fr","10":"tag-france","11":"tag-gen-z","12":"tag-indonesie","13":"tag-madagascar","14":"tag-manga","15":"tag-manifestation","16":"tag-maroc","17":"tag-nepal","18":"tag-news","19":"tag-republique-francaise"},"share_on_mastodon":{"url":"https:\/\/pubeurope.com\/@fr\/115311594870824544","error":""},"_links":{"self":[{"href":"https:\/\/www.europesays.com\/fr\/wp-json\/wp\/v2\/posts\/436762","targetHints":{"allow":["GET"]}}],"collection":[{"href":"https:\/\/www.europesays.com\/fr\/wp-json\/wp\/v2\/posts"}],"about":[{"href":"https:\/\/www.europesays.com\/fr\/wp-json\/wp\/v2\/types\/post"}],"author":[{"embeddable":true,"href":"https:\/\/www.europesays.com\/fr\/wp-json\/wp\/v2\/users\/2"}],"replies":[{"embeddable":true,"href":"https:\/\/www.europesays.com\/fr\/wp-json\/wp\/v2\/comments?post=436762"}],"version-history":[{"count":0,"href":"https:\/\/www.europesays.com\/fr\/wp-json\/wp\/v2\/posts\/436762\/revisions"}],"wp:featuredmedia":[{"embeddable":true,"href":"https:\/\/www.europesays.com\/fr\/wp-json\/wp\/v2\/media\/436763"}],"wp:attachment":[{"href":"https:\/\/www.europesays.com\/fr\/wp-json\/wp\/v2\/media?parent=436762"}],"wp:term":[{"taxonomy":"category","embeddable":true,"href":"https:\/\/www.europesays.com\/fr\/wp-json\/wp\/v2\/categories?post=436762"},{"taxonomy":"post_tag","embeddable":true,"href":"https:\/\/www.europesays.com\/fr\/wp-json\/wp\/v2\/tags?post=436762"}],"curies":[{"name":"wp","href":"https:\/\/api.w.org\/{rel}","templated":true}]}}