{"id":436778,"date":"2025-10-03T18:25:18","date_gmt":"2025-10-03T18:25:18","guid":{"rendered":"https:\/\/www.europesays.com\/fr\/436778\/"},"modified":"2025-10-03T18:25:18","modified_gmt":"2025-10-03T18:25:18","slug":"la-semaine-decoration-et-design-260","status":"publish","type":"post","link":"https:\/\/www.europesays.com\/fr\/436778\/","title":{"rendered":"La semaine d\u00e9coration et design #260"},"content":{"rendered":"<p>La semaine d\u00e9coration et design vous propose de d\u00e9couvrir des reportages int\u00e9ressants pour tous les amoureux de la <a href=\"https:\/\/planete-deco.fr\/2023\/09\/08\/une-maison-flottante-design-a-la-decoration-japandi\/\" rel=\"nofollow noopener\" target=\"_blank\">d\u00e9coration<\/a> contemporaine (ou pas). Tous les styles peuvent y apparaitre, du plus classique au plus novateur. Les architectures int\u00e9ressantes, les nouveaux produits et expositions vous seront pr\u00e9sent\u00e9s parfois. C\u2019est une rubrique fourre-tout pour tout ce qui a retenu notre attention et que nous avons envie de mettre en avant et de vous faire d\u00e9couvrir.<\/p>\n<p>N\u2019h\u00e9sitez pas \u00e0 cliquer sur les liens en orange qui vous emm\u00e8neront directement sur les articles d\u2019origine ou sur les sites qui m\u00e9ritent quelques instants d\u2019attention. Nous esp\u00e9rons que la rubrique \u201cLa semaine d\u00e9coration et design\u201d vous plaira autant qu\u2019il nous a plu de vous montrer toutes ces nouveaut\u00e9s !<\/p>\n<p>Decoration and design week #260<br \/>The decoration and design week offers you interesting reports for all lovers of contemporary decoration (or not). All styles can appear, from the most classic to the most innovative. Interesting architectures, new products and exhibitions will be presented to you sometimes. This is a catch-all section for everything that has caught our attention and that we want to put forward and let you discover.<\/p>\n<p>Please feel free to click on the orange links which will take you directly to the original articles or to sites that deserve some attention. We hope that you will enjoy the \u201cDecoration and design week\u201d section as much as we enjoyed showing you all these news!<\/p>\n<p><a href=\"https:\/\/www.vtwonen.nl\/binnenkijken\/binnenkijken-in-kerk-omgebouwd-tot-familiehuis~6b37faf\" rel=\"nofollow noopener\" target=\"_blank\">Une ancienne \u00e9glise transform\u00e9e en maison familiale<\/a><\/p>\n<p>A former church transformed into a family home<\/p>\n<p><a href=\"https:\/\/www.europesays.com\/fr\/wp-content\/uploads\/2025\/10\/sd1-1.jpeg\"><img decoding=\"async\" loading=\"lazy\" class=\"alignnone wp-image-470762 size-full\" src=\"https:\/\/www.europesays.com\/fr\/wp-content\/uploads\/2025\/10\/sd1-1.jpeg\" alt=\"salon double hauteur d\u00e9coration contemporaine\" width=\"1260\" height=\"800\"  \/><a class=\"pin-btn\" data-pin-custom=\"true\" href=\"https:\/\/pinterest.com\/pin\/create\/button\/?url=https:\/\/planete-deco.fr\/2025\/09\/28\/la-semaine-decoration-et-design-260\/&amp;media=https:\/\/www.europesays.com\/fr\/wp-content\/uploads\/2025\/10\/sd1-1.jpeg&amp;description=La semaine d\u00e9coration et design vous propose de d\u00e9couvrir des reportages int\u00e9ressants pour tous les amoureux de la d\u00e9coration contemporaine (ou pas). Tous les styles peuvent y apparaitre, du plus classique\u2026\" target=\"_blank\" title=\"Share on Pinterest\"><img decoding=\"async\" src=\"https:\/\/www.europesays.com\/fr\/wp-content\/uploads\/2025\/05\/share_pinterest.png\" alt=\"Share on Pinterest\"\/><\/a><br \/>\n<\/a><\/p>\n<p><a href=\"https:\/\/www.elledecor.com\/es\/casas\/a66021928\/piso-milan-claves-decoracion-retro-juega-colores-geometria\/\" rel=\"nofollow noopener\" target=\"_blank\">Un appartement design et audacieux \u00e0 Milan<\/a><\/p>\n<p>A bold and stylish apartment in Milan<\/p>\n<p><a href=\"https:\/\/www.europesays.com\/fr\/wp-content\/uploads\/2025\/10\/SD2-1.jpeg\"><img decoding=\"async\" loading=\"lazy\" class=\"alignnone wp-image-470763 size-full\" src=\"https:\/\/www.europesays.com\/fr\/wp-content\/uploads\/2025\/10\/SD2-1.jpeg\" alt=\"cuisine et salle \u00e0 manger d\u00e9coration design\" width=\"980\" height=\"1470\"  \/><a class=\"pin-btn\" data-pin-custom=\"true\" href=\"https:\/\/pinterest.com\/pin\/create\/button\/?url=https:\/\/planete-deco.fr\/2025\/09\/28\/la-semaine-decoration-et-design-260\/&amp;media=https:\/\/www.europesays.com\/fr\/wp-content\/uploads\/2025\/10\/SD2-1.jpeg&amp;description=La semaine d\u00e9coration et design vous propose de d\u00e9couvrir des reportages int\u00e9ressants pour tous les amoureux de la d\u00e9coration contemporaine (ou pas). Tous les styles peuvent y apparaitre, du plus classique\u2026\" target=\"_blank\" title=\"Share on Pinterest\"><img decoding=\"async\" src=\"https:\/\/www.europesays.com\/fr\/wp-content\/uploads\/2025\/05\/share_pinterest.png\" alt=\"Share on Pinterest\"\/><\/a><br \/>\n<\/a><\/p>\n<p><a href=\"https:\/\/projets.cotemaison.fr\/projet\/15258#153995\" rel=\"nofollow noopener\" target=\"_blank\">Un appartement ancien r\u00e9nov\u00e9 en style contemporain \u00e0 Paris<\/a><\/p>\n<p>An old apartment renovated in a contemporary style in Paris<\/p>\n<p><a href=\"https:\/\/planete-deco.fr\/wp-content\/uploads\/2025\/09\/SD3-1.webp\" rel=\"nofollow noopener\" target=\"_blank\"><img decoding=\"async\" loading=\"lazy\" class=\"alignnone wp-image-470764 size-full\" src=\"https:\/\/www.europesays.com\/fr\/wp-content\/uploads\/2025\/10\/SD3-1-1536x1024.webp.webp\" alt=\"salon d\u00e9coration contemporaine fen\u00eatre vitrail appartement Paris\" width=\"1536\" height=\"1024\"  \/><a class=\"pin-btn\" data-pin-custom=\"true\" href=\"https:\/\/pinterest.com\/pin\/create\/button\/?url=https:\/\/planete-deco.fr\/2025\/09\/28\/la-semaine-decoration-et-design-260\/&amp;media=https:\/\/planete-deco.fr\/wp-content\/uploads\/2025\/09\/SD3-1.webp&amp;description=La semaine d\u00e9coration et design vous propose de d\u00e9couvrir des reportages int\u00e9ressants pour tous les amoureux de la d\u00e9coration contemporaine (ou pas). Tous les styles peuvent y apparaitre, du plus classique\u2026\" target=\"_blank\" title=\"Share on Pinterest\" rel=\"nofollow noopener\"><img decoding=\"async\" src=\"https:\/\/www.europesays.com\/fr\/wp-content\/uploads\/2025\/05\/share_pinterest.png\" alt=\"Share on Pinterest\"\/><\/a><br \/>\n<\/a><\/p>\n<p><a href=\"https:\/\/www.admagazine.fr\/article\/new-york-studio-ingenieux-danseur-etoile\" rel=\"nofollow noopener\" target=\"_blank\">Un studio de 32m2 \u00e0 New York pour un danseur \u00e9toile<\/a><\/p>\n<p>A 32m2 studio in New York for a star dancer<\/p>\n<p><a href=\"https:\/\/planete-deco.fr\/wp-content\/uploads\/2025\/09\/SD4-2.webp\" rel=\"nofollow noopener\" target=\"_blank\"><img decoding=\"async\" loading=\"lazy\" class=\"alignnone wp-image-470765 size-full\" src=\"https:\/\/www.europesays.com\/fr\/wp-content\/uploads\/2025\/10\/SD4-2-1536x960.webp.webp\" alt=\"salon et chambre studio 32m2 New York\" width=\"1536\" height=\"960\"  \/><a class=\"pin-btn\" data-pin-custom=\"true\" href=\"https:\/\/pinterest.com\/pin\/create\/button\/?url=https:\/\/planete-deco.fr\/2025\/09\/28\/la-semaine-decoration-et-design-260\/&amp;media=https:\/\/planete-deco.fr\/wp-content\/uploads\/2025\/09\/SD4-2.webp&amp;description=La semaine d\u00e9coration et design vous propose de d\u00e9couvrir des reportages int\u00e9ressants pour tous les amoureux de la d\u00e9coration contemporaine (ou pas). Tous les styles peuvent y apparaitre, du plus classique\u2026\" target=\"_blank\" title=\"Share on Pinterest\" rel=\"nofollow noopener\"><img decoding=\"async\" src=\"https:\/\/www.europesays.com\/fr\/wp-content\/uploads\/2025\/05\/share_pinterest.png\" alt=\"Share on Pinterest\"\/><\/a><br \/>\n<\/a><\/p>\n<p><a href=\"https:\/\/www.nuevoestilo.es\/casas\/a65991507\/casa-de-55-metros-acogedora-llena-de-colores-disenadora-grafica\/\" rel=\"nofollow noopener\" target=\"_blank\">Un appartement r\u00e9nov\u00e9 et maximaliste de 55m2<\/a><\/p>\n<p>A renovated and maximalist apartment of 55m2<\/p>\n<p><a href=\"https:\/\/www.europesays.com\/fr\/wp-content\/uploads\/2025\/10\/SD6.jpeg\"><img decoding=\"async\" loading=\"lazy\" class=\"alignnone wp-image-470767 size-full\" src=\"https:\/\/www.europesays.com\/fr\/wp-content\/uploads\/2025\/10\/SD6.jpeg\" alt=\"cuisine ouverte d\u00e9coration maximaliste\" width=\"980\" height=\"1470\"  \/><a class=\"pin-btn\" data-pin-custom=\"true\" href=\"https:\/\/pinterest.com\/pin\/create\/button\/?url=https:\/\/planete-deco.fr\/2025\/09\/28\/la-semaine-decoration-et-design-260\/&amp;media=https:\/\/www.europesays.com\/fr\/wp-content\/uploads\/2025\/10\/SD6.jpeg&amp;description=La semaine d\u00e9coration et design vous propose de d\u00e9couvrir des reportages int\u00e9ressants pour tous les amoureux de la d\u00e9coration contemporaine (ou pas). Tous les styles peuvent y apparaitre, du plus classique\u2026\" target=\"_blank\" title=\"Share on Pinterest\"><img decoding=\"async\" src=\"https:\/\/www.europesays.com\/fr\/wp-content\/uploads\/2025\/05\/share_pinterest.png\" alt=\"Share on Pinterest\"\/><\/a><br \/>\n<\/a><\/p>\n<p><a href=\"https:\/\/www.admagazine.fr\/article\/un-petit-espace-fonctionnel-malin-place-etoile\" rel=\"nofollow noopener\" target=\"_blank\">Un studio astucieux de 17m2 \u00e0 Paris<\/a><\/p>\n<p>A clever 17m2 studio in Paris<\/p>\n<p><a href=\"https:\/\/planete-deco.fr\/wp-content\/uploads\/2025\/09\/SD5.jpg\" rel=\"nofollow noopener\" target=\"_blank\"><img decoding=\"async\" loading=\"lazy\" class=\"alignnone wp-image-470766 size-full\" src=\"https:\/\/www.europesays.com\/fr\/wp-content\/uploads\/2025\/10\/SD5-1365x2048.jpg\" alt=\"cuisine et espace chambre studio 17m2 Paris d\u00e9coration design\" width=\"1365\" height=\"2048\"  \/><a class=\"pin-btn\" data-pin-custom=\"true\" href=\"https:\/\/pinterest.com\/pin\/create\/button\/?url=https:\/\/planete-deco.fr\/2025\/09\/28\/la-semaine-decoration-et-design-260\/&amp;media=https:\/\/planete-deco.fr\/wp-content\/uploads\/2025\/09\/SD5.jpg&amp;description=La semaine d\u00e9coration et design vous propose de d\u00e9couvrir des reportages int\u00e9ressants pour tous les amoureux de la d\u00e9coration contemporaine (ou pas). Tous les styles peuvent y apparaitre, du plus classique\u2026\" target=\"_blank\" title=\"Share on Pinterest\" rel=\"nofollow noopener\"><img decoding=\"async\" src=\"https:\/\/www.europesays.com\/fr\/wp-content\/uploads\/2025\/05\/share_pinterest.png\" alt=\"Share on Pinterest\"\/><\/a><br \/>\n<\/a><\/p>\n<p><a href=\"https:\/\/www.cosedicasa.com\/case\/case-con-soppalco\/una-casa-con-metratura-quasi-raddoppiata-cambia-look-senza-opere-murarie-74050\" rel=\"nofollow noopener\" target=\"_blank\">Un appartement de 60m2 en duplex en Italie<\/a><\/p>\n<p>A 60m2 duplex apartment in Italy<\/p>\n<p><a href=\"https:\/\/www.europesays.com\/fr\/wp-content\/uploads\/2025\/10\/SD7-2.webp.webp\"><img decoding=\"async\" loading=\"lazy\" class=\"alignnone wp-image-470768 size-full\" src=\"https:\/\/www.europesays.com\/fr\/wp-content\/uploads\/2025\/10\/SD7-2.webp.webp\" alt=\"salon avec escalier moderne mur vert d\u00e9coration design\" width=\"1280\" height=\"852\"  \/><a class=\"pin-btn\" data-pin-custom=\"true\" href=\"https:\/\/pinterest.com\/pin\/create\/button\/?url=https:\/\/planete-deco.fr\/2025\/09\/28\/la-semaine-decoration-et-design-260\/&amp;media=https:\/\/www.europesays.com\/fr\/wp-content\/uploads\/2025\/10\/SD7-2.webp.webp&amp;description=La semaine d\u00e9coration et design vous propose de d\u00e9couvrir des reportages int\u00e9ressants pour tous les amoureux de la d\u00e9coration contemporaine (ou pas). Tous les styles peuvent y apparaitre, du plus classique\u2026\" target=\"_blank\" title=\"Share on Pinterest\"><img decoding=\"async\" src=\"https:\/\/www.europesays.com\/fr\/wp-content\/uploads\/2025\/05\/share_pinterest.png\" alt=\"Share on Pinterest\"\/><\/a><br \/>\n<\/a><\/p>\n<p><a href=\"https:\/\/www.vtwonen.nl\/binnenkijken\/binnenkijken-in-kleurrijk-jaren-70-huis~48eff1b\" rel=\"nofollow noopener\" target=\"_blank\">Une maison des ann\u00e9es 1970 aux Pays-Bas<\/a><\/p>\n<p>A 1970s house in the Netherlands<\/p>\n<p><a href=\"https:\/\/planete-deco.fr\/wp-content\/uploads\/2025\/09\/SD8.jpeg\" rel=\"nofollow noopener\" target=\"_blank\"><img decoding=\"async\" loading=\"lazy\" class=\"alignnone wp-image-470769 size-full\" src=\"https:\/\/www.europesays.com\/fr\/wp-content\/uploads\/2025\/10\/SD8-1225x1536.jpeg\" alt=\"salon avec baies vitr\u00e9es d\u00e9coration contemporaine\" width=\"1225\" height=\"1536\"  \/><a class=\"pin-btn\" data-pin-custom=\"true\" href=\"https:\/\/pinterest.com\/pin\/create\/button\/?url=https:\/\/planete-deco.fr\/2025\/09\/28\/la-semaine-decoration-et-design-260\/&amp;media=https:\/\/planete-deco.fr\/wp-content\/uploads\/2025\/09\/SD8.jpeg&amp;description=La semaine d\u00e9coration et design vous propose de d\u00e9couvrir des reportages int\u00e9ressants pour tous les amoureux de la d\u00e9coration contemporaine (ou pas). Tous les styles peuvent y apparaitre, du plus classique\u2026\" target=\"_blank\" title=\"Share on Pinterest\" rel=\"nofollow noopener\"><img decoding=\"async\" src=\"https:\/\/www.europesays.com\/fr\/wp-content\/uploads\/2025\/05\/share_pinterest.png\" alt=\"Share on Pinterest\"\/><\/a><br \/>\n<\/a><\/p>\n<p><a href=\"https:\/\/www.cotemaison.fr\/maison-reve\/loft-appartement\/un-ancien-chai-transforme-en-studio-chaleureux-17548\" rel=\"nofollow noopener\" target=\"_blank\">Un ancien chai transform\u00e9 en studio pr\u00e8s de Bordeaux<\/a><\/p>\n<p>A former wine cellar transformed into a studio near Bordeaux<\/p>\n<p><a href=\"https:\/\/planete-deco.fr\/wp-content\/uploads\/2025\/09\/SD9-3.webp\" rel=\"nofollow noopener\" target=\"_blank\"><img decoding=\"async\" loading=\"lazy\" class=\"alignnone wp-image-470770 size-full\" src=\"https:\/\/www.europesays.com\/fr\/wp-content\/uploads\/2025\/10\/SD9-3-1536x1024.webp.webp\" alt=\"cuisine bleu d\u00e9coration contemporaine\" width=\"1536\" height=\"1024\"  \/><a class=\"pin-btn\" data-pin-custom=\"true\" href=\"https:\/\/pinterest.com\/pin\/create\/button\/?url=https:\/\/planete-deco.fr\/2025\/09\/28\/la-semaine-decoration-et-design-260\/&amp;media=https:\/\/planete-deco.fr\/wp-content\/uploads\/2025\/09\/SD9-3.webp&amp;description=La semaine d\u00e9coration et design vous propose de d\u00e9couvrir des reportages int\u00e9ressants pour tous les amoureux de la d\u00e9coration contemporaine (ou pas). Tous les styles peuvent y apparaitre, du plus classique\u2026\" target=\"_blank\" title=\"Share on Pinterest\" rel=\"nofollow noopener\"><img decoding=\"async\" src=\"https:\/\/www.europesays.com\/fr\/wp-content\/uploads\/2025\/05\/share_pinterest.png\" alt=\"Share on Pinterest\"\/><\/a><br \/>\n<\/a><\/p>\n<p><a href=\"https:\/\/www.casafacile.it\/case\/idee-e-soluzioni\/dimora-immersa-verde\/\" rel=\"nofollow noopener\" target=\"_blank\">Une maison ouverte sur une nature luxuriante \u00e0 Biarritz<\/a><\/p>\n<p>A house open to lush nature in Biarritz<\/p>\n<p><a href=\"https:\/\/www.europesays.com\/fr\/wp-content\/uploads\/2025\/10\/sd10-1.jpg\"><img decoding=\"async\" loading=\"lazy\" class=\"alignnone wp-image-470771 size-full\" src=\"https:\/\/www.europesays.com\/fr\/wp-content\/uploads\/2025\/10\/sd10-1.jpg\" alt=\"salon d\u00e9coration contemporaine avec pignon vitr\u00e9 maison Biarritz\" width=\"1140\" height=\"680\"\/><a class=\"pin-btn\" data-pin-custom=\"true\" href=\"https:\/\/pinterest.com\/pin\/create\/button\/?url=https:\/\/planete-deco.fr\/2025\/09\/28\/la-semaine-decoration-et-design-260\/&amp;media=https:\/\/www.europesays.com\/fr\/wp-content\/uploads\/2025\/10\/sd10-1.jpg&amp;description=La semaine d\u00e9coration et design vous propose de d\u00e9couvrir des reportages int\u00e9ressants pour tous les amoureux de la d\u00e9coration contemporaine (ou pas). Tous les styles peuvent y apparaitre, du plus classique\u2026\" target=\"_blank\" title=\"Share on Pinterest\"><img decoding=\"async\" src=\"https:\/\/www.europesays.com\/fr\/wp-content\/uploads\/2025\/05\/share_pinterest.png\" alt=\"Share on Pinterest\"\/><\/a><br \/>\n<\/a><\/p>\n<p>Shop the look !<br \/><a class=\"shopify\" href=\"https:\/\/shop.planete-deco.fr\/products\/costway-chaise-wishbone-style-scandinave-chaises-avec-cadre-en-metal-dossier-en-y-assise-tressee-chaise-design-pour-salle-a-manger-salon-bureau-naturel-3\" rel=\"nofollow noopener\" target=\"_blank\"><img decoding=\"async\" loading=\"lazy\" class=\"shopify alignnone\" src=\"https:\/\/www.europesays.com\/fr\/wp-content\/uploads\/2025\/10\/61a4C4JbqQL_1ef0cde8-d8b3-4dc5-929c-aa4ad8836676_900x.jpg\" alt=\"COSTWAY Chaise Wishbone Style Scandinave, Chaises avec Cadre en M\u00e9tal, Dossier en Y, Assise Tress\u00e9e, Chaise Design pour Salle \u00e0 Manger, Salon, Bureau (Naturel,2)\" width=\"900\" height=\"900\" \/><\/a><a class=\"shopify\" href=\"https:\/\/shop.planete-deco.fr\/products\/kare-design-table-schickeria-110cm\" rel=\"nofollow noopener\" target=\"_blank\"><img decoding=\"async\" loading=\"lazy\" class=\"shopify alignnone\" src=\"https:\/\/www.europesays.com\/fr\/wp-content\/uploads\/2025\/10\/21P0DAbGRcL_900x.jpg\" alt=\"Kare Design Table Schickeria 110cm\" width=\"500\" height=\"394\" \/><\/a><a class=\"shopify\" href=\"https:\/\/shop.planete-deco.fr\/products\/applique-murale-bras-long-vintage-industrielle-avec-interrupteur-angle-declairage-reglable-lampe-murale-metal-noir-retro-pivotant-flexible-long-bras-oscillant-liseuse-e27-pour-salon-chambre-vomi-1\" rel=\"nofollow noopener\" target=\"_blank\"><img decoding=\"async\" loading=\"lazy\" class=\"shopify alignnone\" src=\"https:\/\/www.europesays.com\/fr\/wp-content\/uploads\/2025\/10\/31I6zNTJLoL_7d272c8f-3cc2-4b90-a2a5-4b7f621ba7f6_900x.jpg\" alt=\"Applique Murale Bras Long Vintage Industrielle Avec Interrupteur Angle D'\u00e9clairage R\u00e9glable Lampe Murale M\u00e9tal Noir R\u00e9tro Pivotant Flexible Long Bras Oscillant Liseuse E27 Pour Salon Chambre VOMI\" width=\"500\" height=\"500\" \/><\/a><a class=\"shopify\" href=\"https:\/\/shop.planete-deco.fr\/products\/lampe-de-table-pipistrello-de-bat-et-le-plancher-martinelli-luce-noir-brillant-standard\" rel=\"nofollow noopener\" target=\"_blank\"><img decoding=\"async\" loading=\"lazy\" class=\"shopify alignnone\" src=\"https:\/\/www.europesays.com\/fr\/wp-content\/uploads\/2025\/10\/313sT-nfH2L_900x.jpg\" alt=\"Lampe de table Pipistrello de Bat et le plancher Martinelli Luce - Noir brillant, Standard\" width=\"500\" height=\"500\" \/><\/a><br \/>Livres<br \/><a class=\"shopify\" href=\"https:\/\/shop.planete-deco.fr\/products\/never-too-small-reinventing-small-space-living\" rel=\"nofollow noopener\" target=\"_blank\"><img decoding=\"async\" loading=\"lazy\" class=\"shopify alignnone\" src=\"https:\/\/www.europesays.com\/fr\/wp-content\/uploads\/2025\/05\/51mEtJZxPqL_900x.jpg\" alt=\"Never Too Small: Reinventing Small Space Living\" width=\"422\" height=\"500\" \/><\/a><a class=\"shopify\" href=\"https:\/\/shop.planete-deco.fr\/products\/paris-living\" rel=\"nofollow noopener\" target=\"_blank\"><img decoding=\"async\" loading=\"lazy\" class=\"shopify alignnone\" src=\"https:\/\/www.europesays.com\/fr\/wp-content\/uploads\/2025\/05\/51MrbQ08kuL_900x.jpg\" alt=\"Paris Living\" width=\"393\" height=\"500\" \/><\/a><a class=\"shopify\" href=\"https:\/\/shop.planete-deco.fr\/products\/bricks-brownstone-the-new-york-row-house\" rel=\"nofollow noopener\" target=\"_blank\"><img decoding=\"async\" loading=\"lazy\" class=\"shopify alignnone\" src=\"https:\/\/www.europesays.com\/fr\/wp-content\/uploads\/2025\/10\/61NWs2v6AZL_900x.jpg\" alt=\"Bricks &amp; Brownstone: The New York Row House\" width=\"500\" height=\"462\" \/><\/a><a class=\"shopify\" href=\"https:\/\/shop.planete-deco.fr\/products\/biarritz-basque\" rel=\"nofollow noopener\" target=\"_blank\"><img decoding=\"async\" loading=\"lazy\" class=\"shopify alignnone\" src=\"https:\/\/www.europesays.com\/fr\/wp-content\/uploads\/2025\/10\/7116QD2ayOL_900x.jpg\" alt=\"Biarritz basque\" width=\"900\" height=\"900\" \/><\/a><\/p>\n","protected":false},"excerpt":{"rendered":"La semaine d\u00e9coration et design vous propose de d\u00e9couvrir des reportages int\u00e9ressants pour tous les amoureux de la&hellip;\n","protected":false},"author":2,"featured_media":436779,"comment_status":"","ping_status":"","sticky":false,"template":"","format":"standard","meta":{"footnotes":""},"categories":[1358],"tags":[1348,1384,1385,1386,58,59,1011,27],"class_list":{"0":"post-436778","1":"post","2":"type-post","3":"status-publish","4":"format-standard","5":"has-post-thumbnail","7":"category-arts-et-design","8":"tag-arts","9":"tag-arts-and-design","10":"tag-arts-et-design","11":"tag-design","12":"tag-divertissement","13":"tag-entertainment","14":"tag-fr","15":"tag-france"},"share_on_mastodon":{"url":"https:\/\/pubeurope.com\/@fr\/115311642975394787","error":""},"_links":{"self":[{"href":"https:\/\/www.europesays.com\/fr\/wp-json\/wp\/v2\/posts\/436778","targetHints":{"allow":["GET"]}}],"collection":[{"href":"https:\/\/www.europesays.com\/fr\/wp-json\/wp\/v2\/posts"}],"about":[{"href":"https:\/\/www.europesays.com\/fr\/wp-json\/wp\/v2\/types\/post"}],"author":[{"embeddable":true,"href":"https:\/\/www.europesays.com\/fr\/wp-json\/wp\/v2\/users\/2"}],"replies":[{"embeddable":true,"href":"https:\/\/www.europesays.com\/fr\/wp-json\/wp\/v2\/comments?post=436778"}],"version-history":[{"count":0,"href":"https:\/\/www.europesays.com\/fr\/wp-json\/wp\/v2\/posts\/436778\/revisions"}],"wp:featuredmedia":[{"embeddable":true,"href":"https:\/\/www.europesays.com\/fr\/wp-json\/wp\/v2\/media\/436779"}],"wp:attachment":[{"href":"https:\/\/www.europesays.com\/fr\/wp-json\/wp\/v2\/media?parent=436778"}],"wp:term":[{"taxonomy":"category","embeddable":true,"href":"https:\/\/www.europesays.com\/fr\/wp-json\/wp\/v2\/categories?post=436778"},{"taxonomy":"post_tag","embeddable":true,"href":"https:\/\/www.europesays.com\/fr\/wp-json\/wp\/v2\/tags?post=436778"}],"curies":[{"name":"wp","href":"https:\/\/api.w.org\/{rel}","templated":true}]}}