{"id":436782,"date":"2025-10-03T18:27:51","date_gmt":"2025-10-03T18:27:51","guid":{"rendered":"https:\/\/www.europesays.com\/fr\/436782\/"},"modified":"2025-10-03T18:27:51","modified_gmt":"2025-10-03T18:27:51","slug":"saison-1-episode-4-6-infideles-2025-tele-2-semaines-tele-2-semaines","status":"publish","type":"post","link":"https:\/\/www.europesays.com\/fr\/436782\/","title":{"rendered":"Saison 1 &#8211; Episode 4 \/ 6 &#8211; Infid\u00e8les *2025 &#8211; T\u00e9l\u00e9 2 semaines &#8211; T\u00e9l\u00e9 2 semaines"},"content":{"rendered":"<ol>\n<li><a href=\"https:\/\/news.google.com\/rss\/articles\/CBMiigFBVV95cUxNcVlzblhBclpfQUtCdzk1THNKbS1ENjdOelhFYVMyR21ObzVCMGdvcmxwQ2FTM1lhT1B4NFVzQ3dUOXZNZERKNXBzNWxBT3hwUVBfakxUZEppS1lzOU1fS1pzeXNKa3doMUIxREdKNWJtVk9oc05yTWZSRW9kQnl5Q3M5c2k0eTVSdnc?oc=5\" target=\"_blank\" rel=\"noopener\">Saison 1 &#8211; Episode 4 \/ 6 &#8211; Infid\u00e8les *2025 &#8211; T\u00e9l\u00e9 2 semaines<\/a>&nbsp;&nbsp;T\u00e9l\u00e9 2 semaines<\/li>\n<li><a href=\"https:\/\/news.google.com\/rss\/articles\/CBMixgFBVV95cUxPZnhFaTFkQ3JaSkVoQ1JYRmhwY2xESmtwTWZ0TkQ1NVhPMlFjZURpOXNRbnRDWlRfcF9BRHYwWEFXX0htSmtLbjR0YWN4U2xITHFYd0pvbGQtUzY1T3lpS01Xc19rMlk5SkhqQzVEc21qa1VWb1JkYmx6bDRrSi1jSndtYTl3MHk5RHJTQlhGR0hLendOS3VaSE94cG01RGRFYjhlQ2dxYUJIeUpJUFVKWTMyVWJFTkpISHdOU3JvNHRKb3Z6UlE?oc=5\" target=\"_blank\" rel=\"noopener\">\u201cInfid\u00e8les\u201d, sur Arte.tv : Bergman superbement reconstitu\u00e9 dans les ann\u00e9es 70<\/a>&nbsp;&nbsp;T\u00e9l\u00e9rama<\/li>\n<li><a href=\"https:\/\/news.google.com\/rss\/articles\/CBMiY0FVX3lxTE11V3dNMV9GOThTNjdGeE0xbXhRSFN6a1llNDB5YlZKNEJOUld6Vi1pZVlaYnU2V2JiXzFPazA3YmhhU3FUdm1sQnRnbE9YQXQwUmxuSlM0RGJaa2JHLW9hRDFDbw?oc=5\" target=\"_blank\" rel=\"noopener\">Infid\u00e8les<\/a>&nbsp;&nbsp;T\u00e9l\u00e9pro<\/li>\n<li><a href=\"https:\/\/news.google.com\/rss\/articles\/CBMilwFBVV95cUxOVk1UaFRyR2tNVlJfd1dncHRJZXdJOE9vUUJnREtaRVRhRDVpSlR1ZVNrNGZMUkpPWWZNdXJJWW9OZDNzVWRMUzZiSzBFYi0xTFFBRXdadHZidlI1T044SVE3c0ttdjYxOUxZWXBIbFRuLWptU1pQQmtkeVFIX0Z5b1ZVNUs5YVFINE5BUUt2aU9ReXZSOVpZ?oc=5\" target=\"_blank\" rel=\"noopener\">S\u00e9rie TV : \u00ab Infid\u00e8les \u00bb, chronique d\u2019un adult\u00e8re annonc\u00e9<\/a>&nbsp;&nbsp;La Croix<\/li>\n<li><a href=\"https:\/\/news.google.com\/rss\/articles\/CBMisgFBVV95cUxNSFZpbHBuWWloVTFpYVFyaERkN05mSnkxTGtoWm5xdF93RDhGOFQ0N2ZhTHFSUjZTQk96dV9qaVNzLWdjYmJXRzhfaktsamMtT1dhRUJ5VHJqa0dhYm55VVVZOFczb1YxLUZLN1RkUkY5M1NqUWhxSTZ4ekJqQXpGWk1RcDhKZVlSRU1iblVkSGZhQUVHRXFhcDZ4MFZvZGUzTldhTTNmVW9CSEFmYUdLNy1B?oc=5\" target=\"_blank\" rel=\"noopener\">Infid\u00e8les *2025 S01E04 sur Arte : r\u00e9sum\u00e9 et diffusions<\/a>&nbsp;&nbsp;Programme TV Ouest-France<\/li>\n<\/ol>\n","protected":false},"excerpt":{"rendered":"Saison 1 &#8211; Episode 4 \/ 6 &#8211; Infid\u00e8les *2025 &#8211; T\u00e9l\u00e9 2 semaines&nbsp;&nbsp;T\u00e9l\u00e9 2 semaines \u201cInfid\u00e8les\u201d, sur&hellip;\n","protected":false},"author":2,"featured_media":39176,"comment_status":"","ping_status":"","sticky":false,"template":"","format":"standard","meta":{"footnotes":""},"categories":[1356],"tags":[56421,56422,56415,58,59,1011,27,56413,56414,56409,56417,56416,56420,56419,56418,5240,56412,521,56410,252,56411,1364],"class_list":{"0":"post-436782","1":"post","2":"type-post","3":"status-publish","4":"format-standard","5":"has-post-thumbnail","7":"category-television","8":"tag-andreas-kundler","9":"tag-annika-hallin","10":"tag-august-wittgenstein","11":"tag-divertissement","12":"tag-entertainment","13":"tag-fr","14":"tag-france","15":"tag-frida-gustavsson","16":"tag-gustav-lindh","17":"tag-infidu00e8les-2025","18":"tag-jesper-christensen","19":"tag-lena-endre","20":"tag-leonie-vincent","21":"tag-malin-cru00e9pin","22":"tag-poppy-klintenberg-hardy","23":"tag-programme","24":"tag-sara-johnsen","25":"tag-serie","26":"tag-su00e9rie-dramatique","27":"tag-television","28":"tag-tomas-alfredson","29":"tag-tv"},"share_on_mastodon":{"url":"https:\/\/pubeurope.com\/@fr\/115311654051758926","error":""},"_links":{"self":[{"href":"https:\/\/www.europesays.com\/fr\/wp-json\/wp\/v2\/posts\/436782","targetHints":{"allow":["GET"]}}],"collection":[{"href":"https:\/\/www.europesays.com\/fr\/wp-json\/wp\/v2\/posts"}],"about":[{"href":"https:\/\/www.europesays.com\/fr\/wp-json\/wp\/v2\/types\/post"}],"author":[{"embeddable":true,"href":"https:\/\/www.europesays.com\/fr\/wp-json\/wp\/v2\/users\/2"}],"replies":[{"embeddable":true,"href":"https:\/\/www.europesays.com\/fr\/wp-json\/wp\/v2\/comments?post=436782"}],"version-history":[{"count":0,"href":"https:\/\/www.europesays.com\/fr\/wp-json\/wp\/v2\/posts\/436782\/revisions"}],"wp:featuredmedia":[{"embeddable":true,"href":"https:\/\/www.europesays.com\/fr\/wp-json\/wp\/v2\/media\/39176"}],"wp:attachment":[{"href":"https:\/\/www.europesays.com\/fr\/wp-json\/wp\/v2\/media?parent=436782"}],"wp:term":[{"taxonomy":"category","embeddable":true,"href":"https:\/\/www.europesays.com\/fr\/wp-json\/wp\/v2\/categories?post=436782"},{"taxonomy":"post_tag","embeddable":true,"href":"https:\/\/www.europesays.com\/fr\/wp-json\/wp\/v2\/tags?post=436782"}],"curies":[{"name":"wp","href":"https:\/\/api.w.org\/{rel}","templated":true}]}}