{"id":436793,"date":"2025-10-03T18:33:13","date_gmt":"2025-10-03T18:33:13","guid":{"rendered":"https:\/\/www.europesays.com\/fr\/436793\/"},"modified":"2025-10-03T18:33:13","modified_gmt":"2025-10-03T18:33:13","slug":"test-apple-airpods-pro-3-la-maitrise-totale-du-silence-a-quel-prix","status":"publish","type":"post","link":"https:\/\/www.europesays.com\/fr\/436793\/","title":{"rendered":"Test Apple AirPods Pro\u00a03\u00a0: la ma\u00eetrise totale du silence, \u00e0 quel prix\u00a0?"},"content":{"rendered":"<p>                <img decoding=\"async\" draggable=\"false\" src=\"https:\/\/www.europesays.com\/fr\/wp-content\/uploads\/2025\/10\/rating_ed@x1.png\"  alt=\"Note de la r\u00e9daction: 5 sur 5\"\/><\/p>\n<p>Construction &amp; ConfortR\u00e9volution intra-auriculaire                                <\/p>\n<p class=\"ed__a-p ed__bdy__l\">Cette troisi\u00e8me g\u00e9n\u00e9ration d\u2019\u00e9couteurs premium Apple marque un changement de philosophie assez radical en mati\u00e8re de design. Elle d\u00e9laisse le format semi intra-auriculaire des AirPods Pro\u00a02, caract\u00e9ris\u00e9 par des canules plates sur lesquelles viennent se fixer des embouts ultra souples, pour une conception intra-auriculaire. Les AirPods Pro\u00a03 adoptent ainsi des canules l\u00e9g\u00e8rement saillantes, associ\u00e9es \u00e0 des embouts en silicone plus rigides, int\u00e9grant une fine couche de mousse.<\/p>\n<p class=\"ed__a-p ed__bdy__l\">L\u00e0 o\u00f9 leurs a\u00een\u00e9s se posaient simplement \u00e0 l\u2019entr\u00e9e du conduit auditif, les AirPods Pro\u00a03 s\u2019y ins\u00e8rent davantage. D\u00e8s la configuration, Apple avertit d\u2019ailleurs de la n\u00e9cessit\u00e9 d\u2019effectuer une l\u00e9g\u00e8re rotation pour assurer un bon positionnement.<\/p>\n<p class=\"ed__a-p ed__bdy__l\"><img loading=\"lazy\" decoding=\"async\" src=\"data:image\/svg+xml,%3Csvg xmlns='http:\/\/www.w3.org\/2000\/svg'%3E%3C\/svg%3E\" draggable=\"false\" width=\"3000\" height=\"2000\" class=\"ed__title-xxs\" alt=\"AirPods Pro 3\" style=\"background-color: #f2f2f2; aspect-ratio:3000\/2000;\"\/><\/p>\n<p>AirPods Pro 2 \u00e0 gauche ; AirPods Pro 3 \u00e0 droite<\/p>\n<p>\u00a9 Les Num\u00e9riques<\/p>\n<\/p>\n<p class=\"ed__a-p ed__bdy__l\">In\u00e9dit chez Apple, ce format s\u2019accompagne de coques repens\u00e9es. Celles-ci ont \u00e9t\u00e9 affin\u00e9es et comprim\u00e9es au niveau de la chambre acoustique de mani\u00e8re \u00e0 s\u2019appuyer l\u00e9g\u00e8rement sur l\u2019anth\u00e9lix de l\u2019oreille une fois les embouts ins\u00e9r\u00e9s. Par ailleurs, les embouts sont d\u00e9sormais presque perpendiculaires au corps des \u00e9couteurs.<\/p>\n<p class=\"ed__a-p ed__bdy__l\">Parmi les autres \u00e9volutions physiques, on note l\u2019int\u00e9gration d\u2019un capteur cardiaque sur la partie externe des coques, ainsi que des grilles d&rsquo;\u00e9vent et de micro \u00e9largies. Ces raffinements entra\u00eenent des dimensions l\u00e9g\u00e8rement plus imposantes et un gain n\u00e9gligeable de 0,2\u00a0g par \u00e9couteur. Comme toujours chez Apple, la fabrication reste soign\u00e9e, sans ostentation.<\/p>\n<p class=\"ed__a-p ed__bdy__l\"><img loading=\"lazy\" decoding=\"async\" src=\"data:image\/svg+xml,%3Csvg xmlns='http:\/\/www.w3.org\/2000\/svg'%3E%3C\/svg%3E\" draggable=\"false\" width=\"3000\" height=\"2000\" class=\"ed__title-xxs\" alt=\"AirPods Pro 3\" style=\"background-color: #f2f2f2; aspect-ratio:3000\/2000;\"\/><\/p>\n<p>AirPods Pro 3 \u00e0 gauche ; AirPods Pro 2 \u00e0 droite<\/p>\n<p>\u00a9 Les Num\u00e9riques<\/p>\n<\/p>\n<p class=\"ed__a-p ed__bdy__l\">On ne va pas tourner autour du pot : les AirPods Pro 3 sont moins transparents que leurs pr\u00e9d\u00e9cesseurs une fois log\u00e9s dans les oreilles. L\u2019intrusion \u00e9tant sup\u00e9rieure, une sensation d&rsquo;inconfort peut appara\u00eetre suite \u00e0 un port prolong\u00e9, notamment si l\u2019utilisateur a d\u00fb forcer pour que les \u00e9couteurs tiennent en place. Le choix d\u2019embouts adapt\u00e9s, livr\u00e9s au nombre de cinq paires pour l\u2019occasion (XXS, XS, S, M, L), est alors crucial. Suffisamment souples pour \u00e9pouser naturellement la forme de l\u2019oreille, les embouts hybrides des AirPods Pro\u00a03 constituent n\u00e9anmoins un excellent compromis entre les mod\u00e8les rigides en mousse \u00e0 m\u00e9moire de forme et les embouts plus souples en silicone.<\/p>\n<p class=\"ed__a-p ed__bdy__l\">En contrepartie, si les AirPods Pro\u00a03 sont aussi bien maintenus que leurs a\u00een\u00e9s au quotidien, ils sont beaucoup moins sensibles aux d\u00e9stabilisations brusques. Cette meilleure adh\u00e9rence semble \u00e9galement pr\u00e9venir tout glissement li\u00e9 \u00e0 la transpiration, tout en s\u00e9curisant efficacement l&rsquo;isolation.<\/p>\n<p class=\"ed__a-p ed__bdy__l\"><img loading=\"lazy\" decoding=\"async\" src=\"data:image\/svg+xml,%3Csvg xmlns='http:\/\/www.w3.org\/2000\/svg'%3E%3C\/svg%3E\" draggable=\"false\" width=\"3000\" height=\"2000\" class=\"ed__title-xxs\" alt=\"AirPods Pro 3\" style=\"background-color: #f2f2f2; aspect-ratio:3000\/2000;\"\/><\/p>\n<p class=\"ed__a-p ed__bdy__l\">Passant d\u2019une certification IP54 \u00e0 IP57, les AirPods Pro 3 s\u2019inscrivent dans une nouvelle logique orient\u00e9e vers le sport. Sur le papier, cette norme les rend capables de r\u00e9sister \u00e0 une immersion dans 1\u00a0m d\u2019eau pendant 15\u00a0min. Toutefois, bien qu\u2019Apple mette en avant une r\u00e9sistance accrue \u00e0 l\u2019eau et \u00e0 la transpiration, elle d\u00e9conseille tout usage lors d\u2019activit\u00e9s aquatiques.<\/p>\n<p>Bo\u00eetier<\/p>\n<p class=\"ed__a-p ed__bdy__l\">Le bo\u00eetier de charge \u00e9volue pour s\u2019adapter \u00e0 des \u00e9couteurs plus volumineux. Il gagne ainsi en taille, tout en conservant l\u2019\u00e9paisseur de la g\u00e9n\u00e9ration pr\u00e9c\u00e9dente. L&rsquo;\u00e9volution est ma\u00eetris\u00e9e, puisqu\u2019il se fait toujours aussi discret dans une poche de pantalon.<\/p>\n<p class=\"ed__a-p ed__bdy__l\">Paradoxalement, Apple a r\u00e9ussi \u00e0 all\u00e9ger l\u2019ensemble avec un poids r\u00e9duit \u00e0 44\u00a0g, contre 50,8\u00a0g auparavant. Une optimisation bienvenue, m\u00eame si elle semble uniquement s\u2019expliquer par une r\u00e9duction de la capacit\u00e9 de la batterie.<\/p>\n<p class=\"ed__a-p ed__bdy__l\"><img loading=\"lazy\" decoding=\"async\" src=\"data:image\/svg+xml,%3Csvg xmlns='http:\/\/www.w3.org\/2000\/svg'%3E%3C\/svg%3E\" draggable=\"false\" width=\"3000\" height=\"2000\" class=\"ed__title-xxs\" alt=\"AirPods Pro 3\" style=\"background-color: #f2f2f2; aspect-ratio:3000\/2000;\"\/><\/p>\n<p class=\"ed__a-p ed__bdy__l\">Pour le reste, la construction reste fid\u00e8le \u00e0 celle de l\u2019ancien mod\u00e8le. On retrouve le rev\u00eatement blanc brillant, l\u2019emplacement pour dragonne, ainsi que les mini haut-parleurs d\u00e9di\u00e9s aux alertes sonores et \u00e0 la localisation. La qualit\u00e9 de fabrication demeure excellente, inspirant robustesse et durabilit\u00e9. On note d\u2019ailleurs la disparition du l\u00e9ger jeu au niveau des charni\u00e8res, pr\u00e9sent sur les AirPods Pro\u00a02.<\/p>\n<p class=\"ed__a-p ed__bdy__l\">D\u2019autre part, le bo\u00eetier a \u00e9t\u00e9 revu dans l\u2019esprit des AirPods\u00a04. Il abandonne le bouton d\u2019appairage physique au profit d\u2019un double appui sur une surface tactile situ\u00e9e \u00e0 l\u2019avant. La diode t\u00e9moin de connexion est aussi int\u00e9gr\u00e9e plus discr\u00e8tement.<\/p>\n<p>                <img decoding=\"async\" draggable=\"false\" src=\"https:\/\/www.europesays.com\/fr\/wp-content\/uploads\/2025\/10\/rating_ed@x1.png\"  alt=\"Note de la r\u00e9daction: 4 sur 5\"\/><\/p>\n<p>Exp\u00e9rience utilisateurUn contr\u00f4le ultra pouss\u00e9 sous iOS                                <\/p>\n<p>                                Commandes<\/p>\n<p class=\"ed__a-p ed__bdy__l\">Toujours pr\u00e9cises et r\u00e9actives, les commandes des AirPods Pro\u00a03 restent fid\u00e8les \u00e0 celles de la g\u00e9n\u00e9ration pr\u00e9c\u00e9dente. Le volume se r\u00e8gle par un balayage vertical sur la tige, tandis que la gestion de la lecture et des modes d\u2019isolation s\u2019effectue via des pincements au niveau des encoches avec retour haptique. Chaque interaction est accompagn\u00e9e d\u2019une alerte sonore bien pens\u00e9e, simulant la sensation d\u2019un bouton physique.<\/p>\n<p class=\"ed__a-p ed__bdy__l\"><img loading=\"lazy\" decoding=\"async\" src=\"data:image\/svg+xml,%3Csvg xmlns='http:\/\/www.w3.org\/2000\/svg'%3E%3C\/svg%3E\" draggable=\"false\" width=\"3000\" height=\"2000\" class=\"ed__title-xxs\" alt=\"AirPods Pro 3\" style=\"background-color: #f2f2f2; aspect-ratio:3000\/2000;\"\/><\/p>\n<p class=\"ed__a-p ed__bdy__l\">Les diff\u00e9rences se limitent \u00e0 quelques ajustements mat\u00e9riels. Les encoches sont un peu moins creus\u00e9es et les tiges l\u00e9g\u00e8rement \u00e9paissies impliquent une prise en main un peu plus ferme. Comme sur la deuxi\u00e8me version, un capteur de port tr\u00e8s r\u00e9actif permet de g\u00e9rer automatiquement la lecture\/pause. \u00c0 noter que si les commandes restent fonctionnelles sous Android, la d\u00e9tection de port est exclusive \u00e0 iOS.<\/p>\n<p class=\"ed__a-p ed__bdy__l\">Enfin, gr\u00e2ce \u00e0 la puce U2 \u00e9galement pr\u00e9sente dans les iPhone et les AirTags, la localisation du bo\u00eetier gagne th\u00e9oriquement en pr\u00e9cision. Comme pour les \u00e9couteurs eux-m\u00eames, il est toujours possible de le faire sonner lorsqu\u2019il est \u00e9gar\u00e9 \u00e0 proximit\u00e9.<\/p>\n<p>Connectivit\u00e9<\/p>\n<p class=\"ed__a-p ed__bdy__l\">Comme \u00e0 son habitude, Apple reste muet sur la connectivit\u00e9 int\u00e9gr\u00e9e dans les AirPods Pro\u00a03, d\u2019autant qu\u2019aucune nouvelle puce ne vient justifier un \u00e9ventuel changement \u00e0 ce niveau.<\/p>\n<p class=\"ed__a-p ed__bdy__l\">Sur le papier, ils se contentent d\u2019un r\u00e9cepteur Bluetooth\u00a05.3, uniquement compatible avec les codecs AAC et SBC. Aucun support officiel pour un codec lossless ni pour un mode basse latence, m\u00eame si Apple pourrait recourir \u00e0 des solutions propri\u00e9taires, dont le fonctionnement reste opaque. Mesur\u00e9e \u00e0 190\u00a0ms en natif, la latence est d\u2019ailleurs \u00e9tonnamment correcte au regard de la concurrence, bien que trop \u00e9lev\u00e9e pour ne pas percevoir un d\u00e9calage audiovisuel \u00e0 la lecture d\u2019un contenu non compens\u00e9.<\/p>\n<p class=\"ed__a-p ed__bdy__l\"><img loading=\"lazy\" decoding=\"async\" src=\"data:image\/svg+xml,%3Csvg xmlns='http:\/\/www.w3.org\/2000\/svg'%3E%3C\/svg%3E\" draggable=\"false\" width=\"3000\" height=\"2000\" class=\"ed__title-xxs\" alt=\"AirPods Pro 3\" style=\"background-color: #f2f2f2; aspect-ratio:3000\/2000;\"\/><\/p>\n<p class=\"ed__a-p ed__bdy__l\">Malheureusement, plusieurs fonctionnalit\u00e9s cl\u00e9s restent strictement r\u00e9serv\u00e9es \u00e0 l\u2019\u00e9cosyst\u00e8me Apple. Le multipoint (via Audio Switch), le partage audio et l\u2019appairage rapide ne sont accessibles que sous iOS.<\/p>\n<p>Application<\/p>\n<p class=\"ed__a-p ed__bdy__l\">Comme tous les \u00e9couteurs Apple, les AirPods Pro\u00a03 s\u2019int\u00e8grent directement dans l\u2019app R\u00e9glages d\u2019iOS, sans application d\u00e9di\u00e9e, et leur usage sur Android est tronqu\u00e9.<\/p>\n<p class=\"ed__a-p ed__bdy__l\">Ils embarquent toujours la puce\u00a0H2 et Apple permet \u00e0 un large panel de produits r\u00e9cents de b\u00e9n\u00e9ficier des nouvelles fonctionnalit\u00e9s logicielles. Sous iOS\u00a026, l\u2019exp\u00e9rience est donc pratiquement identique \u00e0 celle des AirPods Pro\u00a02. La seule fonctionnalit\u00e9 exclusive au nouveau mod\u00e8le est la mesure de la fr\u00e9quence cardique \u00e0 l&rsquo;aide d&rsquo;un capteur in\u00e9dit, sur lequel nous reviendrons dans un article d\u00e9di\u00e9.<\/p>\n<p class=\"ed__a-p ed__bdy__l\"><img loading=\"lazy\" decoding=\"async\" src=\"data:image\/svg+xml,%3Csvg xmlns='http:\/\/www.w3.org\/2000\/svg'%3E%3C\/svg%3E\" draggable=\"false\" width=\"3690\" height=\"1997\" class=\"ed__title-xxs\" alt=\"AirPods Pro 3\" style=\"background-color: #f2f2f2; aspect-ratio:3690\/1997;\"\/><\/p>\n<p class=\"ed__a-p ed__bdy__l\">Les rares nouvelles options sont celles introduites avec iOS\u00a026, d\u00e9ploy\u00e9 r\u00e9cemment. Parmi elles, on retrouve la possibilit\u00e9 de prendre une photo \u00e0 l\u2019aide des commandes tactiles des \u00e9couteurs, ou encore la mise en pause automatique de la lecture quand l&rsquo;utilisateur s&rsquo;endort.<\/p>\n<p class=\"ed__a-p ed__bdy__l\">Pour l\u2019heure, Apple r\u00e9serve toujours la fonction de traduction en direct aux pays hors de l\u2019Union Europ\u00e9enne. Idem pour l\u2019aide auditive, que la France boude. Or le test auditif r\u00e9alisable avec les \u00e9couteurs g\u00e9n\u00e8re une \u00e9galisation adapt\u00e9e aux r\u00e9sultats. Nomm\u00e9e Audiogramme, cette derni\u00e8re est accessible aux c\u00f4t\u00e9s d&rsquo;autres modes sonores, au sein du menu Accessibilit\u00e9 de l\u2019iPhone. D\u00e9pendants d\u2019un iPhone en particulier, ces presets ne restent h\u00e9las pas en m\u00e9moire des \u00e9couteurs. Quoi qu\u2019il en soit, ils ne pallieront jamais l\u2019absence d\u2019un v\u00e9ritable \u00e9galiseur \u00e0 bandes.<\/p>\n<p>                <img decoding=\"async\" draggable=\"false\" src=\"https:\/\/www.europesays.com\/fr\/wp-content\/uploads\/2025\/10\/rating_ed@x1.png\"  alt=\"Note de la r\u00e9daction: 5 sur 5\"\/><\/p>\n<p>AudioUn parti pris clivant                                <\/p>\n<p class=\"ed__a-p ed__bdy__l\">M\u00eame si c\u2019\u00e9tait probablement son intention d\u00e8s le d\u00e9part, le passage d\u2019une architecture semi-intra \u00e0 intra-auriculaire a contraint Apple \u00e0 revoir l&rsquo;architecture acoustique de ses \u00e9couteurs phares. Au-del\u00e0 de l\u2019\u00e9ventuelle introduction de nouveaux transducteurs, la marque semble surtout avoir retravaill\u00e9 le contr\u00f4le du flux d\u2019air pour am\u00e9liorer la r\u00e9ponse dans les basses.<\/p>\n<p class=\"ed__a-p ed__bdy__l\">Un changement de signature sonore surprenant s\u2019op\u00e8re bel et bien avec les AirPods Pro\u00a03, qui se d\u00e9marquent de leurs a\u00een\u00e9s par une accentuation plut\u00f4t franche de l\u2019extr\u00eame grave et l\u2019extr\u00eame aigu. Ce parti pris renforce \u00e0 la fois la largeur de la sc\u00e8ne sonore et la sensation d\u2019a\u00e9ration, contribuant \u00e0 l\u2019immersion et au spectacle, mais cela se fait h\u00e9las au d\u00e9triment de la transparence.<\/p>\n<p class=\"ed__a-p ed__bdy__l\"><img loading=\"lazy\" decoding=\"async\" src=\"data:image\/svg+xml,%3Csvg xmlns='http:\/\/www.w3.org\/2000\/svg'%3E%3C\/svg%3E\" draggable=\"false\" width=\"735\" height=\"499\" class=\"ed__title-xxs\" alt=\"AirPods Pro 3\" style=\"background-color: #f2f2f2; aspect-ratio:735\/499;\"\/><\/p>\n<p class=\"ed__a-p ed__bdy__l\">Cette touche d\u2019artifice, perceptible en premier lieu sur les tr\u00e8s hautes fr\u00e9quences, se manifeste par des charleys et des cymbales tr\u00e8s en avant, \u00e0 la brillance parfois excessive. Ce caract\u00e8re peut rapidement devenir envahissant, voire fatigant, \u00e0 l\u2019\u00e9coute d\u2019enregistrements naturellement charg\u00e9s en \u00e9l\u00e9ments percussifs aigus. Difficile d\u2019y \u00e9chapper en cons\u00e9quence, les sibilances vocales les plus aigu\u00ebs sont elles aussi accentu\u00e9es.<\/p>\n<p class=\"ed__a-p ed__bdy__l\">\u00c0 titre de comparaison, bien que d\u00e9j\u00e0 plut\u00f4t lumineux en raison d\u2019un pic vers 7\u00a0kHz, les AirPods Pro\u00a02 sont plus \u00e9quilibr\u00e9s dans les hautes fr\u00e9quences. Les charleys ne sonnent pas outranci\u00e8rement, laissant davantage de place \u00e0 la richesse des m\u00e9diums. Les AirPods Pro 3 ne se contentent d&rsquo;ailleurs pas d\u2019accentuer le pic de leurs devanciers, car toute la plage de 8\u00a0\u00e0\u00a015\u00a0kHz est d\u00e9sormais g\u00e9n\u00e9reusement rehauss\u00e9e. Un r\u00e9glage qui s\u2019av\u00e8re \u00e0 lui seul assez maladroit pour nuire au naturel du rendu.<\/p>\n<p class=\"ed__a-p ed__bdy__l\"><img loading=\"lazy\" decoding=\"async\" src=\"data:image\/svg+xml,%3Csvg xmlns='http:\/\/www.w3.org\/2000\/svg'%3E%3C\/svg%3E\" draggable=\"false\" width=\"735\" height=\"499\" class=\"ed__title-xxs\" alt=\"AirPods Pro 3\" style=\"background-color: #f2f2f2; aspect-ratio:735\/499;\"\/><\/p>\n<p class=\"ed__a-p ed__bdy__l\">M\u00eame si cela ne le justifie pas, ce choix intervient manifestement pour compenser la hausse des basses annonc\u00e9e par Apple. Cette r\u00e9gion r\u00e9v\u00e8le un autre parti pris : celui d\u2019offrir un extr\u00eame grave un peu trop prononc\u00e9, l\u00e0 o\u00f9 les AirPods Pro\u00a02 font preuve d\u2019une parfaite mesure sans nuire \u00e0 l\u2019\u00e9quilibre sur le reste du spectre. Ce surplus alt\u00e8re notamment l\u2019impact des grosses caisses, d\u00e9sormais un peu trop lourd. Cela dit, malgr\u00e9 ce gain \u00e9vident en profondeur, les basses conservent une excellente d\u00e9finition et un contr\u00f4le remarquable.<\/p>\n<p class=\"ed__a-p ed__bdy__l\">Heureusement, l\u2019aspect artificiel des aigus peut se faire oublier sur les enregistrements naturellement doux dans cette r\u00e9gion. De plus, g\u00e9r\u00e9 avec la m\u00eame pr\u00e9cision que sur les AirPods Pro\u00a02, le m\u00e9dium conserve clart\u00e9 et pr\u00e9sence, bien que de fait plus en retrait. Le bas-m\u00e9dium est l\u00e9g\u00e8rement renforc\u00e9 pour donner du corps aux \u00e9l\u00e9ments fondamentaux, tandis que le haut-m\u00e9dium est rehauss\u00e9 avec mod\u00e9ration, suffisamment pour porter les \u00e9l\u00e9ments sonores les plus \u00e9nergiques sans agressivit\u00e9. Cet \u00e9quilibre permet de pr\u00e9server la justesse des timbres, en particulier ceux des caisses claires et des voix, tout en limitant l\u2019exacerbation des chuintantes.<\/p>\n<p>\tComparer les photos\t<\/p>\n<p>\t\t\t\t\t\t\t\t\tSignal carr\u00e9 50 Hz<br \/>\n\t\t\t\t\t\t\tSignal carr\u00e9 500 Hz<\/p>\n<p>                <img loading=\"lazy\" decoding=\"async\" src=\"\" data-alt=\"\" width=\"735\" height=\"499\"\/><\/p>\n<p class=\"ed__a-p ed__bdy__l\">Malgr\u00e9 une signature flatteuse, les AirPods Pro\u00a03 restent techniquement irr\u00e9prochables. Le niveau de d\u00e9tail suppl\u00e9mentaire, concentr\u00e9 sur l\u2019extr\u00eame aigu, n\u2019alt\u00e8re pas fondamentalement l\u2019int\u00e9grit\u00e9 de la musique. Cette approche assum\u00e9e s&rsquo;\u00e9loigne simplement de la neutralit\u00e9, ce qui est \u00e9tonnant de la part d&rsquo;Apple.<\/p>\n<p>                <img decoding=\"async\" draggable=\"false\" src=\"https:\/\/www.europesays.com\/fr\/wp-content\/uploads\/2025\/10\/rating_ed@x1.png\"  alt=\"Note de la r\u00e9daction: 5 sur 5\"\/><\/p>\n<p>IsolationImmersion totale                                <\/p>\n<p>                                R\u00e9duction du bruit<\/p>\n<p class=\"ed__a-p ed__bdy__l\">Apple revendique une r\u00e9duction de bruit deux fois plus efficace que celle des AirPods Pro 2, affirmant m\u00eame avoir con\u00e7u le meilleur sp\u00e9cimen sur le march\u00e9 des \u00e9couteurs sans-fil. Une ambition \u00e9lev\u00e9e, qui n&rsquo;a de sens que sur le papier, mais qui se traduit tout de m\u00eame par des r\u00e9sultats convaincants sur le terrain.<\/p>\n<p class=\"ed__a-p ed__bdy__l\">Comme on pouvait s\u2019y attendre, malgr\u00e9 des am\u00e9liorations annonc\u00e9es sur le traitement audio et les microphones, la progression repose avant tout sur les nouveaux embouts, plus rigides et isolants. En effet, si la r\u00e9duction dans le m\u00e9dium gagne quelques d\u00e9cibels par rapport aux AirPods Pro 2, l\u2019isolation passive prend le relais \u00e0 partir de 4 kHz.<\/p>\n<p class=\"ed__a-p ed__bdy__l\"><img loading=\"lazy\" decoding=\"async\" src=\"data:image\/svg+xml,%3Csvg xmlns='http:\/\/www.w3.org\/2000\/svg'%3E%3C\/svg%3E\" draggable=\"false\" width=\"735\" height=\"499\" class=\"ed__title-xxs\" alt=\"AirPods Pro 3\" style=\"background-color: #f2f2f2; aspect-ratio:735\/499;\"\/><\/p>\n<p class=\"ed__a-p ed__bdy__l\">Le r\u00e9sultat est probant, car les AirPods Pro 3 offrent jusqu\u2019\u00e0 10 dB d\u2019att\u00e9nuation suppl\u00e9mentaire dans le haut-m\u00e9dium et l\u2019aigu. Combin\u00e9e \u00e0 une r\u00e9duction toujours tr\u00e8s efficace du grave au m\u00e9dium, cette am\u00e9lioration permet aux AirPods Pro 3 de proposer l\u2019un des meilleurs ANC du march\u00e9.<\/p>\n<p class=\"ed__a-p ed__bdy__l\">Par rapport aux AirPods Pro 2, le plus impressionnant demeure leur capacit\u00e9 \u00e0 rendre les conversations environnantes totalement incompr\u00e9hensibles. L\u2019\u00e9quilibre fr\u00e9quentiel est tel que seuls les propos simples, forts et isol\u00e9es restent compris. Quant aux bruits du quotidien, seuls les \u00e9l\u00e9ments m\u00e9diums des sons puissants (moteurs, annonces en gare, etc.) subsistent.<\/p>\n<p class=\"ed__a-p ed__bdy__l\"><img loading=\"lazy\" decoding=\"async\" src=\"data:image\/svg+xml,%3Csvg xmlns='http:\/\/www.w3.org\/2000\/svg'%3E%3C\/svg%3E\" draggable=\"false\" width=\"3000\" height=\"2000\" class=\"ed__title-xxs\" alt=\"AirPods Pro 3\" style=\"background-color: #f2f2f2; aspect-ratio:3000\/2000;\"\/><\/p>\n<p class=\"ed__a-p ed__bdy__l\">L\u00e0 o\u00f9 les AirPods Pro\u00a02 excellaient d\u00e9j\u00e0, ce mod\u00e8le efface encore plus efficacement les sons graves. Bruits de ventilation, grondements d\u2019un bus \u00e0 l\u2019arr\u00eat et bruits de fond urbains deviennent presque imperceptibles. En outre, les AirPods Pro\u00a03 g\u00e8rent bien les changements de pression soudains et n\u2019occasionnent aucun bruit de fond ni pression lors de l\u2019activation de l\u2019ANC. Ils surpassent aussi leurs pr\u00e9d\u00e9cesseurs dans la r\u00e9duction des bruits de vent.<\/p>\n<p class=\"ed__a-p ed__bdy__l\">En mati\u00e8re de performances globales, les AirPods Pro\u00a03 d\u00e9passent d\u00e9sormais les <a href=\"https:\/\/www.lesnumeriques.com\/ecouteurs-sans-fil\/bose-qc-ultra-earbuds-2e-generation-p76907\/test.html\" title=\"Bose QC Ultra Earbuds (2e\u00a0g\u00e9n\u00e9ration)\u00a0: des \u00e9couteurs presque parfaits, mais qui bousculent \u00e0 peine leurs a\u00een\u00e9s\" rel=\"nofollow noopener\" target=\"_blank\">Bose QC Ultra Earbuds (2e\u00a0g\u00e9n\u00e9ration)<\/a>. En revanche, ils restent encore l\u00e9g\u00e8rement en dessous des <a href=\"https:\/\/www.lesnumeriques.com\/intra-ecouteur-true-wireless\/sony-wf-1000xm5-p73667\/test.html\" title=\"Sony WF-1000XM5 : du miel pour les oreilles dans un silence absolu\" rel=\"nofollow noopener\" target=\"_blank\">Sony WF-1000XM5<\/a>, qui conservent l&rsquo;avantage dans l\u2019att\u00e9nuation des aigus gr\u00e2ce \u00e0 leurs embouts en mousse, certes moins confortables, mais redoutablement isolants.<\/p>\n<p>\u00c9coute des sons environnants<\/p>\n<p class=\"ed__a-p ed__bdy__l\">Apple a r\u00e9ussi un tour de force en proposant un mode Transparence aussi performant que celui des AirPods Pro\u00a02, malgr\u00e9 des embouts plus isolants.<\/p>\n<p class=\"ed__a-p ed__bdy__l\">L&rsquo;aigu est toujours un peu feutr\u00e9, mais les AirPods Pro\u00a03 pr\u00e9sentent l\u2019environnement avec un grand naturel. Les sons ambiants, qu\u2019ils soient proches ou lointains, sont parfaitement localis\u00e9s et perceptibles, sans que des bruits de fond ne viennent perturber l\u2019exp\u00e9rience. Comme promis, la restitution de notre propre voix gagne en clart\u00e9 gr\u00e2ce \u00e0 une l\u00e9g\u00e8re accentuation autour de 1,5\u00a0kHz. Seul b\u00e9mol, leur conception intra-auriculaire les rend un peu plus pr\u00e9sents dans les oreilles, ce qui limite l\u00e9g\u00e8rement la sensation d\u2019oubli que procurait le mod\u00e8le pr\u00e9c\u00e9dent.<\/p>\n<p class=\"ed__a-p ed__bdy__l\"><img loading=\"lazy\" decoding=\"async\" src=\"data:image\/svg+xml,%3Csvg xmlns='http:\/\/www.w3.org\/2000\/svg'%3E%3C\/svg%3E\" draggable=\"false\" width=\"735\" height=\"499\" class=\"ed__title-xxs\" alt=\"AirPods Pro 3\" style=\"background-color: #f2f2f2; aspect-ratio:735\/499;\"\/><\/p>\n<p>            Points forts<\/p>\n<ul class=\"is--plus\">\n<li>Restitution pr\u00e9cise, profonde et immersive.&#13;<\/li>\n<li>L&rsquo;un des meilleurs ANC du march\u00e9.&#13;<\/li>\n<li>Tr\u00e8s bon confort, excellent maintien.&#13;<\/li>\n<li>Certification IP57.&#13;<\/li>\n<li>Kit mains-libres de haut vol.&#13;<\/li>\n<li>Tr\u00e8s riche en fonctionnalit\u00e9s.<\/li>\n<\/ul>\n<p>            Points faibles<\/p>\n<ul class=\"is--minus\">\n<li>Sonorit\u00e9 artificielle dans l&rsquo;extr\u00eame aigu.&#13;<\/li>\n<li>Conception intra-auriculaire peu universelle.&#13;<\/li>\n<li>Exp\u00e9rience utilisateur tronqu\u00e9e sur Android.&#13;<\/li>\n<li>R\u00e9gression de l&rsquo;autonomie totale.<\/li>\n<\/ul>\n<p>        Conclusion<\/p>\n<p>            <img loading=\"lazy\" decoding=\"async\" src=\"https:\/\/cdn.lesnumeriques.com\/assets\/2025\/09\/30\/1759248644418\/newebfrontstyleguide\/build\/img\/svg\/award-v.svg\" alt=\"5 \u00e9toiles par LesNum\u00e9riques.com\" width=\"165\" height=\"80\"\/><\/p>\n<p>                    Note globale<\/p>\n<p>                <img decoding=\"async\" draggable=\"false\" src=\"https:\/\/www.europesays.com\/fr\/wp-content\/uploads\/2025\/10\/rating_ed@x1.png\"  alt=\"Note de la r\u00e9daction: 5 sur 5\"\/><\/p>\n<p>            Comment fonctionne la notation ?<\/p>\n<p class=\"ed__m-cncls__txt\">Alors que la seconde g\u00e9n\u00e9ration conserve une place de choix face \u00e0 la concurrence, Apple sort des sentiers battus avec des AirPods Pro\u00a03 radicalement diff\u00e9rents. Une d\u00e9marche \u00e0 la fois audacieuse et respectable, mais qui remet en question leur universalit\u00e9. Leur design intra-auriculaire, pourtant aux petits oignons, ne conviendra pas \u00e0 tous les utilisateurs, tandis que leur signature sonore s\u2019\u00e9loigne de la subtilit\u00e9 qui caract\u00e9risait le pr\u00e9c\u00e9dent mod\u00e8le. Au-del\u00e0 de fonctions de sant\u00e9 innovantes, d\u2019une orientation plus sportive et d\u2019une autonomie accrue, leur v\u00e9ritable atout r\u00e9side dans une r\u00e9duction du bruit largement optimis\u00e9e, au point de pratiquement se hisser au rang de la meilleure du march\u00e9.<\/p>\n","protected":false},"excerpt":{"rendered":"Construction &amp; ConfortR\u00e9volution intra-auriculaire Cette troisi\u00e8me g\u00e9n\u00e9ration d\u2019\u00e9couteurs premium Apple marque un changement de philosophie assez radical en&hellip;\n","protected":false},"author":2,"featured_media":436794,"comment_status":"","ping_status":"","sticky":false,"template":"","format":"standard","meta":{"footnotes":""},"categories":[7],"tags":[1011,27,43,40,41,39,42,44],"class_list":{"0":"post-436793","1":"post","2":"type-post","3":"status-publish","4":"format-standard","5":"has-post-thumbnail","7":"category-sciences-et-technologies","8":"tag-fr","9":"tag-france","10":"tag-science","11":"tag-science-and-technology","12":"tag-sciences","13":"tag-sciences-et-technologies","14":"tag-technologies","15":"tag-technology"},"share_on_mastodon":{"url":"https:\/\/pubeurope.com\/@fr\/115311674607583931","error":""},"_links":{"self":[{"href":"https:\/\/www.europesays.com\/fr\/wp-json\/wp\/v2\/posts\/436793","targetHints":{"allow":["GET"]}}],"collection":[{"href":"https:\/\/www.europesays.com\/fr\/wp-json\/wp\/v2\/posts"}],"about":[{"href":"https:\/\/www.europesays.com\/fr\/wp-json\/wp\/v2\/types\/post"}],"author":[{"embeddable":true,"href":"https:\/\/www.europesays.com\/fr\/wp-json\/wp\/v2\/users\/2"}],"replies":[{"embeddable":true,"href":"https:\/\/www.europesays.com\/fr\/wp-json\/wp\/v2\/comments?post=436793"}],"version-history":[{"count":0,"href":"https:\/\/www.europesays.com\/fr\/wp-json\/wp\/v2\/posts\/436793\/revisions"}],"wp:featuredmedia":[{"embeddable":true,"href":"https:\/\/www.europesays.com\/fr\/wp-json\/wp\/v2\/media\/436794"}],"wp:attachment":[{"href":"https:\/\/www.europesays.com\/fr\/wp-json\/wp\/v2\/media?parent=436793"}],"wp:term":[{"taxonomy":"category","embeddable":true,"href":"https:\/\/www.europesays.com\/fr\/wp-json\/wp\/v2\/categories?post=436793"},{"taxonomy":"post_tag","embeddable":true,"href":"https:\/\/www.europesays.com\/fr\/wp-json\/wp\/v2\/tags?post=436793"}],"curies":[{"name":"wp","href":"https:\/\/api.w.org\/{rel}","templated":true}]}}