{"id":436803,"date":"2025-10-03T18:38:11","date_gmt":"2025-10-03T18:38:11","guid":{"rendered":"https:\/\/www.europesays.com\/fr\/436803\/"},"modified":"2025-10-03T18:38:11","modified_gmt":"2025-10-03T18:38:11","slug":"saint-chamond-la-ville-se-mobilise-pour-la-reussite-des-enfants","status":"publish","type":"post","link":"https:\/\/www.europesays.com\/fr\/436803\/","title":{"rendered":"Saint-Chamond. La ville se mobilise pour la r\u00e9ussite des enfants"},"content":{"rendered":"<p>\u00c2g\u00e9s de 2 \u00e0 16 ans, enfants et adolescents, souvent confront\u00e9s aux difficult\u00e9s scolaires, sociales ou familiales, sont suivis dans le cadre du Dispositif de R\u00e9ussite \u00c9ducative (DRE). Entre soutien individualis\u00e9, m\u00e9diation avec les familles et projets collectifs, ce dispositif peu connu du grand public joue un r\u00f4le crucial dans la lutte contre les in\u00e9galit\u00e9s, au c\u0153ur des quartiers prioritaires de la ville (QPV) ou des \u00e9tablissements d\u2019\u00e9ducation prioritaire (REP, REP +).<\/p>\n<p>Un dispositif efficace et&#8230;                        <\/p>\n","protected":false},"excerpt":{"rendered":"\u00c2g\u00e9s de 2 \u00e0 16 ans, enfants et adolescents, souvent confront\u00e9s aux difficult\u00e9s scolaires, sociales ou familiales, sont&hellip;\n","protected":false},"author":2,"featured_media":436804,"comment_status":"","ping_status":"","sticky":false,"template":"","format":"standard","meta":{"footnotes":""},"categories":[9653],"tags":[1111,11,2430,7539,1777,674,1011,27,12,25,9669,9670,4001,801],"class_list":{"0":"post-436803","1":"post","2":"type-post","3":"status-publish","4":"format-standard","5":"has-post-thumbnail","7":"category-saint-etienne","8":"tag-actu","9":"tag-actualites","10":"tag-auvergne-rhone-alpes","11":"tag-edition-loire-sud","12":"tag-eu","13":"tag-europe","14":"tag-fr","15":"tag-france","16":"tag-news","17":"tag-republique-francaise","18":"tag-saint-chamond","19":"tag-saint-chamond-ville","20":"tag-saint-etienne","21":"tag-social"},"share_on_mastodon":{"url":"https:\/\/pubeurope.com\/@fr\/115311693323804041","error":""},"_links":{"self":[{"href":"https:\/\/www.europesays.com\/fr\/wp-json\/wp\/v2\/posts\/436803","targetHints":{"allow":["GET"]}}],"collection":[{"href":"https:\/\/www.europesays.com\/fr\/wp-json\/wp\/v2\/posts"}],"about":[{"href":"https:\/\/www.europesays.com\/fr\/wp-json\/wp\/v2\/types\/post"}],"author":[{"embeddable":true,"href":"https:\/\/www.europesays.com\/fr\/wp-json\/wp\/v2\/users\/2"}],"replies":[{"embeddable":true,"href":"https:\/\/www.europesays.com\/fr\/wp-json\/wp\/v2\/comments?post=436803"}],"version-history":[{"count":0,"href":"https:\/\/www.europesays.com\/fr\/wp-json\/wp\/v2\/posts\/436803\/revisions"}],"wp:featuredmedia":[{"embeddable":true,"href":"https:\/\/www.europesays.com\/fr\/wp-json\/wp\/v2\/media\/436804"}],"wp:attachment":[{"href":"https:\/\/www.europesays.com\/fr\/wp-json\/wp\/v2\/media?parent=436803"}],"wp:term":[{"taxonomy":"category","embeddable":true,"href":"https:\/\/www.europesays.com\/fr\/wp-json\/wp\/v2\/categories?post=436803"},{"taxonomy":"post_tag","embeddable":true,"href":"https:\/\/www.europesays.com\/fr\/wp-json\/wp\/v2\/tags?post=436803"}],"curies":[{"name":"wp","href":"https:\/\/api.w.org\/{rel}","templated":true}]}}