{"id":436807,"date":"2025-10-03T18:40:11","date_gmt":"2025-10-03T18:40:11","guid":{"rendered":"https:\/\/www.europesays.com\/fr\/436807\/"},"modified":"2025-10-03T18:40:11","modified_gmt":"2025-10-03T18:40:11","slug":"la-region-grand-est-replique","status":"publish","type":"post","link":"https:\/\/www.europesays.com\/fr\/436807\/","title":{"rendered":"la R\u00e9gion Grand Est r\u00e9plique"},"content":{"rendered":"<p>Suite au communiqu\u00e9 du Collectif de l\u2019association Aux Actes Citoyens <a href=\"https:\/\/www.estrepublicain.fr\/culture-loisirs\/2025\/10\/01\/l-avenir-incertain-du-festival-aux-actes-citoyens\" target=\"_blank\" rel=\"noopener\">(notre \u00e9dition du 2\u00a0octobre),<\/a> indiquant que \u00ab\u00a0le retrait soudain\u00a0\u00bb du soutien financier r\u00e9gional, retrait cons\u00e9cutif \u00e0 \u00ab\u00a0une d\u00e9cision prise deux jours seulement apr\u00e8s la cl\u00f4ture de l\u2019\u00e9v\u00e9nement\u00a0\u00bb (le collectif regrettant de ne pas avoir per\u00e7u la subvention, alors m\u00eame qu\u2019il affichait le logo de la R\u00e9gion sur ses supports de communication), mettait en p\u00e9ril l\u2019avenir du festival, Val\u00e9rie Debord, premi\u00e8re vice-pr\u00e9sidente de la R\u00e9gion Grand Est, a apport\u00e9 les \u00e9claircissements suivants\u00a0: \u00ab\u00a0La R\u00e9gion Grand Est d\u00e9plore de ne pas avoir \u00e9t\u00e9 contact\u00e9e par les membres du collectif pour recueillir sa version des faits, laissant ainsi diffuser une information \u00e0 charge, inexacte et trompeuse. Il importe de rappeler que l\u2019association Aux Actes Citoyens n\u2019a d\u00e9pos\u00e9 aucune demande de subvention pour l\u2019\u00e9dition 2025 de son \u00e9v\u00e9nement.\u00a0\u00bb<\/p>\n<p>\u00ab\u00a0Depuis 2017, la R\u00e9gion a soutenu ce festival \u00e0 hauteur de 20\u00a0000\u00a0\u20ac par an, soit un total de 160\u00a0000\u00a0\u20ac sur huit \u00e9ditions, toutes vot\u00e9es en commission permanente en amont de la manifestation, poursuit l\u2019\u00e9lue. Malgr\u00e9 plusieurs alertes aupr\u00e8s des responsables de l\u2019association, aucune d\u00e9marche n\u2019a \u00e9t\u00e9 engag\u00e9e pour solliciter une subvention en 2025. Nous regrettons que ces \u00e9l\u00e9ments essentiels n\u2019aient pas \u00e9t\u00e9 port\u00e9s \u00e0 la connaissance des destinataires du communiqu\u00e9. Par ailleurs, la R\u00e9gion maintient des relations r\u00e9guli\u00e8res et constructives avec les \u00e9lus locaux et les repr\u00e9sentants de la ville de Tomblaine. Nous ne comprenons ni l\u2019absence de demande de l\u2019association, ni la posture adopt\u00e9e.\u00a0\u00bb<\/p>\n","protected":false},"excerpt":{"rendered":"Suite au communiqu\u00e9 du Collectif de l\u2019association Aux Actes Citoyens (notre \u00e9dition du 2\u00a0octobre), indiquant que \u00ab\u00a0le retrait&hellip;\n","protected":false},"author":2,"featured_media":436808,"comment_status":"","ping_status":"","sticky":false,"template":"","format":"standard","meta":{"footnotes":""},"categories":[9635],"tags":[1111,11,1687,1704,1777,674,1011,27,775,11260,1702,12,3456,25,3140,11703],"class_list":{"0":"post-436807","1":"post","2":"type-post","3":"status-publish","4":"format-standard","5":"has-post-thumbnail","7":"category-nancy","8":"tag-actu","9":"tag-actualites","10":"tag-culture-loisirs","11":"tag-edition-nancy-et-agglomeration","12":"tag-eu","13":"tag-europe","14":"tag-fr","15":"tag-france","16":"tag-grand-est","17":"tag-metropole-du-grand-nancy-54b4","18":"tag-nancy","19":"tag-news","20":"tag-region-lorraine","21":"tag-republique-francaise","22":"tag-spectacle","23":"tag-tomblaine"},"share_on_mastodon":{"url":"https:\/\/pubeurope.com\/@fr\/115311701175942136","error":""},"_links":{"self":[{"href":"https:\/\/www.europesays.com\/fr\/wp-json\/wp\/v2\/posts\/436807","targetHints":{"allow":["GET"]}}],"collection":[{"href":"https:\/\/www.europesays.com\/fr\/wp-json\/wp\/v2\/posts"}],"about":[{"href":"https:\/\/www.europesays.com\/fr\/wp-json\/wp\/v2\/types\/post"}],"author":[{"embeddable":true,"href":"https:\/\/www.europesays.com\/fr\/wp-json\/wp\/v2\/users\/2"}],"replies":[{"embeddable":true,"href":"https:\/\/www.europesays.com\/fr\/wp-json\/wp\/v2\/comments?post=436807"}],"version-history":[{"count":0,"href":"https:\/\/www.europesays.com\/fr\/wp-json\/wp\/v2\/posts\/436807\/revisions"}],"wp:featuredmedia":[{"embeddable":true,"href":"https:\/\/www.europesays.com\/fr\/wp-json\/wp\/v2\/media\/436808"}],"wp:attachment":[{"href":"https:\/\/www.europesays.com\/fr\/wp-json\/wp\/v2\/media?parent=436807"}],"wp:term":[{"taxonomy":"category","embeddable":true,"href":"https:\/\/www.europesays.com\/fr\/wp-json\/wp\/v2\/categories?post=436807"},{"taxonomy":"post_tag","embeddable":true,"href":"https:\/\/www.europesays.com\/fr\/wp-json\/wp\/v2\/tags?post=436807"}],"curies":[{"name":"wp","href":"https:\/\/api.w.org\/{rel}","templated":true}]}}