{"id":436811,"date":"2025-10-03T18:42:13","date_gmt":"2025-10-03T18:42:13","guid":{"rendered":"https:\/\/www.europesays.com\/fr\/436811\/"},"modified":"2025-10-03T18:42:13","modified_gmt":"2025-10-03T18:42:13","slug":"rayan-rebbadj-element-cle-du-secteur-aerien-pour-le-rct","status":"publish","type":"post","link":"https:\/\/www.europesays.com\/fr\/436811\/","title":{"rendered":"Rayan Rebbadj, \u00e9l\u00e9ment cl\u00e9 du secteur a\u00e9rien pour le RCT ?"},"content":{"rendered":"<p class=\"fs-5 \">Le d\u00e9placement au Pays basque a laiss\u00e9 des traces. Ga\u00ebl Dr\u00e9an commotionn\u00e9 apr\u00e8s son choc \u00f4 combien spectaculaire avec Cheikh Tiberghien, Setariki Tuicuvu bombard\u00e9 (et plut\u00f4t d\u00e9s\u0153uvr\u00e9) par les quilles de Joris Segonds, c\u2019est au tour de Rayan Rebbadj d\u2019avoir sa chance sur l\u2019aile toulonnaise.<\/p>\n<p class=\"fs-5 \">Champion olympique de rugby \u00e0 VII avec les Bleus lors des JO de Paris 2024, le natif de Martigues disputera, face \u00e0 la Section paloise, son premier match de la saison. Et son premier, tout court, depuis le 22 mars dernier.<\/p>\n<p class=\"fs-5 \">Ce jour-l\u00e0, face \u00e0 Perpignan, Rayan Rebbadj, d\u00e9j\u00e0 titulaire sur une aile, avait inscrit un essai. Pourtant, tout autant aur\u00e9ol\u00e9 de son titre olympique qu\u2019il soit, le Toulonnais de 26 ans n\u2019a, jusqu\u2019ici, que tr\u00e8s rarement eu sa chance sous le maillot frapp\u00e9 du muguet.<\/p>\n<p>            <img decoding=\"async\" src=\"https:\/\/www.europesays.com\/fr\/wp-content\/uploads\/2025\/10\/d39e1cf_upload-from-url-1-wm0xzyjcpl3l-data-art-16361662.jpg\" loading=\"lazy\" alt=\"Charles Ollivon (\u00e0 g.) retrouve la comp\u00e9tition apr\u00e8s neuf mois d\u2019absence. Photo Val\u00e9rie Le Parc \" class=\"img-fluid position-absolute w-100 object-fit-coverrounded-2\" width=\"600\" height=\"400\"\/><\/p>\n<p>                                                                                \u00ab\u00a0Il a un mental tr\u00e8s, tr\u00e8s costaud\u00a0\u00bb<\/p>\n<p class=\"fs-5 \">Mais cet apr\u00e8s-midi, au c\u0153ur de Mayol, il pourrait bien \u00eatre un atout a\u00e9rien majeur pour son \u00e9quipe\u2026 pour le moins en d\u00e9licatesse dans ce secteur. \u00c0 l\u2019aise sous les ballons hauts gr\u00e2ce \u00e0 sa formation de septiste, le polyvalent trois-quarts aura son mot \u00e0 dire. Encore plus face \u00e0 une \u00e9quipe ultra-performante dans ce domaine.<\/p>\n<p class=\"fs-5 \">En janvier dernier, il y a (d\u00e9j\u00e0) neuf mois, son entra\u00eeneur louait son \u00e9tat d\u2019esprit. Pierre Mignoni d\u00e9taillait : \u00ab Il a ma confiance et s\u2019il y a bien un joueur dans le groupe qui m\u00e9rite de jouer, c\u2019est lui. Il travaille dur toutes les semaines, il s\u2019accroche, il a un mental tr\u00e8s, tr\u00e8s costaud. \u00c7 a a \u00e9t\u00e9 compliqu\u00e9 par moments pour lui, mais je l\u2019ai vu s\u2019accrocher et il m\u00e9rite de jouer. \u00bb Face \u00e0 la Section, Rayan Rebbadj disputera le 13e match de sa vie sous les couleurs toulonnaises. De bon augure pour le supporter de l\u2019OM qu\u2019il est ?<\/p>\n<p>            <img decoding=\"async\" src=\"https:\/\/www.europesays.com\/fr\/wp-content\/uploads\/2025\/10\/1759516933_607_48c78a6_upload-from-url-1-nk7qvhcb4iqd-data-art-16350704.jpg\" loading=\"lazy\" alt=\"Op\u00e9r\u00e9 du genou droit en janvier dernier, le troisi\u00e8me ligne international va retrouver le Top 14 ce week-end. Photo Frank Muller\" class=\"img-fluid position-absolute w-100 object-fit-coverrounded-2\" width=\"600\" height=\"400\"\/><\/p>\n","protected":false},"excerpt":{"rendered":"Le d\u00e9placement au Pays basque a laiss\u00e9 des traces. Ga\u00ebl Dr\u00e9an commotionn\u00e9 apr\u00e8s son choc \u00f4 combien spectaculaire&hellip;\n","protected":false},"author":2,"featured_media":436812,"comment_status":"","ping_status":"","sticky":false,"template":"","format":"standard","meta":{"footnotes":""},"categories":[9619],"tags":[1111,11,1777,674,1011,27,12,882,3461,25,2310],"class_list":{"0":"post-436811","1":"post","2":"type-post","3":"status-publish","4":"format-standard","5":"has-post-thumbnail","7":"category-toulon","8":"tag-actu","9":"tag-actualites","10":"tag-eu","11":"tag-europe","12":"tag-fr","13":"tag-france","14":"tag-news","15":"tag-provence-alpes-cote-dazur","16":"tag-rct","17":"tag-republique-francaise","18":"tag-toulon"},"share_on_mastodon":{"url":"https:\/\/pubeurope.com\/@fr\/115311709144490638","error":""},"_links":{"self":[{"href":"https:\/\/www.europesays.com\/fr\/wp-json\/wp\/v2\/posts\/436811","targetHints":{"allow":["GET"]}}],"collection":[{"href":"https:\/\/www.europesays.com\/fr\/wp-json\/wp\/v2\/posts"}],"about":[{"href":"https:\/\/www.europesays.com\/fr\/wp-json\/wp\/v2\/types\/post"}],"author":[{"embeddable":true,"href":"https:\/\/www.europesays.com\/fr\/wp-json\/wp\/v2\/users\/2"}],"replies":[{"embeddable":true,"href":"https:\/\/www.europesays.com\/fr\/wp-json\/wp\/v2\/comments?post=436811"}],"version-history":[{"count":0,"href":"https:\/\/www.europesays.com\/fr\/wp-json\/wp\/v2\/posts\/436811\/revisions"}],"wp:featuredmedia":[{"embeddable":true,"href":"https:\/\/www.europesays.com\/fr\/wp-json\/wp\/v2\/media\/436812"}],"wp:attachment":[{"href":"https:\/\/www.europesays.com\/fr\/wp-json\/wp\/v2\/media?parent=436811"}],"wp:term":[{"taxonomy":"category","embeddable":true,"href":"https:\/\/www.europesays.com\/fr\/wp-json\/wp\/v2\/categories?post=436811"},{"taxonomy":"post_tag","embeddable":true,"href":"https:\/\/www.europesays.com\/fr\/wp-json\/wp\/v2\/tags?post=436811"}],"curies":[{"name":"wp","href":"https:\/\/api.w.org\/{rel}","templated":true}]}}