{"id":436819,"date":"2025-10-03T18:46:14","date_gmt":"2025-10-03T18:46:14","guid":{"rendered":"https:\/\/www.europesays.com\/fr\/436819\/"},"modified":"2025-10-03T18:46:14","modified_gmt":"2025-10-03T18:46:14","slug":"julia-capel-dunn-est-la-nouvelle-directrice-de-cabinet-du-prefet","status":"publish","type":"post","link":"https:\/\/www.europesays.com\/fr\/436819\/","title":{"rendered":"Julia Capel-Dunn est la nouvelle directrice de cabinet du pr\u00e9fet"},"content":{"rendered":"<p>            Par<br \/>\n        <strong><br \/>\n            <a href=\"https:\/\/actu.fr\/auteur\/yann-rivallan\" title=\"Consulter tous les articles de Yann Rivallan\" rel=\"nofollow noopener\" target=\"_blank\">Yann Rivallan<\/a><br \/>\n        <\/strong><\/p>\n<p>        Publi\u00e9 le<\/p>\n<p>            3 oct. 2025 \u00e0 15h04<br \/>\n        ; mis \u00e0 jour le 3 oct. 2025 \u00e0 17h41    <\/p>\n<p>Elle vient tout juste de prendre ses fonctions. Depuis le 29\u00a0septembre 2025, Julia Capel-Dunn est la nouvelle <strong>directrice de cabinet du pr\u00e9fet <\/strong>de la <a href=\"https:\/\/actu.fr\/normandie\/seine-maritime_76\" rel=\"nofollow noopener\" target=\"_blank\">Seine-Maritime<\/a> et de la r\u00e9gion Normandie. \u00c0 49\u00a0ans, elle succ\u00e8de \u00e0 Cl\u00e9ment Viv\u00e8s \u00e0 cette fonction.<\/p>\n<p>Sp\u00e9cialis\u00e9e dans les questions d\u2019immigration<\/p>\n<p class=\" wall-content\">N\u00e9e \u00e0 Dijon, la nouvelle directrice de cabinet a derri\u00e8re elle une carri\u00e8re d\u00e9j\u00e0 bien remplie. Apr\u00e8s avoir obtenu son dipl\u00f4me \u00e0 l\u2019Institut R\u00e9gional d\u2019Administration de Lyon en 2000, elle se sp\u00e9cialise rapidement dans les droits des <strong>\u00e9trangers et l\u2019accueil des migrants<\/strong>.<\/p>\n<p class=\" wall-content\">Elle encha\u00eene ainsi des postes \u00e0 responsabilit\u00e9s au minist\u00e8re des Affaires sociales puis au minist\u00e8re de l\u2019Immigration (depuis int\u00e9gr\u00e9 au minist\u00e8re de l\u2019Int\u00e9rieur), sous la houlette d\u2019\u00c9ric Besson puis de <a href=\"https:\/\/actu.fr\/politique\/financement-libyen-condamne-a-5-ans-ferme-nicolas-sarkozy-va-bientot-dormir-en-prison_63212665.html\" rel=\"nofollow noopener\" target=\"_blank\">Brice Hortefeux<\/a>.<\/p>\n<p class=\" wall-content\">Dans le m\u00eame registre, elle a aussi \u00e9t\u00e9 charg\u00e9e des fronti\u00e8res en Transmanche \u00e0 la direction g\u00e9n\u00e9rale des \u00e9trangers en France. Elle a notamment travaill\u00e9 sur<strong> la question<\/strong> des migrants qui souhaitent rejoindre le Royaume-Uni depuis les c\u00f4tes fran\u00e7aises.<\/p>\n<p class=\" wall-content\">C\u00f4t\u00e9 administration territoriale, elle a \u00e9t\u00e9 sous-pr\u00e9f\u00e8te de Sedan, dans les Ardennes. Elle a aussi \u00e9t\u00e9 directrice de cabinet du pr\u00e9fet de l\u2019Yonne et secr\u00e9taire g\u00e9n\u00e9rale du pr\u00e9fet de l\u2019Ard\u00e8che.<\/p>\n<p>S\u00e9curit\u00e9 routi\u00e8re, risques technologiques\u2026<\/p>\n<p class=\" wall-content\">En Seine-Maritime, un d\u00e9partement \u00ab\u2009qu\u2019elle d\u00e9couvre\u2009\u00bb, confie-t-elle, elle dit avoir d\u00e9j\u00e0 identifi\u00e9 plusieurs th\u00e9matiques.<\/p>\n<blockquote class=\"ac-article-quote wall-content\">\n<p>La s\u00e9curit\u00e9 publique, la s\u00e9curit\u00e9 routi\u00e8re, qui concerne beaucoup [ce d\u00e9partement] et la s\u00e9curit\u00e9 civile.<\/p>\n<p>    <strong>Julia Capel-Dunn<\/strong><br \/>\n        Nouvelle directrice de cabinet du pr\u00e9fet de la Seine-Maritime    <\/p><\/blockquote>\n<p>Votre r\u00e9gion, votre actu !<\/p>\n<p>Recevez chaque jour les infos qui comptent pour vous.<\/p>\n<p>\t<a href=\"https:\/\/actu.fr\/newsletter\" class=\"ac-btn ac-btn--corner ac-btn--medium ac-btn--blue800\" rel=\"nofollow noopener\" target=\"_blank\">S&rsquo;incrire<\/a><\/p>\n<p class=\" wall-content\">Elle note aussi <strong>\u00ab\u2009une sensibilit\u00e9 particuli\u00e8re\u2009\u00bb<\/strong> de notre d\u00e9partement aux \u00ab\u2009risques technologiques\u2009\u00bb. Un risque industriel qui s\u2019explique par la grande pr\u00e9sence d\u2019usines class\u00e9es Seveso.<\/p>\n<p class=\" wall-content\">Et puis aussi les risques naturels. Une probl\u00e9matique sur laquelle elle s\u2019attend aussi \u00e0 travailler. Avec, en t\u00eate, \u00ab\u2009les risques li\u00e9s aux falaises, aux marni\u00e8res ou aux inondations\u2009\u00bb, pr\u00e9cise-t-elle.<\/p>\n<p>Suivez l\u2019actualit\u00e9 de Rouen sur <a href=\"https:\/\/www.whatsapp.com\/channel\/0029VaKfnf99hXF2ddApFB1D\" rel=\"nofollow noopener\" target=\"_blank\">notre cha\u00eene WhatsApp<\/a> et sur <a href=\"https:\/\/www.tiktok.com\/@76actu.fr?lang=fr\" rel=\"nofollow noopener\" target=\"_blank\">notre compte TikTok<\/a><\/p>\n<p class=\" wall-content\">Personnalisez votre actualit\u00e9 en ajoutant vos villes et m\u00e9dias en favori avec <a href=\"https:\/\/moncompte.actu.fr\" title=\"D\u00e9couvez Mon Actu\" rel=\"nofollow noopener\" data-trk=\"{&quot;cta&quot;:{&quot;action&quot;:&quot;https:\\\/\\\/moncompte.actu.fr&quot;,&quot;category&quot;:&quot;mon compte&quot;,&quot;from&quot;:&quot;article footer&quot;,&quot;name&quot;:&quot;Mon actu&quot;,&quot;type&quot;:&quot;cta&quot;}}\" target=\"_blank\">Mon Actu<\/a>.<\/p>\n<p>                    <script async src=\"\/\/www.tiktok.com\/embed.js\"><\/script><\/p>\n","protected":false},"excerpt":{"rendered":"Par Yann Rivallan Publi\u00e9 le 3 oct. 2025 \u00e0 15h04 ; mis \u00e0 jour le 3 oct. 2025&hellip;\n","protected":false},"author":2,"featured_media":436820,"comment_status":"","ping_status":"","sticky":false,"template":"","format":"standard","meta":{"footnotes":""},"categories":[9587],"tags":[1111,11,1777,674,1011,27,12,5161,25,9590,104],"class_list":{"0":"post-436819","1":"post","2":"type-post","3":"status-publish","4":"format-standard","5":"has-post-thumbnail","7":"category-rouen","8":"tag-actu","9":"tag-actualites","10":"tag-eu","11":"tag-europe","12":"tag-fr","13":"tag-france","14":"tag-news","15":"tag-normandie","16":"tag-republique-francaise","17":"tag-rouen","18":"tag-societe"},"share_on_mastodon":{"url":"https:\/\/pubeurope.com\/@fr\/115311724854534744","error":""},"_links":{"self":[{"href":"https:\/\/www.europesays.com\/fr\/wp-json\/wp\/v2\/posts\/436819","targetHints":{"allow":["GET"]}}],"collection":[{"href":"https:\/\/www.europesays.com\/fr\/wp-json\/wp\/v2\/posts"}],"about":[{"href":"https:\/\/www.europesays.com\/fr\/wp-json\/wp\/v2\/types\/post"}],"author":[{"embeddable":true,"href":"https:\/\/www.europesays.com\/fr\/wp-json\/wp\/v2\/users\/2"}],"replies":[{"embeddable":true,"href":"https:\/\/www.europesays.com\/fr\/wp-json\/wp\/v2\/comments?post=436819"}],"version-history":[{"count":0,"href":"https:\/\/www.europesays.com\/fr\/wp-json\/wp\/v2\/posts\/436819\/revisions"}],"wp:featuredmedia":[{"embeddable":true,"href":"https:\/\/www.europesays.com\/fr\/wp-json\/wp\/v2\/media\/436820"}],"wp:attachment":[{"href":"https:\/\/www.europesays.com\/fr\/wp-json\/wp\/v2\/media?parent=436819"}],"wp:term":[{"taxonomy":"category","embeddable":true,"href":"https:\/\/www.europesays.com\/fr\/wp-json\/wp\/v2\/categories?post=436819"},{"taxonomy":"post_tag","embeddable":true,"href":"https:\/\/www.europesays.com\/fr\/wp-json\/wp\/v2\/tags?post=436819"}],"curies":[{"name":"wp","href":"https:\/\/api.w.org\/{rel}","templated":true}]}}