{"id":436821,"date":"2025-10-03T18:47:21","date_gmt":"2025-10-03T18:47:21","guid":{"rendered":"https:\/\/www.europesays.com\/fr\/436821\/"},"modified":"2025-10-03T18:47:21","modified_gmt":"2025-10-03T18:47:21","slug":"cetait-des-zinzins-de-lespace","status":"publish","type":"post","link":"https:\/\/www.europesays.com\/fr\/436821\/","title":{"rendered":"C&rsquo;\u00e9tait des zinzins de l&rsquo;espace"},"content":{"rendered":"<p>      Publi\u00e9 le03\/10\/2025 \u00e0 18h11<\/p>\n<ul class=\"article-share--alt__lst\">\n<li class=\"article-share--alt__lst__itm\">\n<p>      France3 R\u00e9gions sur Facebook (Nouvelle fen\u00eatre)<\/p>\n<\/li>\n<li class=\"article-share--alt__lst__itm\">\n<p>      France3 R\u00e9gions sur WhatsApp (Nouvelle fen\u00eatre)<\/p>\n<\/li>\n<li class=\"article-share--alt__lst__itm\">\n<p>              copier le lien<\/p>\n<\/li>\n<\/ul>\n<p class=\"article__intro\">Le maire de Rouen a fait un signalement au procureur de la R\u00e9publique, \u00e0 la suite d&rsquo;une violente bagarre au bar Le 3 Pi\u00e8ces, impliquant des membres de l&rsquo;Action fran\u00e7aise, vendredi 26 septembre 2025. Mais que s&rsquo;est-il pass\u00e9 ? \u00c9l\u00e9ments de r\u00e9ponses.<\/p>\n<p>\n      L\u2019actu des r\u00e9gions\n    <\/p>\n<p>\n      Chaque jour, un tour d\u2019horizon des principales infos de toutes les r\u00e9gions.\n    <\/p>\n<p>    France T\u00e9l\u00e9visions utilise votre adresse e-mail afin de vous envoyer la newsletter \u00ab\u00a0L\u2019actu des r\u00e9gions\u00a0\u00bb. Vous pouvez vous d\u00e9sinscrire \u00e0 tout moment via le lien en bas de cette newsletter. <a target=\"_blank\" href=\"https:\/\/www.francetelevisions.fr\/groupe\/confidentialite\/politique-de-confidentialite\/politique-de-confidentialite-de-france-televisions-6503\" rel=\"nofollow noopener\">Notre politique de confidentialit\u00e9<\/a><\/p>\n<p>Plusieurs t\u00e9moins nous ont racont\u00e9 la sc\u00e8ne du vendredi 26 septembre 2025, au bar Le 3 Pi\u00e8ces \u00e0 Rouen, vers 22h30.<\/p>\n<p>\u00ab\u00a0C&rsquo;\u00e9tait super, la terrasse \u00e9tait blind\u00e9e, on venait de voir l&rsquo;un des meilleurs concerts de ma vie, un groupe am\u00e9ricain de Portland Forty Feet Tall, se souvient avec enthousiasme, Lucas, 27 ans, pr\u00e9sent sur place. Ce bar est g\u00e9nial, tout le monde se conna\u00eet, c&rsquo;est tr\u00e8s familial.\u00a0\u00bb<\/p>\n<p>Et puis, vers 22h30, six jeunes hommes, \u00ab\u00a0\u00e2g\u00e9s de 18 \u00e0 22 ans pas plus\u00a0\u00bb, sont arriv\u00e9s et sont rest\u00e9s debout au bout d&rsquo;une grande tabl\u00e9e sur la terrasse. \u00ab\u00a0Personne ne les connaissait\u00a0\u00bb, assure l&rsquo;une des personnes pr\u00e9sentes ce soir-l\u00e0.<\/p>\n<p>\u00ab\u00a0L&rsquo;un d&rsquo;eux exhibe un tee-shirt avec les logos cannabis, f\u00e9ministe et communistes barr\u00e9s o\u00f9 c&rsquo;est \u00e9crit &lsquo;z\u00e9ro tol\u00e9rance&rsquo; et nous demande si on conna\u00eet \u00e7a\u00a0\u00bb, raconte Lucas. Des personnes pr\u00e9sentes ce soir-l\u00e0 entament alors des discussions avec eux mais visiblement, l&rsquo;un des six jeunes hommes n&rsquo;aurait pas appr\u00e9ci\u00e9 un \u00e9change de regard avec un client du bar.<\/p>\n<p>Ce dernier serait alors mont\u00e9 sur une table avant de se jeter sur un jeune homme, qui est tomb\u00e9 par terre. \u00ab\u00a0C&rsquo;est alors que plusieurs personnes pr\u00e9sentes ce soir-l\u00e0 commencent \u00e0 se positionner devant le jeune homme agress\u00e9 pour le prot\u00e9ger et demandent aux six autres de partir\u00a0\u00bb, continue Lucas.<\/p>\n<p>\u00ab\u00a0Mais \u00e7a s&rsquo;envenime, ils sortent une gazeuse, l&rsquo;un d&rsquo;entre nous s&rsquo;en prend dans les yeux, \u00e7a commence \u00e0 partir en m\u00eal\u00e9e g\u00e9n\u00e9rale et ils se font d\u00e9gager. Ils partent en faisant des saluts nazis. C&rsquo;\u00e9tait des zinzins de l&rsquo;espace, comme si c&rsquo;\u00e9tait pr\u00e9par\u00e9 leur truc\u00a0\u00bb, souligne un client.<\/p>\n<blockquote class=\"ftvi_content_quote\">\n<p class=\"ftvi_citation_quote\">Aujourd&rsquo;hui, ils disent qu&rsquo;ils sont victimes d&rsquo;un groupe antifasciste mais pas du tout ! Ce sont eux qui politisent le truc. Nous \u00e9tions juste des clients d&rsquo;un bar qui ne veulent pas se faire taper dessus. C&rsquo;\u00e9tait une super soir\u00e9e, ils ont juste tout g\u00e2ch\u00e9.<\/p>\n<\/blockquote>\n<p>Trois personnes ont \u00e9t\u00e9 bless\u00e9es, selon les clients interrog\u00e9s. Le g\u00e9rant du bar a d\u00e9pos\u00e9 une main courante au commissariat mais n&rsquo;a pas souhait\u00e9 r\u00e9pondre aux questions de France 3.<\/p>\n<p>Le maire (PS) de Rouen, Nicolas Mayer-Rossignol, a \u00e9crit une lettre jeudi 2 octobre 2025 au procureur de la R\u00e9publique pour effectuer un signalement. \u00ab\u00a0Il ressort des \u00e9l\u00e9ments communiqu\u00e9s (photos et vid\u00e9os, Ndlr) que tout porte \u00e0 croire que l&rsquo;action de ces individus \u00e9tait pr\u00e9m\u00e9dit\u00e9e\u00a0\u00bb, \u00e9crit l&rsquo;\u00e9dile.<\/p>\n<blockquote class=\"ftvi_content_quote\">\n<p class=\"ftvi_citation_quote\">J&rsquo;ai d\u00e9cid\u00e9 de vous alerter sur cette situation notamment dans le contexte d&rsquo;une manifestation susceptible d&rsquo;\u00eatre organis\u00e9e le 18 octobre prochain \u00e0 Rouen, \u00e0 l&rsquo;initiative des mouvements identitaires locaux.<\/p>\n<p>Lettre de Nicolas Mayer-Rossignol au procureur de Rouen<\/p>\n<\/blockquote>\n<p>Ce dernier alerte \u00e9galement \u00ab\u00a0sur le fait que les identitaires, et la mouvance d&rsquo;extr\u00eame droite en g\u00e9n\u00e9ral semblent depuis quelques ann\u00e9es se d\u00e9velopper localement. J&rsquo;en veux pour preuve la tentative de soir\u00e9e intitul\u00e9e <a href=\"https:\/\/france3-regions.franceinfo.fr\/normandie\/seine-maritime\/rouen\/un-bar-de-rouen-organise-une-soiree-les-etrangers-dehors-le-maire-saisit-la-justice-2991473.html\" target=\"_blank\" data-tooltip-url=\"https:\/\/france3-regions.franceinfo.fr\/normandie\/seine-maritime\/rouen\/un-bar-de-rouen-organise-une-soiree-les-etrangers-dehors-le-maire-saisit-la-justice-2991473.html\" rel=\"noopener nofollow\">Auslander Raus, organis\u00e9e par le bar Le Mora,<\/a> situ\u00e9 rue Cauchoise, en juin 2024, soir\u00e9e qui avait \u00e9t\u00e9 annul\u00e9e suite \u00e0 la forte pression des pouvoirs publics, et \u00e0 propos de laquelle j&rsquo;avais \u00e9t\u00e9 amen\u00e9 \u00e0 prendre un arr\u00eat\u00e9 municipal l&rsquo;interdisant\u00a0\u00bb.<\/p>\n<p>Le maire parle \u00e9galement de faits similaires dans un autre bar de Rouen, L&rsquo;Estaminet, situ\u00e9 rue Cauchoise. Mais cela n&rsquo;a peut-\u00eatre aucun lien.<\/p>\n<p>Sur les r\u00e9seaux sociaux, Action fran\u00e7aise livre une toute autre version des faits.<\/p>\n<p>\u00ab\u00a0Nos militants ont \u00e9t\u00e9 les victimes d\u2019une agression par des antifascistes violents en tr\u00e8s large sup\u00e9riorit\u00e9 num\u00e9rique. Ils n\u2019ont fait que s\u2019extirper de ces coups en \u00e9tat de l\u00e9gitime d\u00e9fense. Nous saurons faire usage de nos droits en temps voulu\u00a0\u00bb, \u00e9crivent-ils.<\/p>\n<p>Ils interpellent \u00e9galement le maire : \u00ab\u00a0cautionnez-vous que six de vos administr\u00e9s soient lynch\u00e9s par 30 antifascistes, vous qui \u00eates si prompt \u00e0 condamner sans \u00eatre au fait des \u00e9v\u00e9nements ?\u00a0\u00bb<\/p>\n<p>De son c\u00f4t\u00e9, le procureur de la R\u00e9publique nous indique qu&rsquo;une enqu\u00eate est en cours.<\/p>\n","protected":false},"excerpt":{"rendered":"Publi\u00e9 le03\/10\/2025 \u00e0 18h11 France3 R\u00e9gions sur Facebook (Nouvelle fen\u00eatre) France3 R\u00e9gions sur WhatsApp (Nouvelle fen\u00eatre) copier le&hellip;\n","protected":false},"author":2,"featured_media":436822,"comment_status":"","ping_status":"","sticky":false,"template":"","format":"standard","meta":{"footnotes":""},"categories":[9587],"tags":[1111,11,1777,674,1011,27,12,5161,25,9590],"class_list":{"0":"post-436821","1":"post","2":"type-post","3":"status-publish","4":"format-standard","5":"has-post-thumbnail","7":"category-rouen","8":"tag-actu","9":"tag-actualites","10":"tag-eu","11":"tag-europe","12":"tag-fr","13":"tag-france","14":"tag-news","15":"tag-normandie","16":"tag-republique-francaise","17":"tag-rouen"},"share_on_mastodon":{"url":"https:\/\/pubeurope.com\/@fr\/115311728770517030","error":""},"_links":{"self":[{"href":"https:\/\/www.europesays.com\/fr\/wp-json\/wp\/v2\/posts\/436821","targetHints":{"allow":["GET"]}}],"collection":[{"href":"https:\/\/www.europesays.com\/fr\/wp-json\/wp\/v2\/posts"}],"about":[{"href":"https:\/\/www.europesays.com\/fr\/wp-json\/wp\/v2\/types\/post"}],"author":[{"embeddable":true,"href":"https:\/\/www.europesays.com\/fr\/wp-json\/wp\/v2\/users\/2"}],"replies":[{"embeddable":true,"href":"https:\/\/www.europesays.com\/fr\/wp-json\/wp\/v2\/comments?post=436821"}],"version-history":[{"count":0,"href":"https:\/\/www.europesays.com\/fr\/wp-json\/wp\/v2\/posts\/436821\/revisions"}],"wp:featuredmedia":[{"embeddable":true,"href":"https:\/\/www.europesays.com\/fr\/wp-json\/wp\/v2\/media\/436822"}],"wp:attachment":[{"href":"https:\/\/www.europesays.com\/fr\/wp-json\/wp\/v2\/media?parent=436821"}],"wp:term":[{"taxonomy":"category","embeddable":true,"href":"https:\/\/www.europesays.com\/fr\/wp-json\/wp\/v2\/categories?post=436821"},{"taxonomy":"post_tag","embeddable":true,"href":"https:\/\/www.europesays.com\/fr\/wp-json\/wp\/v2\/tags?post=436821"}],"curies":[{"name":"wp","href":"https:\/\/api.w.org\/{rel}","templated":true}]}}