{"id":436823,"date":"2025-10-03T18:48:13","date_gmt":"2025-10-03T18:48:13","guid":{"rendered":"https:\/\/www.europesays.com\/fr\/436823\/"},"modified":"2025-10-03T18:48:13","modified_gmt":"2025-10-03T18:48:13","slug":"gagnez-vos-entrees-pour-loktoberfest-a-grenoble","status":"publish","type":"post","link":"https:\/\/www.europesays.com\/fr\/436823\/","title":{"rendered":"Gagnez vos entr\u00e9es pour l\u2019Oktoberfest \u00e0 Grenoble"},"content":{"rendered":"<p>Cette semaine, Max Radio vous offre vos entr\u00e9es pour l&rsquo;Oktoberfest, du vendredi 17 au dimanche 19 octobre 2025 \u00e0 Alpexpo de Grenoble.<\/p>\n<p>L&rsquo;Oktoberfest d\u00e9barque \u00e0 Grenoble : une premi\u00e8re \u00e9dition festive sign\u00e9e ALPEXPO ! Les \u00e9quipes d&rsquo;ALPEXPO innovent et lancent pour la premi\u00e8re fois \u00e0 Grenoble une Oktoberfest version locale, festive et savoureuse. Cet \u00e9v\u00e9nement in\u00e9dit, inspir\u00e9 du c\u00e9l\u00e8bre banquet bavarois, se tiendra du 17 au 19 octobre 2025 au Summum. <br \/>Un banquet g\u00e9ant pour un moment de convivialit\u00e9 \u00e0 la grenobloise !  <br \/>Dans une ambiance chaleureuse et ouverte \u00e0 tous, les participants prendront place sur de grandes tabl\u00e9es pour partager une exp\u00e9rience culinaire et musicale unique. <\/p>\n<p>Pour jouer et gagner, \u00e9coutez Max Radio entre 16h et 20h, et au lancement jeu de l&rsquo;animateur, appelez le standard 04 76 76 98 00<\/p>\n<p>(jeu antenne du 06\/10\/2025 au 10\/10\/2025)<\/p>\n<p><\/p>\n<p>Jouez aussi en remplissant le formulaire en bas de page<\/p>\n<p><img loading=\"lazy\" decoding=\"async\" src=\"https:\/\/www.europesays.com\/fr\/wp-content\/uploads\/2025\/10\/1759517293_496_img\" width=\"350\" height=\"200\" border=\"0\" title=\"Oktoberfest\"\/><\/p>\n<p>\u25baBons Plans &#8211; Agenda<\/p>\n<p style=\"font-size: 22px;\"><b>Oktoberfest<\/b><\/p>\n<p>Rendez-vous du vendredi 17 au samedi 18 octobre&#8230;<\/p>\n<p><b>Suivez-nous aussi sur les r\u00e9seaux sociaux : <a class=\"url\" href=\"https:\/\/www.facebook.com\/MAXRADIOGRENOBLE\" target=\"_blank\" rel=\"noopener\">Facebook Max Radio<\/a>, <a class=\"url\" href=\"https:\/\/www.instagram.com\/max__radio\/\" target=\"_blank\" rel=\"noopener\">Instagram max__radio<\/a>, <a class=\"url\" href=\"https:\/\/x.com\/maxfmgrenoble\" target=\"_blank\">X @maxfmgrenoble<\/a> et <a class=\"url\" href=\"https:\/\/www.linkedin.com\/company\/maxradiogrenoble\/\" target=\"_blank\" rel=\"noopener\">LinkedIn Max Radio<\/a>.<\/b><\/p>\n<p><b>T\u00e9l\u00e9chargez gratuitement l&rsquo;application Max Radio sur <a class=\"url\" href=\"https:\/\/apps.apple.com\/fr\/app\/max-radio\/id1643119751\" target=\"_blank\" rel=\"noopener\">App Store<\/a> ou <a class=\"url\" href=\"https:\/\/play.google.com\/store\/apps\/details?id=radio.max.app.android&amp;hl=fr\" target=\"_blank\" rel=\"noopener\">Google Play<\/a>.<\/b><\/p>\n<p>\n<script async src=\"\/\/www.instagram.com\/embed.js\"><\/script><\/p>\n","protected":false},"excerpt":{"rendered":"Cette semaine, Max Radio vous offre vos entr\u00e9es pour l&rsquo;Oktoberfest, du vendredi 17 au dimanche 19 octobre 2025&hellip;\n","protected":false},"author":2,"featured_media":436824,"comment_status":"","ping_status":"","sticky":false,"template":"","format":"standard","meta":{"footnotes":""},"categories":[9566],"tags":[1111,11,11075,2430,9731,903,1777,674,1011,27,7683,2731,1197,12,41611,25],"class_list":{"0":"post-436823","1":"post","2":"type-post","3":"status-publish","4":"format-standard","5":"has-post-thumbnail","7":"category-grenoble","8":"tag-actu","9":"tag-actualites","10":"tag-alpexpo","11":"tag-auvergne-rhone-alpes","12":"tag-bieres","13":"tag-concours","14":"tag-eu","15":"tag-europe","16":"tag-fr","17":"tag-france","18":"tag-gagner","19":"tag-grenoble","20":"tag-jeu","21":"tag-news","22":"tag-oktoberfest","23":"tag-republique-francaise"},"share_on_mastodon":{"url":"https:\/\/pubeurope.com\/@fr\/115311733175866813","error":""},"_links":{"self":[{"href":"https:\/\/www.europesays.com\/fr\/wp-json\/wp\/v2\/posts\/436823","targetHints":{"allow":["GET"]}}],"collection":[{"href":"https:\/\/www.europesays.com\/fr\/wp-json\/wp\/v2\/posts"}],"about":[{"href":"https:\/\/www.europesays.com\/fr\/wp-json\/wp\/v2\/types\/post"}],"author":[{"embeddable":true,"href":"https:\/\/www.europesays.com\/fr\/wp-json\/wp\/v2\/users\/2"}],"replies":[{"embeddable":true,"href":"https:\/\/www.europesays.com\/fr\/wp-json\/wp\/v2\/comments?post=436823"}],"version-history":[{"count":0,"href":"https:\/\/www.europesays.com\/fr\/wp-json\/wp\/v2\/posts\/436823\/revisions"}],"wp:featuredmedia":[{"embeddable":true,"href":"https:\/\/www.europesays.com\/fr\/wp-json\/wp\/v2\/media\/436824"}],"wp:attachment":[{"href":"https:\/\/www.europesays.com\/fr\/wp-json\/wp\/v2\/media?parent=436823"}],"wp:term":[{"taxonomy":"category","embeddable":true,"href":"https:\/\/www.europesays.com\/fr\/wp-json\/wp\/v2\/categories?post=436823"},{"taxonomy":"post_tag","embeddable":true,"href":"https:\/\/www.europesays.com\/fr\/wp-json\/wp\/v2\/tags?post=436823"}],"curies":[{"name":"wp","href":"https:\/\/api.w.org\/{rel}","templated":true}]}}