{"id":436831,"date":"2025-10-03T18:53:25","date_gmt":"2025-10-03T18:53:25","guid":{"rendered":"https:\/\/www.europesays.com\/fr\/436831\/"},"modified":"2025-10-03T18:53:25","modified_gmt":"2025-10-03T18:53:25","slug":"une-femme-trouvee-morte-dans-son-congelateur-avec-un-oreiller-et-une-couverture-le-suicide-privilegie-2","status":"publish","type":"post","link":"https:\/\/www.europesays.com\/fr\/436831\/","title":{"rendered":"Une femme trouv\u00e9e morte dans son cong\u00e9lateur, avec un oreiller et une couverture, le suicide privil\u00e9gi\u00e9"},"content":{"rendered":"<p class=\"mb-4 text-lg md:leading-8 break-words\"><strong>enqu\u00eate &#8211; Port\u00e9e disparue ces derniers jours, une femme de 50 ans a \u00e9t\u00e9 retrouv\u00e9e sans vie dans son cong\u00e9lateur \u00e0 coffre install\u00e9 sur son balcon<\/strong><\/p>\n<p class=\"mb-4 text-lg md:leading-8 break-words\">Macabre et triste d\u00e9couverte mercredi dans le quartier du Neuhof \u00e0 <a href=\"https:\/\/www.20minutes.fr\/faits_divers\/faits-divers-strasbourg\/?at_medium=RSS%20feed&amp;at_campaign=ynews&amp;utm_source=yahoo&amp;utm_medium=rss&amp;utm_campaign=news_feed&amp;utm_content=in_article_link\" rel=\"nofollow noopener\" target=\"_blank\" data-ylk=\"slk:Strasbourg;elm:context_link;itc:0;sec:content-canvas\" class=\"link \">Strasbourg<\/a>. Une femme de 50 ans, <a href=\"https:\/\/www.20minutes.fr\/dossier\/disparition?at_medium=RSS%20feed&amp;at_campaign=ynews&amp;utm_source=yahoo&amp;utm_medium=rss&amp;utm_campaign=news_feed&amp;utm_content=in_article_link\" rel=\"nofollow noopener\" target=\"_blank\" data-ylk=\"slk:port\u00e9e disparue;elm:context_link;itc:0;sec:content-canvas\" class=\"link \">port\u00e9e disparue<\/a> et pour laquelle la police avait lanc\u00e9 un appel \u00e0 t\u00e9moins pour disparition inqui\u00e9tante il y a plusieurs semaines, a \u00e9t\u00e9 retrouv\u00e9e ce mercredi, rapporte le quotidien L\u2019Alsace.<\/p>\n<p class=\"mb-4 text-lg md:leading-8 break-words\">La quinquag\u00e9naire se trouvait en fait sur le balcon de son appartement, dans un cong\u00e9lateur \u00e0 coffre, avec un oreiller et une couverture, pr\u00e9cisent nos confr\u00e8res. Les policiers ont \u00e9galement trouv\u00e9 un mot d\u2019adieu. D\u2019apr\u00e8s une information des <a href=\"https:\/\/c.dna.fr\/faits-divers-justice\/2025\/10\/02\/une-quinquagenaire-se-suicide-en-s-enfermant-dans-son-congelateur?at_medium=RSS%20feed&amp;at_campaign=ynews&amp;utm_source=yahoo&amp;utm_medium=rss&amp;utm_campaign=news_feed&amp;utm_content=in_article_link\" rel=\"nofollow noopener\" target=\"_blank\" data-ylk=\"slk:DNA;elm:context_link;itc:0;sec:content-canvas\" class=\"link \">DNA<\/a>, elle souffrait d\u2019une maladie.<\/p>\n<p>Publicit\u00e9<\/p>\n<p>Publicit\u00e9<\/p>\n<p>Publicit\u00e9<\/p>\n<p>Publicit\u00e9<\/p>\n<p class=\"mb-4 text-lg md:leading-8 break-words\">Si une enqu\u00eate a \u00e9t\u00e9 ouverte pour d\u00e9terminer les causes exactes de sa mort, par asphyxie ou morte de froid, la piste du <a href=\"https:\/\/www.20minutes.fr\/dossier\/suicide?at_medium=RSS%20feed&amp;at_campaign=ynews&amp;utm_source=yahoo&amp;utm_medium=rss&amp;utm_campaign=news_feed&amp;utm_content=in_article_link\" rel=\"nofollow noopener\" target=\"_blank\" data-ylk=\"slk:suicide;elm:context_link;itc:0;sec:content-canvas\" class=\"link \">suicide<\/a> est cependant privil\u00e9gi\u00e9e par le parquet de Strasbourg.<\/p>\n<p class=\"mb-4 text-lg md:leading-8 break-words\"><a href=\"https:\/\/www.20minutes.fr\/faits_divers\/faits-divers-strasbourg\/4177073-20251003-strasbourg-femme-trouvee-morte-congelateur-oreiller-couverture-suicide-privilegie?at_medium=RSS%20feed&amp;at_campaign=ynews&amp;utm_source=yahoo&amp;utm_medium=rss&amp;utm_campaign=news_feed&amp;utm_content=read_more_link&quot;\" rel=\"nofollow noopener\" target=\"_blank\" data-ylk=\"slk:Lire la suite sur 20minutes;elm:context_link;itc:0;sec:content-canvas\" class=\"link \">Lire la suite sur 20minutes<\/a><\/p>\n<p>\u00c0 lire aussi :<br \/><a href=\"https:\/\/www.20minutes.fr\/faits_divers\/faits-divers-bordeaux\/4176350-20251001-gironde-chatelaine-retrouvee-morte-manoir-incendie-enquete-criminelle-ouverte?at_medium=RSS%20feed&amp;at_campaign=ynews&amp;utm_source=yahoo&amp;utm_medium=rss&amp;utm_campaign=news_feed&amp;utm_content=related_content_link\" rel=\"nofollow noopener\" target=\"_blank\" data-ylk=\"slk:Gironde : Une ch\u00e2telaine retrouv\u00e9e morte dans son manoir incendi\u00e9, une enqu\u00eate criminelle ouverte;elm:context_link;itc:0;sec:content-canvas\" class=\"link \">Gironde : Une ch\u00e2telaine retrouv\u00e9e morte dans son manoir incendi\u00e9, une enqu\u00eate criminelle ouverte<\/a><br \/><a href=\"https:\/\/www.20minutes.fr\/faits_divers\/4176118-20250930-bas-rhin-gendarme-38-ans-suicide-caserne-arme-service?at_medium=RSS%20feed&amp;at_campaign=ynews&amp;utm_source=yahoo&amp;utm_medium=rss&amp;utm_campaign=news_feed&amp;utm_content=related_content_link\" rel=\"nofollow noopener\" target=\"_blank\" data-ylk=\"slk:Bas-Rhin : Un gendarme de 38 ans se suicide dans sa caserne avec son arme de service;elm:context_link;itc:0;sec:content-canvas\" class=\"link \">Bas-Rhin : Un gendarme de 38 ans se suicide dans sa caserne avec son arme de service<\/a><\/p>\n","protected":false},"excerpt":{"rendered":"enqu\u00eate &#8211; Port\u00e9e disparue ces derniers jours, une femme de 50 ans a \u00e9t\u00e9 retrouv\u00e9e sans vie dans&hellip;\n","protected":false},"author":2,"featured_media":436832,"comment_status":"","ping_status":"","sticky":false,"template":"","format":"standard","meta":{"footnotes":""},"categories":[2820],"tags":[1111,11,56427,46360,1777,674,1011,27,775,41468,12,25,640],"class_list":{"0":"post-436831","1":"post","2":"type-post","3":"status-publish","4":"format-standard","5":"has-post-thumbnail","7":"category-strasbourg","8":"tag-actu","9":"tag-actualites","10":"tag-congelateur","11":"tag-enquete-criminelle","12":"tag-eu","13":"tag-europe","14":"tag-fr","15":"tag-france","16":"tag-grand-est","17":"tag-neuhof","18":"tag-news","19":"tag-republique-francaise","20":"tag-strasbourg"},"share_on_mastodon":{"url":"https:\/\/pubeurope.com\/@fr\/115311752265956204","error":""},"_links":{"self":[{"href":"https:\/\/www.europesays.com\/fr\/wp-json\/wp\/v2\/posts\/436831","targetHints":{"allow":["GET"]}}],"collection":[{"href":"https:\/\/www.europesays.com\/fr\/wp-json\/wp\/v2\/posts"}],"about":[{"href":"https:\/\/www.europesays.com\/fr\/wp-json\/wp\/v2\/types\/post"}],"author":[{"embeddable":true,"href":"https:\/\/www.europesays.com\/fr\/wp-json\/wp\/v2\/users\/2"}],"replies":[{"embeddable":true,"href":"https:\/\/www.europesays.com\/fr\/wp-json\/wp\/v2\/comments?post=436831"}],"version-history":[{"count":0,"href":"https:\/\/www.europesays.com\/fr\/wp-json\/wp\/v2\/posts\/436831\/revisions"}],"wp:featuredmedia":[{"embeddable":true,"href":"https:\/\/www.europesays.com\/fr\/wp-json\/wp\/v2\/media\/436832"}],"wp:attachment":[{"href":"https:\/\/www.europesays.com\/fr\/wp-json\/wp\/v2\/media?parent=436831"}],"wp:term":[{"taxonomy":"category","embeddable":true,"href":"https:\/\/www.europesays.com\/fr\/wp-json\/wp\/v2\/categories?post=436831"},{"taxonomy":"post_tag","embeddable":true,"href":"https:\/\/www.europesays.com\/fr\/wp-json\/wp\/v2\/tags?post=436831"}],"curies":[{"name":"wp","href":"https:\/\/api.w.org\/{rel}","templated":true}]}}