{"id":436836,"date":"2025-10-03T18:56:45","date_gmt":"2025-10-03T18:56:45","guid":{"rendered":"https:\/\/www.europesays.com\/fr\/436836\/"},"modified":"2025-10-03T18:56:45","modified_gmt":"2025-10-03T18:56:45","slug":"reprise-des-aides-de-maprimerenov-qui-est-concerne-3","status":"publish","type":"post","link":"https:\/\/www.europesays.com\/fr\/436836\/","title":{"rendered":"Reprise des aides de MaPrimeR\u00e9nov\u2019 : qui est concern\u00e9 ?"},"content":{"rendered":"<p>Le guichet de d\u00e9p\u00f4t des dossiers MaPrimeR\u00e9nov\u2019 pour de la r\u00e9novation d\u2019ampleur rouvre le 30\u00a0septembre 2025. Il \u00e9tait ferm\u00e9 depuis fin juin.<br \/>Cette r\u00e9ouverture s\u2019accompagne de diff\u00e9rentes modifications et certains m\u00e9nages peuvent \u00eatre exclus du dispositif.<\/p>\n<p>\u00a0<\/p>\n<p>Qui est concern\u00e9 dans un premier temps\u00a0?<\/p>\n<p>La r\u00e9ouverture sera cibl\u00e9e en premier lieu vers les propri\u00e9taires tr\u00e8s modestes, suivis des m\u00e9nages modestes en fonction de la dynamique de d\u00e9p\u00f4t.<\/p>\n<p>Il est pr\u00e9vu d\u2019<strong>accepter seulement 13\u00a0000\u00a0dossiers<\/strong> jusqu\u2019\u00e0 la fin 2025.<\/p>\n<p>Pourquoi cette limitation\u00a0?<\/p>\n<p>Comme le rappelle l\u2019association Alis\u00e9e, pr\u00e9sente dans les Pays de la Loire, \u00a0il s\u2019agit d\u2019ajuster le nombre de dossiers qui pourront \u00eatre engag\u00e9s apr\u00e8s la tr\u00e8s forte dynamique de la demande de r\u00e9novations d\u2019ampleurs. Le budget total de l\u2019ann\u00e9e en 2025 est de 3,6\u00a0milliards d\u2019euros, cette enveloppe budg\u00e9taire ne pourra pas \u00eatre d\u00e9pass\u00e9e, notamment compte tenu de la contrainte budg\u00e9taire de la France\u00a0\u00bb.<\/p>\n<p>Quels nouveaux plafonds\u00a0?<\/p>\n<p>Les aides seront recentr\u00e9es sur les <strong>passoires \u00e9nerg\u00e9tiques<\/strong> class\u00e9es E, F et G. Les plafonds de travaux subventionnables seront de 30\u00a0000\u00a0\u20ac ou 40\u00a0000\u00a0\u20ac, selon la performance \u00e9nerg\u00e9tique permise par les travaux\u00a0: sauts de 2\u00a0classes et 3\u00a0classes ou plus respectivement.<\/p>\n<p>?? \u00c0 noter. Le bonus sortie de passoires de 10\u00a0% est supprim\u00e9.<\/p>\n<p>Quid des dossiers d\u00e9pos\u00e9s avant la fermeture du 23\u00a0juin 2025\u00a0?<\/p>\n<p>Les dossiers d\u00e9pos\u00e9s avant le 23\u00a0juin et accept\u00e9s seront bien instruits.<\/p>\n<p>Pourquoi la plateforme risque de fermer \u00e0 nouveau\u00a0?<\/p>\n<p>Une fois l\u2019objectif national de 13\u00a0000\u00a0dossiers d\u00e9pass\u00e9, les dossiers d\u00e9pos\u00e9s seront rejet\u00e9s et la plateforme pourra de nouveau \u00eatre ferm\u00e9e. \u00a0Les acteurs de la r\u00e9novation auront acc\u00e8s r\u00e9guli\u00e8rement aux taux d\u2019atteinte des objectifs et pourront conseiller le report des projets en cas de d\u00e9passement des objectifs\u00a0\u00bb.<\/p>\n<p>Quand seront \u00e9tudi\u00e9s les dossiers d\u00e9pos\u00e9s entre septembre et d\u00e9cembre\u00a0?<\/p>\n<p>Ces dossiers seront instruits et engag\u00e9s au premier trimestre de l\u2019ann\u00e9e 2026\u00a0sous r\u00e9serve du vote de la loi de finances\u00a0\u00bb.<\/p>\n<p>Comment \u00e7a se passe pour les plus petits travaux geste par geste\u00a0?<\/p>\n<p>Le guichet n\u2019a d\u00fb tout \u00e9t\u00e9 ferm\u00e9 pour les r\u00e9novations geste par geste, par exemple si vous changez votre chaudi\u00e8re par une pompe \u00e0 chaleur. Dans ce cas-l\u00e0, il est possible d\u2019avoir des aides actuellement sans attendre le 30\u00a0septembre. Il est possible de se renseigner via<a href=\"https:\/\/france-renov.gouv.fr\/\" target=\"_self\" rel=\"noopener\"> le site officiel.<\/a> Vigilance sur les autres sites de soci\u00e9t\u00e9s priv\u00e9es.<\/p>\n<p>Des fraudes avaient \u00e9t\u00e9 d\u00e9tect\u00e9es sur des dossiers de r\u00e9novation. Qu\u2019en est-il\u00a0?<\/p>\n<p>En France, le dispositif a \u00e9t\u00e9 stopp\u00e9 en juin, \u00e0 cause notamment d\u2019importants soup\u00e7ons de fraudes. Au total, selon les donn\u00e9es de cet \u00e9t\u00e9, \u00a0environ 5\u00a0000\u00a0dossiers frauduleux sur la r\u00e9novation d\u2019ampleur et environ 8\u00a0000\u00a0dossiers de monogestes ont \u00e9t\u00e9 d\u00e9tect\u00e9s et sont rejet\u00e9s. Les suspensions et retraits d\u2019agr\u00e9ment pour les entreprises frauduleuses ont commenc\u00e9 d\u00e8s le mois d\u2019ao\u00fbt\u00a0\u00bb.<\/p>\n<p>Qui contacter\u00a0?<\/p>\n<p>En cas de besoins d\u2019informations ou de conseils, il est possible de contacter les \u00e9quipes France R\u00e9nov\u2019. Un accueil t\u00e9l\u00e9phonique est ouvert du lundi au vendredi de 9\u00a0h \u00e0 18\u00a0h sans interruption.<\/p>\n<p>Contacter votre Espace Conseil France R\u00e9nov&rsquo; en trouvant des informations<a href=\"https:\/\/france-renov.gouv.fr\/preparer-projet\/trouver-conseiller\" target=\"_self\" rel=\"noopener\"> sur ce site internet.<\/a><\/p>\n<p>Il suffit d\u2019indiquer son code postal pour trouver l\u2019espace le plus proche de son domicile. \u00c0 Nantes, par exemple, La Maison de l\u2019habitant peut donner des infos fiables.<br \/>Il est \u00e9galement possible d\u2019appeler France r\u00e9nov au 0\u00a0808\u00a0800\u00a0700.<\/p>\n<p>\u00a0<\/p>\n","protected":false},"excerpt":{"rendered":"Le guichet de d\u00e9p\u00f4t des dossiers MaPrimeR\u00e9nov\u2019 pour de la r\u00e9novation d\u2019ampleur rouvre le 30\u00a0septembre 2025. Il \u00e9tait&hellip;\n","protected":false},"author":2,"featured_media":429062,"comment_status":"","ping_status":"","sticky":false,"template":"","format":"standard","meta":{"footnotes":""},"categories":[2818],"tags":[1111,11,1008,19560,1777,674,1011,27,24268,766,12,2636,9834,25],"class_list":{"0":"post-436836","1":"post","2":"type-post","3":"status-publish","4":"format-standard","5":"has-post-thumbnail","7":"category-nantes","8":"tag-actu","9":"tag-actualites","10":"tag-aides","11":"tag-concerne","12":"tag-eu","13":"tag-europe","14":"tag-fr","15":"tag-france","16":"tag-maprimerenov","17":"tag-nantes","18":"tag-news","19":"tag-pays-de-la-loire","20":"tag-reprise","21":"tag-republique-francaise"},"share_on_mastodon":{"url":"https:\/\/pubeurope.com\/@fr\/115311764038554852","error":""},"_links":{"self":[{"href":"https:\/\/www.europesays.com\/fr\/wp-json\/wp\/v2\/posts\/436836","targetHints":{"allow":["GET"]}}],"collection":[{"href":"https:\/\/www.europesays.com\/fr\/wp-json\/wp\/v2\/posts"}],"about":[{"href":"https:\/\/www.europesays.com\/fr\/wp-json\/wp\/v2\/types\/post"}],"author":[{"embeddable":true,"href":"https:\/\/www.europesays.com\/fr\/wp-json\/wp\/v2\/users\/2"}],"replies":[{"embeddable":true,"href":"https:\/\/www.europesays.com\/fr\/wp-json\/wp\/v2\/comments?post=436836"}],"version-history":[{"count":0,"href":"https:\/\/www.europesays.com\/fr\/wp-json\/wp\/v2\/posts\/436836\/revisions"}],"wp:featuredmedia":[{"embeddable":true,"href":"https:\/\/www.europesays.com\/fr\/wp-json\/wp\/v2\/media\/429062"}],"wp:attachment":[{"href":"https:\/\/www.europesays.com\/fr\/wp-json\/wp\/v2\/media?parent=436836"}],"wp:term":[{"taxonomy":"category","embeddable":true,"href":"https:\/\/www.europesays.com\/fr\/wp-json\/wp\/v2\/categories?post=436836"},{"taxonomy":"post_tag","embeddable":true,"href":"https:\/\/www.europesays.com\/fr\/wp-json\/wp\/v2\/tags?post=436836"}],"curies":[{"name":"wp","href":"https:\/\/api.w.org\/{rel}","templated":true}]}}