{"id":436839,"date":"2025-10-03T18:58:11","date_gmt":"2025-10-03T18:58:11","guid":{"rendered":"https:\/\/www.europesays.com\/fr\/436839\/"},"modified":"2025-10-03T18:58:11","modified_gmt":"2025-10-03T18:58:11","slug":"base-sur-le-volontariat-des-medecins-le-dispositif-est-operationnel","status":"publish","type":"post","link":"https:\/\/www.europesays.com\/fr\/436839\/","title":{"rendered":"bas\u00e9 sur le volontariat des m\u00e9decins, \u00ab\u00a0le dispositif est op\u00e9rationnel\u00a0\u00bb"},"content":{"rendered":"<p class=\"interview-question\">Que s\u2019est-il pass\u00e9 apr\u00e8s la venue du ministre de la Sant\u00e9 Yannick Neuder \u00e0 Pissos\u00a0? Pourquoi l\u2019annonce,  le 5\u00a0septembre, d\u2019une premi\u00e8re consultation dans le cadre du dispositif m\u00e9decins volontaires n\u2019a-t-elle pas eu lieu\u00a0?<\/p>\n<p class=\"interview-answer\">Lorsque le ministre est venu, nous pensions que cette consultation \u00e9tait cal\u00e9e. Le m\u00e9decin volontaire avait donn\u00e9 ses disponibilit\u00e9s, qui correspondaient aux besoins de la commune ce jour-l\u00e0. Dans les faits, cela n\u2019a pas pu se r\u00e9aliser. La plateforme n\u2019\u00e9tait pas pr\u00eate, les disponibilit\u00e9s ont peut-\u00eatre chang\u00e9. Sur un plan pratique, le dispositif \u00e9tait en cours de concr\u00e9tisation. Il est d\u00e9sormais op\u00e9rationnel, depuis huit jours. Je tiens \u00e0 pr\u00e9ciser qu\u2019il ne permet pas la solidarit\u00e9 mais il la facilite.<\/p>\n<p class=\"interview-question\">Le maire de Pissos, qui est une commune en zone tr\u00e8s rouge puisqu\u2019elle a perdu trois m\u00e9decins, a annonc\u00e9 qu\u2019une premi\u00e8re consultation solidaire aurait lieu le 7\u00a0octobre. Possible\u00a0?<\/p>\n<p class=\"interview-answer\">H\u00e9las, non, on vient de l\u2019apprendre. Cela ne se fera pas, pour des motifs qui n\u2019ont rien \u00e0 voir avec un d\u00e9ficit d\u2019organisation de notre c\u00f4t\u00e9. Les m\u00e9decins volontaires doivent s\u2019inscrire sur une plateforme \u00ab\u00a0Ma d\u00e9marche simplifi\u00e9e\u00a0\u00bb et, l\u00e0, ils confirment leur intention solidaire puis notent leurs disponibilit\u00e9s avec des dates pr\u00e9cises. Il faut que celles-ci correspondent \u00e0 un besoin sur le terrain. En l\u2019occurrence, le m\u00e9decin de Pissos a signal\u00e9 que le 7\u00a0octobre, il n\u2019avait pas besoin de renfort.<\/p>\n<blockquote><p>\u00ab\u00a0Les 29 zones rouges de la r\u00e9gion Nouvelle-Aquitaine, ne sont pas toutes couvertes pour l\u2019instant\u00a0\u00bb<\/p><\/blockquote>\n<p class=\"interview-question\">Lorsque l\u2019ARS, la CPAM et l\u2019Union r\u00e9gionale des professionnels de sant\u00e9 (URPS) ont sond\u00e9 les 6\u00a0000\u00a0m\u00e9decins de Nouvelle-Aquitaine durant l\u2019\u00e9t\u00e9, combien ont accept\u00e9 d\u2019entrer dans le dispositif solidaire\u00a0? Et combien sont-ils aujourd\u2019hui\u00a0?<\/p>\n<p class=\"interview-answer\">Ils \u00e9taient 300 inscrits en premi\u00e8re intention. Et lorsque la plateforme a ouvert, jusqu\u2019au jeudi 2\u00a0octobre, ils \u00e9taient\u00a030, soit 10\u00a0% d\u2019entre eux. Mais ce chiffre augmente tous les jours\u00a0: ce vendredi matin, ils sont\u00a070. Les 29\u00a0zones rouges de la r\u00e9gion Nouvelle-Aquitaine ne sont pas toutes couvertes pour l\u2019instant et, c\u2019est vrai, les Landes sont particuli\u00e8rement convoit\u00e9es, tout simplement parce qu\u2019elles sont cal\u00e9es entre la Gironde et les Pyr\u00e9n\u00e9es-Atlantiques, qui sont les territoires les mieux dot\u00e9s, avec le plus de m\u00e9decins.<\/p>\n<p class=\"interview-question\">Ce dispositif n\u2019est-il pas un peu complexe\u00a0?<\/p>\n<p class=\"interview-answer\">Non, au contraire. Cette plateforme est un site de mise en relation entre les m\u00e9decins solidaires et les lieux d\u2019accueil en zone rouge. Il faut juste qu\u2019ils s\u2019habituent \u00e0 travailler ensemble, entre les disponibilit\u00e9s des uns et les besoins des autres, pour \u00e9viter des consultations redondantes.<\/p>\n<p class=\"interview-question\">Quid de la carte professionnelle de sant\u00e9 pour ces m\u00e9decins, indispensable pour leur permettre d\u2019exercer dans un autre secteur\u00a0?<\/p>\n<p class=\"interview-answer\">D\u2019ici une quinzaine de jours, ce sera pr\u00eat, la CPAM boucle le dispositif de cette carte professionnelle de sant\u00e9 \u00ab\u00a0nouvelle g\u00e9n\u00e9ration\u00a0\u00bb. Cependant, les m\u00e9decins pouvaient consulter avec des feuilles maladie en papier. Cette carte va d\u00e9sormais permettre \u00e0 tous les m\u00e9decins volontaires inscrits dans le pacte de consulter ailleurs que sur leur lieu habituel d\u2019exercice, \u00e0 condition qu\u2019il s\u2019agisse de zones rouges, o\u00f9 qu\u2019elles soient.<\/p>\n","protected":false},"excerpt":{"rendered":"Que s\u2019est-il pass\u00e9 apr\u00e8s la venue du ministre de la Sant\u00e9 Yannick Neuder \u00e0 Pissos\u00a0? Pourquoi l\u2019annonce, le&hellip;\n","protected":false},"author":2,"featured_media":436840,"comment_status":"","ping_status":"","sticky":false,"template":"","format":"standard","meta":{"footnotes":""},"categories":[2817],"tags":[1111,11,1997,1777,674,1011,27,12,2219,25],"class_list":{"0":"post-436839","1":"post","2":"type-post","3":"status-publish","4":"format-standard","5":"has-post-thumbnail","7":"category-bordeaux","8":"tag-actu","9":"tag-actualites","10":"tag-bordeaux","11":"tag-eu","12":"tag-europe","13":"tag-fr","14":"tag-france","15":"tag-news","16":"tag-nouvelle-aquitaine","17":"tag-republique-francaise"},"share_on_mastodon":{"url":"https:\/\/pubeurope.com\/@fr\/115311771909262473","error":""},"_links":{"self":[{"href":"https:\/\/www.europesays.com\/fr\/wp-json\/wp\/v2\/posts\/436839","targetHints":{"allow":["GET"]}}],"collection":[{"href":"https:\/\/www.europesays.com\/fr\/wp-json\/wp\/v2\/posts"}],"about":[{"href":"https:\/\/www.europesays.com\/fr\/wp-json\/wp\/v2\/types\/post"}],"author":[{"embeddable":true,"href":"https:\/\/www.europesays.com\/fr\/wp-json\/wp\/v2\/users\/2"}],"replies":[{"embeddable":true,"href":"https:\/\/www.europesays.com\/fr\/wp-json\/wp\/v2\/comments?post=436839"}],"version-history":[{"count":0,"href":"https:\/\/www.europesays.com\/fr\/wp-json\/wp\/v2\/posts\/436839\/revisions"}],"wp:featuredmedia":[{"embeddable":true,"href":"https:\/\/www.europesays.com\/fr\/wp-json\/wp\/v2\/media\/436840"}],"wp:attachment":[{"href":"https:\/\/www.europesays.com\/fr\/wp-json\/wp\/v2\/media?parent=436839"}],"wp:term":[{"taxonomy":"category","embeddable":true,"href":"https:\/\/www.europesays.com\/fr\/wp-json\/wp\/v2\/categories?post=436839"},{"taxonomy":"post_tag","embeddable":true,"href":"https:\/\/www.europesays.com\/fr\/wp-json\/wp\/v2\/tags?post=436839"}],"curies":[{"name":"wp","href":"https:\/\/api.w.org\/{rel}","templated":true}]}}