{"id":436851,"date":"2025-10-03T19:04:11","date_gmt":"2025-10-03T19:04:11","guid":{"rendered":"https:\/\/www.europesays.com\/fr\/436851\/"},"modified":"2025-10-03T19:04:11","modified_gmt":"2025-10-03T19:04:11","slug":"la-gare-saint-charles-a-marseille-envahie-daffiches-poetiques","status":"publish","type":"post","link":"https:\/\/www.europesays.com\/fr\/436851\/","title":{"rendered":"La Gare Saint-Charles \u00e0 Marseille envahie d&rsquo;affiches po\u00e9tiques"},"content":{"rendered":"<p>Elles ne passent pas inaper\u00e7ues\u00a0: les affiches jaunes grand format, au nombre de 450, aux quatre coins de la Gare Saint-Charles, \u00e0 l\u2019int\u00e9rieur comme \u00e0 l\u2019ext\u00e9rieur. Il s\u2019agit du projet intitul\u00e9 L\u00e9gendes de la compagnie La Vaste Entreprise dirig\u00e9e par Nicolas Heredia, bas\u00e9e \u00e0 Montpellier.<\/p>\n<p>Ce dernier s\u2019inscrit dans<a href=\"https:\/\/www.laprovence.com\/article\/culture-loisirs\/4326847777264514\/performer-la-ville-une-premiere-edition-pour-jouer-avec-l-espace-urbain-a-marseille\" target=\"_blank\" rel=\"noopener\"> la premi\u00e8re \u00e9dition de \u00ab\u00a0Performer la Ville\u00a0\u00bb<\/a>, une manifestation organis\u00e9e par Lieux Publics, centre national de cr\u00e9ation dans l\u2019espace public et coordinateur de <a href=\"https:\/\/www.laprovence.com\/article\/region\/1357942289376614\/a-marseille-la-municipalite-cede-la-cite-des-arts-de-la-rue-aux-aygalades-pour-10-millions-d-euros\" target=\"_blank\" rel=\"noopener\">La Cit\u00e9 des arts de la rue<\/a> (15e) en collaboration avec la FAI-AR (centre de formation d\u00e9di\u00e9 \u00e0 la cr\u00e9ation en espace public) et L\u2019\u00c9chelle (p\u00f4le d\u2019art visuel en espace public).<\/p>\n<p>Six propositions artistiques gratuites et inattendues se d\u00e9ploieront jusqu\u2019au 12\u00a0octobre dans l\u2019espace urbain marseillais.<\/p>\n<p>Comm\u00e9morer le quotidien<\/p>\n<p>La premi\u00e8re d\u2019entre elles, \u00ab\u00a0le totem\u00a0\u00bb de cette manifestation, comme la d\u00e9crit <a href=\"https:\/\/www.laprovence.com\/article\/sortie-loisirs\/58676784638204\/performances-concerts-a-marseille-le-pole-dedie-aux-arts-de-la-rue-lieux-publics-devoile-sa-saison-2024\" target=\"_blank\" rel=\"noopener\">Alexis Nys, le directeur de Lieux Publics<\/a>, est donc celle de Nicolas Heredia, qui a d\u00e9marr\u00e9 ce vendredi 3\u00a0octobre, au sein de la gare. En partenariat avec SNCF Gares et connexions. \u00ab\u00a0C\u2019est la rencontre entre le quotidien et l\u2019art contemporain\u00a0\u00bb, souligne J\u00e9r\u00f4me Bini, directeur r\u00e9gional des gares Sud Paca, tout en rappelant que \u00ab\u00a06&#8230;<\/p>\n","protected":false},"excerpt":{"rendered":"Elles ne passent pas inaper\u00e7ues\u00a0: les affiches jaunes grand format, au nombre de 450, aux quatre coins de&hellip;\n","protected":false},"author":2,"featured_media":436852,"comment_status":"","ping_status":"","sticky":false,"template":"","format":"standard","meta":{"footnotes":""},"categories":[2814],"tags":[17,1111,11,251,56428,45450,1777,674,1011,27,7533,884,12,56429,882,25,1178],"class_list":{"0":"post-436851","1":"post","2":"type-post","3":"status-publish","4":"format-standard","5":"has-post-thumbnail","7":"category-marseille","8":"tag-17","9":"tag-actu","10":"tag-actualites","11":"tag-culture","12":"tag-daffiches","13":"tag-envahie","14":"tag-eu","15":"tag-europe","16":"tag-fr","17":"tag-france","18":"tag-gare","19":"tag-marseille","20":"tag-news","21":"tag-poetiques","22":"tag-provence-alpes-cote-dazur","23":"tag-republique-francaise","24":"tag-saint-charles"},"share_on_mastodon":{"url":"https:\/\/pubeurope.com\/@fr\/115311795488557398","error":""},"_links":{"self":[{"href":"https:\/\/www.europesays.com\/fr\/wp-json\/wp\/v2\/posts\/436851","targetHints":{"allow":["GET"]}}],"collection":[{"href":"https:\/\/www.europesays.com\/fr\/wp-json\/wp\/v2\/posts"}],"about":[{"href":"https:\/\/www.europesays.com\/fr\/wp-json\/wp\/v2\/types\/post"}],"author":[{"embeddable":true,"href":"https:\/\/www.europesays.com\/fr\/wp-json\/wp\/v2\/users\/2"}],"replies":[{"embeddable":true,"href":"https:\/\/www.europesays.com\/fr\/wp-json\/wp\/v2\/comments?post=436851"}],"version-history":[{"count":0,"href":"https:\/\/www.europesays.com\/fr\/wp-json\/wp\/v2\/posts\/436851\/revisions"}],"wp:featuredmedia":[{"embeddable":true,"href":"https:\/\/www.europesays.com\/fr\/wp-json\/wp\/v2\/media\/436852"}],"wp:attachment":[{"href":"https:\/\/www.europesays.com\/fr\/wp-json\/wp\/v2\/media?parent=436851"}],"wp:term":[{"taxonomy":"category","embeddable":true,"href":"https:\/\/www.europesays.com\/fr\/wp-json\/wp\/v2\/categories?post=436851"},{"taxonomy":"post_tag","embeddable":true,"href":"https:\/\/www.europesays.com\/fr\/wp-json\/wp\/v2\/tags?post=436851"}],"curies":[{"name":"wp","href":"https:\/\/api.w.org\/{rel}","templated":true}]}}