{"id":436857,"date":"2025-10-03T19:07:14","date_gmt":"2025-10-03T19:07:14","guid":{"rendered":"https:\/\/www.europesays.com\/fr\/436857\/"},"modified":"2025-10-03T19:07:14","modified_gmt":"2025-10-03T19:07:14","slug":"lyon-on-a-vu-une-dame-voler-une-personne-percutee-mortellement-avenue-lacassagne","status":"publish","type":"post","link":"https:\/\/www.europesays.com\/fr\/436857\/","title":{"rendered":"Lyon. \u00ab\u00a0On a vu une dame voler\u00a0\u00bb\u00a0:\u00a0une personne percut\u00e9e mortellement avenue Lacassagne"},"content":{"rendered":"<p>Ce vendredi soir, aux alentours de 19\u00a0h\u00a010, un grave accident impliquant une voiture, une moto et une pi\u00e9tonne a eu lieu sur l\u2019avenue Lacassagne (Lyon 3e), au niveau du num\u00e9ro 15. Gri\u00e8vement bless\u00e9e, la pi\u00e9tonne\u00a0n&rsquo;a pas pu \u00eatre r\u00e9anim\u00e9e par les secours.<\/p>\n<p>Pronostic vital engag\u00e9 pour le motard<\/p>\n<p>Pris en charge par le SMUR, le motard est actuellement en urgence absolue. Son pronostic vital est engag\u00e9. L&rsquo;automobiliste est quand \u00e0 lui en urgence relative.<\/p>\n<p>Le d\u00e9roulement pr\u00e9cis de l&rsquo;accident n&rsquo;est pas connu pour le moment.<\/p>\n<p>  L\u2019avenue Lacassagne est ferm\u00e9e \u00e0 la circulation<\/p>\n<p>Sur place, tous les t\u00e9moins parlent d\u2019un choc \u00ab\u00a0tr\u00e8s violent\u00a0\u00bb. Cl\u00e9mence \u00e9tait sur les lieux au moment de l&rsquo;impact, elle t\u00e9moigne\u00a0aupr\u00e8s de notre journaliste sur place : \u00ab\u00a0On a entendu le bruit d\u2019un v\u00e9hicule qui roulait tr\u00e8s vite, qui fon\u00e7ait, et puis il y a eu un gros choc. On a vu une dame voler, vraiment tr\u00e8s loin\u00a0\u00bb.<\/p>\n<p>Avant l\u2019arriv\u00e9e des secours, passants et habitants se sont organis\u00e9s naturellement pour d\u00e9limiter une zone de s\u00e9curit\u00e9 et prendre en main la circulation. Pour l\u2019heure, l\u2019avenue Lacassagne reste boucl\u00e9e.<\/p>\n","protected":false},"excerpt":{"rendered":"Ce vendredi soir, aux alentours de 19\u00a0h\u00a010, un grave accident impliquant une voiture, une moto et une pi\u00e9tonne&hellip;\n","protected":false},"author":2,"featured_media":436858,"comment_status":"","ping_status":"","sticky":false,"template":"","format":"standard","meta":{"footnotes":""},"categories":[1889],"tags":[119,1111,11,2430,2757,1777,674,274,107,1011,27,2428,2756,12,25,2429],"class_list":{"0":"post-436857","1":"post","2":"type-post","3":"status-publish","4":"format-standard","5":"has-post-thumbnail","7":"category-lyon","8":"tag-accident","9":"tag-actu","10":"tag-actualites","11":"tag-auvergne-rhone-alpes","12":"tag-edition-lyon-villeurbanne","13":"tag-eu","14":"tag-europe","15":"tag-faits-divers-justice","16":"tag-fil-info","17":"tag-fr","18":"tag-france","19":"tag-lyon","20":"tag-lyon-bassin","21":"tag-news","22":"tag-republique-francaise","23":"tag-rhone"},"share_on_mastodon":{"url":"https:\/\/pubeurope.com\/@fr\/115311807197218811","error":""},"_links":{"self":[{"href":"https:\/\/www.europesays.com\/fr\/wp-json\/wp\/v2\/posts\/436857","targetHints":{"allow":["GET"]}}],"collection":[{"href":"https:\/\/www.europesays.com\/fr\/wp-json\/wp\/v2\/posts"}],"about":[{"href":"https:\/\/www.europesays.com\/fr\/wp-json\/wp\/v2\/types\/post"}],"author":[{"embeddable":true,"href":"https:\/\/www.europesays.com\/fr\/wp-json\/wp\/v2\/users\/2"}],"replies":[{"embeddable":true,"href":"https:\/\/www.europesays.com\/fr\/wp-json\/wp\/v2\/comments?post=436857"}],"version-history":[{"count":0,"href":"https:\/\/www.europesays.com\/fr\/wp-json\/wp\/v2\/posts\/436857\/revisions"}],"wp:featuredmedia":[{"embeddable":true,"href":"https:\/\/www.europesays.com\/fr\/wp-json\/wp\/v2\/media\/436858"}],"wp:attachment":[{"href":"https:\/\/www.europesays.com\/fr\/wp-json\/wp\/v2\/media?parent=436857"}],"wp:term":[{"taxonomy":"category","embeddable":true,"href":"https:\/\/www.europesays.com\/fr\/wp-json\/wp\/v2\/categories?post=436857"},{"taxonomy":"post_tag","embeddable":true,"href":"https:\/\/www.europesays.com\/fr\/wp-json\/wp\/v2\/tags?post=436857"}],"curies":[{"name":"wp","href":"https:\/\/api.w.org\/{rel}","templated":true}]}}