{"id":436859,"date":"2025-10-03T19:09:10","date_gmt":"2025-10-03T19:09:10","guid":{"rendered":"https:\/\/www.europesays.com\/fr\/436859\/"},"modified":"2025-10-03T19:09:10","modified_gmt":"2025-10-03T19:09:10","slug":"un-incendie-aux-abords-des-voies-ferrees-a-maisons-alfort-perturbe-le-trafic","status":"publish","type":"post","link":"https:\/\/www.europesays.com\/fr\/436859\/","title":{"rendered":"Un incendie aux abords des voies ferr\u00e9es \u00e0 Maisons-Alfort perturbe le trafic"},"content":{"rendered":"<p>La circulation des <a href=\"https:\/\/www.20minutes.fr\/dossier\/train\" target=\"_blank\" class=\"c-link c-link--is-underlined\" rel=\"noopener\">trains<\/a> et <a href=\"https:\/\/www.20minutes.fr\/societe\/rer\/\" target=\"_blank\" class=\"c-link c-link--is-underlined\" rel=\"noopener\">RER<\/a> a \u00e9t\u00e9 lourdement affect\u00e9e vendredi apr\u00e8s-midi en <a href=\"https:\/\/www.20minutes.fr\/dossier\/ile-de-france\" target=\"_blank\" class=\"c-link c-link--is-underlined\" rel=\"noopener\">Ile-de-France<\/a> apr\u00e8s qu\u2019un incendie s\u2019est d\u00e9clar\u00e9 dans un immeuble situ\u00e9 en bordure des voies \u00e0 Maisons-Alfort (<a href=\"https:\/\/www.20minutes.fr\/societe\/val-de-marne\/\" target=\"_blank\" class=\"c-link c-link--is-underlined\" rel=\"noopener\">Val-de-Marne)<\/a>.<\/p>\n<p>Le sinistre a d\u00e9but\u00e9 vers 16h au dernier \u00e9tage d\u2019un b\u00e2timent r\u00e9sidentiel donnant directement sur les installations ferroviaires. Tr\u00e8s vite, l\u2019<a href=\"https:\/\/www.20minutes.fr\/dossier\/incendie\" target=\"_blank\" class=\"c-link c-link--is-underlined\" rel=\"noopener\">incendie<\/a> a gagn\u00e9 la toiture, contraignant les secours \u00e0 d\u00e9ployer un dispositif cons\u00e9quent. \u00ab\u00a0D\u2019importants effectifs ont \u00e9t\u00e9 mobilis\u00e9s\u00a0\u00bb, a confirm\u00e9 le commandant de la Brigade des sapeurs-pompiers de Paris (BSPP), Florian Lointier, pr\u00e9sent sur les lieux.<\/p>\n<\/p>\n<p>Le trafic ferroviaire fortement perturb\u00e9<\/p>\n<p>S\u2019il n\u2019y a eu aucun bless\u00e9, la proximit\u00e9 imm\u00e9diate des voies a impos\u00e9 des mesures exceptionnelles. Pour s\u00e9curiser l\u2019intervention, les <a href=\"https:\/\/www.20minutes.fr\/dossier\/pompiers\" target=\"_blank\" class=\"c-link c-link--is-underlined\" rel=\"noopener\">pompiers<\/a> ont demand\u00e9 la mise hors tension de certaines lignes \u00e9lectriques et l\u2019interruption temporaire de la circulation, notamment depuis la <a href=\"https:\/\/www.20minutes.fr\/dossier\/gare_de_lyon\" target=\"_blank\" class=\"c-link c-link--is-underlined\" rel=\"noopener\">Gare de Lyon<\/a>. \u00ab\u00a0Afin de permettre d\u2019\u00e9teindre l\u2019incendie, nous avons sollicit\u00e9 des coupures de circulation\u00a0\u00bb, a pr\u00e9cis\u00e9 la BSPP.<\/p>\n<p><a href=\"https:\/\/www.20minutes.fr\/societe\/val-de-marne\/\" target=\"_blank\" class=\"c-link c-btn c-btn--primary\" rel=\"noopener\">Toute l&rsquo;actualit\u00e9 du Val-de-Marne<\/a><\/p>\n<p>Ces d\u00e9cisions ont entra\u00een\u00e9 un arr\u00eat ou un ralentissement de nombreux trains, impactant particuli\u00e8rement les dessertes r\u00e9gionales qui transitent par cet axe strat\u00e9gique. Plusieurs voyageurs se sont retrouv\u00e9s bloqu\u00e9s ou contraints de modifier leurs trajets en urgence. Le feu a \u00e9t\u00e9 ma\u00eetris\u00e9 mais les d\u00e9g\u00e2ts mat\u00e9riels sont importants. La reprise normale du trafic d\u00e9pend d\u00e9sormais de la s\u00e9curisation compl\u00e8te du site et des v\u00e9rifications techniques men\u00e9es sur les infrastructures ferroviaires.<\/p>\n","protected":false},"excerpt":{"rendered":"La circulation des trains et RER a \u00e9t\u00e9 lourdement affect\u00e9e vendredi apr\u00e8s-midi en Ile-de-France apr\u00e8s qu\u2019un incendie s\u2019est&hellip;\n","protected":false},"author":2,"featured_media":436860,"comment_status":"","ping_status":"","sticky":false,"template":"","format":"standard","meta":{"footnotes":""},"categories":[1592],"tags":[1111,47,11,1777,674,118,1011,27,662,1310,12,626,7854,1311,25,12396,2215,926,1125],"class_list":{"0":"post-436859","1":"post","2":"type-post","3":"status-publish","4":"format-standard","5":"has-post-thumbnail","7":"category-ile-de-france","8":"tag-actu","9":"tag-actualite","10":"tag-actualites","11":"tag-eu","12":"tag-europe","13":"tag-faits-divers","14":"tag-fr","15":"tag-france","16":"tag-ile-de-france","17":"tag-incendie","18":"tag-news","19":"tag-paris","20":"tag-perturbations","21":"tag-pompiers","22":"tag-republique-francaise","23":"tag-rer","24":"tag-sncf","25":"tag-train","26":"tag-val-de-marne"},"share_on_mastodon":{"url":"https:\/\/pubeurope.com\/@fr\/115311815180798377","error":""},"_links":{"self":[{"href":"https:\/\/www.europesays.com\/fr\/wp-json\/wp\/v2\/posts\/436859","targetHints":{"allow":["GET"]}}],"collection":[{"href":"https:\/\/www.europesays.com\/fr\/wp-json\/wp\/v2\/posts"}],"about":[{"href":"https:\/\/www.europesays.com\/fr\/wp-json\/wp\/v2\/types\/post"}],"author":[{"embeddable":true,"href":"https:\/\/www.europesays.com\/fr\/wp-json\/wp\/v2\/users\/2"}],"replies":[{"embeddable":true,"href":"https:\/\/www.europesays.com\/fr\/wp-json\/wp\/v2\/comments?post=436859"}],"version-history":[{"count":0,"href":"https:\/\/www.europesays.com\/fr\/wp-json\/wp\/v2\/posts\/436859\/revisions"}],"wp:featuredmedia":[{"embeddable":true,"href":"https:\/\/www.europesays.com\/fr\/wp-json\/wp\/v2\/media\/436860"}],"wp:attachment":[{"href":"https:\/\/www.europesays.com\/fr\/wp-json\/wp\/v2\/media?parent=436859"}],"wp:term":[{"taxonomy":"category","embeddable":true,"href":"https:\/\/www.europesays.com\/fr\/wp-json\/wp\/v2\/categories?post=436859"},{"taxonomy":"post_tag","embeddable":true,"href":"https:\/\/www.europesays.com\/fr\/wp-json\/wp\/v2\/tags?post=436859"}],"curies":[{"name":"wp","href":"https:\/\/api.w.org\/{rel}","templated":true}]}}