{"id":436861,"date":"2025-10-03T19:10:12","date_gmt":"2025-10-03T19:10:12","guid":{"rendered":"https:\/\/www.europesays.com\/fr\/436861\/"},"modified":"2025-10-03T19:10:12","modified_gmt":"2025-10-03T19:10:12","slug":"soiree-tres-difficile-sur-les-routes-de-paris-et-dile-de-france-550-km-de-bouchons","status":"publish","type":"post","link":"https:\/\/www.europesays.com\/fr\/436861\/","title":{"rendered":"soir\u00e9e tr\u00e8s difficile sur les routes de Paris et d&rsquo;\u00cele-de-France, 550 km de bouchons"},"content":{"rendered":"<p>            Par<br \/>\n        <strong><br \/>\n            <a href=\"https:\/\/actu.fr\/auteur\/redaction-paris\" title=\"Consulter tous les articles de R\u00e9daction Paris\" target=\"_blank\" rel=\"noopener\">R\u00e9daction Paris<\/a><br \/>\n        <\/strong><\/p>\n<p>        Publi\u00e9 le<\/p>\n<p>            3 oct. 2025 \u00e0 20h25        <\/p>\n<p>La fin de semaine est rude dans les transports. Apr\u00e8s une <a href=\"https:\/\/actu.fr\/ile-de-france\/paris_75056\/sncf-paris-importants-retards-sur-les-tgv-entre-la-gare-montparnasse-et-l-ouest-de-la-france_63249348.html\" target=\"_blank\" rel=\"noopener\">pagaille monstre au d\u00e9part de la gare de Montparnasse<\/a> ce matin, de <a href=\"https:\/\/actu.fr\/ile-de-france\/maisons-alfort_94046\/incendie-aux-abords-des-voies-dans-le-val-de-marne-grosse-pagaille-sur-le-rer-d-et-au-depart-de-gare-de-lyon_63254757.html\" target=\"_blank\" rel=\"noopener\">gros ralentissements sur le RER D<\/a> en fin de journ\u00e9e et des bouchons \u00e0 n\u2019en plus finir ce soir, ce vendredi 3\u00a0octobre 2025 a \u00e9t\u00e9 \u00e9prouvant pour les Franciliens. Vers 18\u00a0heures, Sytadin avait enregistr\u00e9 <strong>plus de 550\u00a0km de bouchons<\/strong>.<\/p>\n<p>Un cumul de bouchons bien plus qu\u2019exceptionnel<\/p>\n<p class=\" wall-content\">Avec une chauss\u00e9e glissante \u00e0 cause de la pluie, les <strong>accidents<\/strong> se sont multipli\u00e9s. Peu apr\u00e8s 20\u00a0heures, il en restait un \u00e0 l\u2019Ouest impliquant une voiture et une moto notamment \u00e0 hauteur de Romainville (Seine-Saint-Denis).<\/p>\n<p class=\" wall-content\">Au Sud, ce sont les <strong>pannes<\/strong> qui n\u2019en finissent plus. Une voiture vers Choisy-le-Roi sur l\u2019A86 int\u00e9rieur, un poids lourd sur la N12 dans le sens province-Paris ou encore un v\u00e9hicule sur l\u2019A13 vers le pont de Saint-Cloud\u2026<\/p>\n<p class=\" wall-content\">Vers 20\u00a0heures, le<strong> cumul de bouchons<\/strong> restait bien au-del\u00e0 de l\u2019exceptionnel avec <strong>361\u00a0km au compteur<\/strong>.<\/p>\n<p class=\" wall-content\">Personnalisez votre actualit\u00e9 en ajoutant vos villes et m\u00e9dias en favori avec <a href=\"https:\/\/moncompte.actu.fr\" title=\"D\u00e9couvez Mon Actu\" rel=\"nofollow noopener\" data-trk=\"{&quot;cta&quot;:{&quot;action&quot;:&quot;https:\\\/\\\/moncompte.actu.fr&quot;,&quot;category&quot;:&quot;mon compte&quot;,&quot;from&quot;:&quot;article footer&quot;,&quot;name&quot;:&quot;Mon actu&quot;,&quot;type&quot;:&quot;cta&quot;}}\" target=\"_blank\">Mon Actu<\/a>.<\/p>\n","protected":false},"excerpt":{"rendered":"Par R\u00e9daction Paris Publi\u00e9 le 3 oct. 2025 \u00e0 20h25 La fin de semaine est rude dans les&hellip;\n","protected":false},"author":2,"featured_media":436862,"comment_status":"","ping_status":"","sticky":false,"template":"","format":"standard","meta":{"footnotes":""},"categories":[1888],"tags":[1111,1928,11,1927,1777,674,1011,27,12,1926,626,1925,4013,1800,25,104,2803],"class_list":{"0":"post-436861","1":"post","2":"type-post","3":"status-publish","4":"format-standard","5":"has-post-thumbnail","7":"category-paris","8":"tag-actu","9":"tag-actu-paris","10":"tag-actualites","11":"tag-actualites-paris","12":"tag-eu","13":"tag-europe","14":"tag-fr","15":"tag-france","16":"tag-news","17":"tag-news-paris","18":"tag-paris","19":"tag-paris-news","20":"tag-peripherique","21":"tag-pollution","22":"tag-republique-francaise","23":"tag-societe","24":"tag-transport"},"share_on_mastodon":{"url":"https:\/\/pubeurope.com\/@fr\/115311819147381188","error":""},"_links":{"self":[{"href":"https:\/\/www.europesays.com\/fr\/wp-json\/wp\/v2\/posts\/436861","targetHints":{"allow":["GET"]}}],"collection":[{"href":"https:\/\/www.europesays.com\/fr\/wp-json\/wp\/v2\/posts"}],"about":[{"href":"https:\/\/www.europesays.com\/fr\/wp-json\/wp\/v2\/types\/post"}],"author":[{"embeddable":true,"href":"https:\/\/www.europesays.com\/fr\/wp-json\/wp\/v2\/users\/2"}],"replies":[{"embeddable":true,"href":"https:\/\/www.europesays.com\/fr\/wp-json\/wp\/v2\/comments?post=436861"}],"version-history":[{"count":0,"href":"https:\/\/www.europesays.com\/fr\/wp-json\/wp\/v2\/posts\/436861\/revisions"}],"wp:featuredmedia":[{"embeddable":true,"href":"https:\/\/www.europesays.com\/fr\/wp-json\/wp\/v2\/media\/436862"}],"wp:attachment":[{"href":"https:\/\/www.europesays.com\/fr\/wp-json\/wp\/v2\/media?parent=436861"}],"wp:term":[{"taxonomy":"category","embeddable":true,"href":"https:\/\/www.europesays.com\/fr\/wp-json\/wp\/v2\/categories?post=436861"},{"taxonomy":"post_tag","embeddable":true,"href":"https:\/\/www.europesays.com\/fr\/wp-json\/wp\/v2\/tags?post=436861"}],"curies":[{"name":"wp","href":"https:\/\/api.w.org\/{rel}","templated":true}]}}