{"id":436863,"date":"2025-10-03T19:11:13","date_gmt":"2025-10-03T19:11:13","guid":{"rendered":"https:\/\/www.europesays.com\/fr\/436863\/"},"modified":"2025-10-03T19:11:13","modified_gmt":"2025-10-03T19:11:13","slug":"elisabeth-de-belgique-et-catharina-amalia-futures-reines-etincelantes-au-luxembourg","status":"publish","type":"post","link":"https:\/\/www.europesays.com\/fr\/436863\/","title":{"rendered":"Elisabeth de Belgique et Catharina-Amalia futures reines \u00e9tincelantes au Luxembourg"},"content":{"rendered":"<p>C\u2019est une journ\u00e9e historique qui s\u2019ach\u00e8ve au Luxembourg. 25\u00a0ans apr\u00e8s son p\u00e8re, le prince Guillaume est officiellement mont\u00e9 sur le tr\u00f4ne sous le nom de Guillaume, suite \u00e0 l\u2019abdication d\u2019Henri. La journ\u00e9e a en effet commenc\u00e9 <a href=\"https:\/\/www.parismatch.com\/Royal-Blog\/le-grand-duc-henri-a-officiellement-abdique-son-fils-guillaume-lui-succede-a-la-tete-du-luxembourg-258017\" rel=\"nofollow noopener\" target=\"_blank\">par la signature de l\u2019acte<\/a> par le grand-duc d\u2019alors, suivie par <a href=\"https:\/\/www.parismatch.com\/Royal-Blog\/guillaume-de-luxembourg-officiellement-intronise-grand-duc-sous-les-yeux-de-ladorable-charles-258028\" rel=\"nofollow noopener\" target=\"_blank\">la prestation de serment de son successeur<\/a>.<\/p>\n<p>Apr\u00e8s un premier bain de foule dans la capitale, Guillaume V et son \u00e9pouse, St\u00e9phanie, avaient \u00e0 nouveau rendez-vous au palais grand-ducal pour un gala donn\u00e9 en leur honneur. Pour l\u2019occasion, la nouvelle grande-duchesse avait d\u2019ailleurs r\u00e9enfil\u00e9 sa robe lilas Elie Saab, port\u00e9e dans la matin\u00e9e.<\/p>\n<p>    La suite apr\u00e8s cette publicit\u00e9<\/p>\n<p>Pour cette premi\u00e8re soir\u00e9e en tant qu\u2019\u00e9pouse de souverain, St\u00e9phanie avait \u00e9galement coiff\u00e9 la tiare belge, un bijou r\u00e9serv\u00e9 aux grandes-duchesses, et qui peut \u00e9galement \u00eatre interpr\u00e9t\u00e9 comme un clin d\u2019\u0153il \u00e0 son pays d\u2019origine. Ainsi par\u00e9e, <a href=\"https:\/\/www.parismatch.com\/Royal-Blog\/la-famille-grand-ducale-reunie-au-balcon-pour-feter-guillaume-de-luxembourg-charles-et-francois-en-vedettes-258033\" rel=\"nofollow noopener\" target=\"_blank\">la m\u00e8re de Charles et Fran\u00e7ois<\/a> a pu accueillir ses invit\u00e9s.<\/p>\n<p>    La suite apr\u00e8s cette publicit\u00e9<\/p>\n<p>Des princesses en majest\u00e9<\/p>\n<p>Pr\u00e9sents tout au long de la journ\u00e9e en tant que voisins, mais \u00e9galement cousins plus ou moins \u00e9loign\u00e9s, les rois de Belgique et des Pays-Bas avaient naturellement <a href=\"https:\/\/www.parismatch.com\/Royal-Blog\/abdication-du-grand-duc-henri-de-luxembourg-rois-princesses-presidents-qui-sera-la-257551\" rel=\"nofollow noopener\" target=\"_blank\">fait le d\u00e9placement en compagnie de leurs \u00e9pouses<\/a>. Mathilde est ainsi apparue tr\u00e8s \u00e9l\u00e9gante dans une tenue bordeaux Armani Priv\u00e9, tandis que Maxima portait une longue robe bleu fonc\u00e9 et beige, parfaitement assortie \u00e0 sa tiare de saphirs.<\/p>\n<p>Mais ce sont surtout les deux princesses h\u00e9riti\u00e8res qui ont attir\u00e9 tous les regards. Arriv\u00e9es ensemble, Elisabeth et Catharina-Amalia ont brill\u00e9 de mille feux sur le tapis rouge, les deux ayant opt\u00e9 pour des tenues particuli\u00e8rement brillantes. La future reine des Belges avait ainsi choisi une robe Jenny Packham, <a href=\"https:\/\/www.parismatch.com\/Royal-Blog\/diapo-Kate-divine-duchesse-au-bras-de-William-au-Royal-Albert-Hall-1770621\" rel=\"nofollow noopener\" target=\"_blank\">cr\u00e9atrice connue pour habiller Kate Middleton<\/a>, tandis que Catharina-Amalia resplendissait dans une tenue vert fonc\u00e9 sign\u00e9e Monique Lhuillier. Les deux princesses avaient \u00e9galement coiff\u00e9 des tiares de diamants.<\/p>\n<p>    La suite apr\u00e8s cette publicit\u00e9<\/p>\n<p>    La suite apr\u00e8s cette publicit\u00e9<\/p>\n<p><a href=\"https:\/\/www.parismatch.com\/Royal-Blog\/elisabeth-de-belgique-et-catharina-amalia-des-pays-bas-futures-reines-en-majeste-a-labdication-luxembourgeoise-258023\" rel=\"nofollow noopener\" target=\"_blank\">Comme elles l\u2019avaient fait le matin devant Henri et Maria Teresa<\/a>, les deux princesses se sont acquitt\u00e9es d\u2019une r\u00e9v\u00e9rence parfaite devant le nouveau grand-duc et la nouvelle grande-duchesse, montrant d\u00e9j\u00e0 une parfaite ma\u00eetrise de leur fonction.<\/p>\n","protected":false},"excerpt":{"rendered":"C\u2019est une journ\u00e9e historique qui s\u2019ach\u00e8ve au Luxembourg. 25\u00a0ans apr\u00e8s son p\u00e8re, le prince Guillaume est officiellement mont\u00e9&hellip;\n","protected":false},"author":2,"featured_media":436864,"comment_status":"","ping_status":"","sticky":false,"template":"","format":"standard","meta":{"footnotes":""},"categories":[1888],"tags":[1111,1928,11,1927,1777,674,1011,27,12,1926,626,1925,25],"class_list":{"0":"post-436863","1":"post","2":"type-post","3":"status-publish","4":"format-standard","5":"has-post-thumbnail","7":"category-paris","8":"tag-actu","9":"tag-actu-paris","10":"tag-actualites","11":"tag-actualites-paris","12":"tag-eu","13":"tag-europe","14":"tag-fr","15":"tag-france","16":"tag-news","17":"tag-news-paris","18":"tag-paris","19":"tag-paris-news","20":"tag-republique-francaise"},"share_on_mastodon":{"url":"https:\/\/pubeurope.com\/@fr\/115311823045859948","error":""},"_links":{"self":[{"href":"https:\/\/www.europesays.com\/fr\/wp-json\/wp\/v2\/posts\/436863","targetHints":{"allow":["GET"]}}],"collection":[{"href":"https:\/\/www.europesays.com\/fr\/wp-json\/wp\/v2\/posts"}],"about":[{"href":"https:\/\/www.europesays.com\/fr\/wp-json\/wp\/v2\/types\/post"}],"author":[{"embeddable":true,"href":"https:\/\/www.europesays.com\/fr\/wp-json\/wp\/v2\/users\/2"}],"replies":[{"embeddable":true,"href":"https:\/\/www.europesays.com\/fr\/wp-json\/wp\/v2\/comments?post=436863"}],"version-history":[{"count":0,"href":"https:\/\/www.europesays.com\/fr\/wp-json\/wp\/v2\/posts\/436863\/revisions"}],"wp:featuredmedia":[{"embeddable":true,"href":"https:\/\/www.europesays.com\/fr\/wp-json\/wp\/v2\/media\/436864"}],"wp:attachment":[{"href":"https:\/\/www.europesays.com\/fr\/wp-json\/wp\/v2\/media?parent=436863"}],"wp:term":[{"taxonomy":"category","embeddable":true,"href":"https:\/\/www.europesays.com\/fr\/wp-json\/wp\/v2\/categories?post=436863"},{"taxonomy":"post_tag","embeddable":true,"href":"https:\/\/www.europesays.com\/fr\/wp-json\/wp\/v2\/tags?post=436863"}],"curies":[{"name":"wp","href":"https:\/\/api.w.org\/{rel}","templated":true}]}}