{"id":436870,"date":"2025-10-03T19:15:14","date_gmt":"2025-10-03T19:15:14","guid":{"rendered":"https:\/\/www.europesays.com\/fr\/436870\/"},"modified":"2025-10-03T19:15:14","modified_gmt":"2025-10-03T19:15:14","slug":"nicu-popescu-sans-une-ukraine-qui-tient-toute-leurope-est-en-danger-immediat","status":"publish","type":"post","link":"https:\/\/www.europesays.com\/fr\/436870\/","title":{"rendered":"Nicu Popescu: \u00abSans une Ukraine qui tient, toute l\u2019Europe est en danger imm\u00e9diat\u00bb"},"content":{"rendered":"<p>\n                                                Cette semaine, nous recevons Nicu Popescu, ancien vice-Premier ministre moldave et tout juste \u00e9lu d\u00e9put\u00e9 du parti pro-europ\u00e9en PAS. Il commente la r\u00e9cente victoire de son parti aux \u00e9lections l\u00e9gislatives en d\u00e9pit des soup\u00e7ons d\u2019ing\u00e9rences russes et accuse Vladimir Poutine de chercher \u00e0 d\u00e9stabiliser l\u2019UE.                    <\/p>\n<p>Lors des \u00e9lections l\u00e9gislatives moldaves du 28 septembre 2025, le parti pro-europ\u00e9en Action et Solidarit\u00e9, le PAS, a rafl\u00e9 50,2% des voix face aux partis proches du Kremlin. Cette victoire permet au pays, r\u00e9publique sovi\u00e9tique de 2 millions et demi d\u2019habitants, de contrer l&rsquo;influence russe et de poursuivre ses n\u00e9gociations d\u2019adh\u00e9sion \u00e0 l\u2019entr\u00e9e dans l\u2019Union europ\u00e9enne (UE) entam\u00e9es en 2022. \u00abC&rsquo;est une victoire exceptionnelle\u00bb, s\u2019enthousiasme Nicu Popescu, \u00e9lu d\u00e9put\u00e9 du parti gagnant lors de ces \u00e9lections.\u00a0<\/p>\n<p> <strong>\u00abLes Moldaves ont fait un choix historique\u00bb<\/strong> <\/p>\n<p>\u00abNous voyons que ces derni\u00e8res ann\u00e9es, en Europe, la plupart des gouvernements qui \u00e9taient au pouvoir ont perdu des \u00e9lections car les gens \u00e9taient m\u00e9contents \u00e0 cause de l&rsquo;inflation ou des effets <strong><a target=\"_self\" href=\"https:\/\/www.rfi.fr\/fr\/tag\/\u00e9conomie\/\" rel=\"noopener\">\u00e9conomiques<\/a><\/strong> li\u00e9s \u00e0 la guerre en Ukraine. [&#8230;] La Moldavie a \u00e9t\u00e9 encore plus affect\u00e9e \u00e9conomiquement que ces pays. Nous avons eu encore plus d&rsquo;inflation qu&rsquo;en <strong><a target=\"_self\" href=\"https:\/\/www.rfi.fr\/fr\/tag\/france\/\" rel=\"noopener\">France<\/a><\/strong> ou en <strong><a target=\"_self\" href=\"https:\/\/www.rfi.fr\/fr\/tag\/allemagne\/\" rel=\"noopener\">Allemagne<\/a><\/strong>. Le choc \u00e9conomique a \u00e9t\u00e9 encore plus fort. [&#8230;] La guerre a fait peur aux investisseurs.\u00bb<\/p>\n<p>Il salue, malgr\u00e9 cela, le choix de ses compatriotes : \u00abLes Moldaves ont fait ce choix historique parce qu&rsquo;ils se rendent compte qu\u2019il ne s\u2019agit pas juste de l&rsquo;\u00e9conomie, mais aussi de la paix. C&rsquo;est aussi la stabilit\u00e9 et l&rsquo;avenir europ\u00e9en et d\u00e9mocratique de notre pays qui comptent.\u00bb<\/p>\n<p> <strong>\u00abll y a eu beaucoup d&rsquo;ing\u00e9rence\u00bb<\/strong> <\/p>\n<p>Face \u00e0 la victoire du PAS, le Bloc patriotique, principal parti d\u2019opposition conteste les r\u00e9sultats et ne cache pas sa complaisance envers Moscou. \u00abll y a eu beaucoup d&rsquo;ing\u00e9rence\u00bb, estime l\u2019ancien vice-Premier ministre moldave. \u00abIl y a eu des op\u00e9rations russes avec des bots, des trolls, des algorithmes sur les <strong><a target=\"_self\" href=\"https:\/\/www.rfi.fr\/fr\/tag\/r\u00e9seaux-sociaux\/\" rel=\"noopener\">r\u00e9seaux sociaux<\/a><\/strong> pour promouvoir leur candidat. Mais il y a eu plein d&rsquo;autres types d&rsquo;ing\u00e9rence physiques et financi\u00e8res. La police a trouv\u00e9 des millions d&rsquo;euros qui ont \u00e9t\u00e9 inject\u00e9s dans la politique moldave. La Russie a pay\u00e9 des centaines de gens, des activistes, des partis, des journalistes et experts <strong><a target=\"_self\" href=\"https:\/\/www.rfi.fr\/fr\/tag\/corruption\/\" rel=\"noopener\">corrompus<\/a><\/strong> pour faire la promotion des partis pro-russes.\u00bb\u00a0<\/p>\n<p>En Transnistrie, une r\u00e9gion s\u00e9paratiste du pays, pro-russe et russophone, l\u2019opposition affirme que des citoyens auraient \u00e9t\u00e9 emp\u00each\u00e9s de voter. Le d\u00e9put\u00e9 du PAS fustige ces all\u00e9gations : \u00abLa Russie a organis\u00e9 l&rsquo;entra\u00eenement des gens pour provoquer des violences. C\u2019est tr\u00e8s connu en Moldavie. Plusieurs dizaines de personnes ont \u00e9t\u00e9 arr\u00eat\u00e9es car elles ont eu des entra\u00eenements organis\u00e9s par les Russes pour attaquer la police, pour faire des explosifs, pour occuper des b\u00e2timents publics. [&#8230;] Cela va bien au-del\u00e0 des r\u00e9seaux sociaux. Ils veulent provoquer des violences. Apr\u00e8s les \u00e9lections, on a arr\u00eat\u00e9 31 personnes qui sont venues depuis la Transnistrie pour provoquer des violences.\u00bb<\/p>\n<p> <strong>\u00abNous avons d\u00e9j\u00e0 beaucoup fait pour d\u00e9velopper l&rsquo;infrastructure\u00bb<\/strong> <\/p>\n<p>La Commission europ\u00e9enne consid\u00e8re le pays comme un bon \u00e9l\u00e8ve et lui a accord\u00e9 une aide de 1,9 milliard d&rsquo;euros sur trois ans conditionn\u00e9e \u00e0 la mise en place de r\u00e9formes \u00e9conomiques et institutionnelles. Les investissements sont visibles dans les grandes villes mais moins dans le reste du pays : \u00abNous avons vraiment ce plan de croissance pour le pays. Nous avons d\u00e9j\u00e0 beaucoup fait pour d\u00e9velopper l&rsquo;infrastructure. [&#8230;] Notre infrastructure \u00e9nerg\u00e9tique a permis de s\u00e9curiser l&rsquo;\u00e9lectricit\u00e9 et le chauffage dans les maisons moldaves alors que cette s\u00e9curit\u00e9 \u00e9nerg\u00e9tique a \u00e9t\u00e9 vraiment menac\u00e9e \u00e0 cause des attaques hybrides russes.\u00bb<\/p>\n<p> <strong>\u00abLa Russie a int\u00e9r\u00eat \u00e0 fragiliser l&rsquo;Europe\u00bb<\/strong> <\/p>\n<p>La Russie est \u00e9galement accus\u00e9e de chercher \u00e0 d\u00e9stabiliser l\u2019UE. Cela passe par l&rsquo;utilisation d\u2019une flotte fant\u00f4me arraisonn\u00e9e dans les eaux territoriales de la France : \u00abSi tu es agress\u00e9, m\u00eame si \u00e7a n\u2019est pas une agression militaire, il faut que tu te d\u00e9fendes.\u00bb\u00a0<\/p>\n<p>\u00c0 cela s&rsquo;ajoutent les r\u00e9centes attaques de drones pr\u00e9sum\u00e9s russes sur des \u00c9tats membres. \u00abLa Russie a int\u00e9r\u00eat \u00e0 fragiliser l&rsquo;Europe et les opinions publiques europ\u00e9ennes. Ils veulent faire peur aux gens afin que les \u00c9tats europ\u00e9ens ne veuillent plus soutenir ni l&rsquo;Ukraine ni l\u2019augmentation des d\u00e9penses pour la d\u00e9fense et qu\u2019ainsi elle n\u2019ait plus les moyens de se d\u00e9fendre. [&#8230;] Le but est de d\u00e9solidariser la France de la Pologne, de l&rsquo;Italie, de l&rsquo;Ukraine et que l\u2019Europe, au lieu d\u2019\u00eatre unie, se compose de petits \u00c9tats influen\u00e7ables et \u00e0 qui on peut faire du chantage.\u00bb Nicu Popescu explique qu\u2019il y a eu \u00abun effort de modernisation militaire russe \u00e9norme depuis plus de quinze ans : les Europ\u00e9ens ont ignor\u00e9 cela. Cela a \u00e9t\u00e9 une erreur strat\u00e9gique des gouvernements fran\u00e7ais, allemands, britanniques entre 2008 et 2022\u00bb, critique-t-il.\u00a0<\/p>\n<p> <strong>\u00abNous ne sommes pas dans l&rsquo;inaction\u00bb<\/strong> <\/p>\n<p>Face \u00e0 la menace russe, les \u00c9tats membres ainsi qu\u2019une vingtaine d\u2019autres dirigeants europ\u00e9ens se sont r\u00e9unis \u00e0 l\u2019occasion d\u2019un sommet de la Communaut\u00e9 politique europ\u00e9enne. L\u2019augmentation des capacit\u00e9s de d\u00e9fense de l\u2019UE peine pourtant \u00e0 progresser. \u00abNous ne sommes pas dans l&rsquo;inaction\u00bb, se d\u00e9fend le d\u00e9put\u00e9 moldave. \u00abLes d\u00e9penses militaires se conjuguent \u00e0 une modernisation des moyens mais il faut faire beaucoup de rattrapage. [&#8230;] Il faut vraiment acc\u00e9l\u00e9rer pour \u00eatre en position de prot\u00e9ger la paix des Europ\u00e9ens\u00bb, reconna\u00eet-il.\u00a0<\/p>\n<p>L\u2019Union envisage de lever 140 milliards d&rsquo;euros provenant des avoirs de la Banque centrale de Russie immobilis\u00e9s au sein de l\u2019UE pour financer un pr\u00eat \u00e0 Kiev qui sera rembours\u00e9 si la Russie verse des r\u00e9parations de guerre. Une initiative que soutient Nicu Popescu : \u00abC&rsquo;est une bonne id\u00e9e de s&rsquo;assurer que l&rsquo;Ukraine tient bien parce que l&rsquo;Ukraine prot\u00e8ge l&rsquo;Europe. [&#8230;] Sans une Ukraine forte au niveau militaire et financier, toute l&rsquo;Europe sera en danger militaire imm\u00e9diat. [&#8230;] Le seul moyen de garder la paix, c&rsquo;est d&rsquo;\u00eatre fort\u00bb, conclut-il.<\/p>\n","protected":false},"excerpt":{"rendered":"Cette semaine, nous recevons Nicu Popescu, ancien vice-Premier ministre moldave et tout juste \u00e9lu d\u00e9put\u00e9 du parti pro-europ\u00e9en&hellip;\n","protected":false},"author":2,"featured_media":436871,"comment_status":"","ping_status":"","sticky":false,"template":"","format":"standard","meta":{"footnotes":""},"categories":[1590],"tags":[11,554,1777,674,7248,11095,12,132,220,364,135],"class_list":{"0":"post-436870","1":"post","2":"type-post","3":"status-publish","4":"format-standard","5":"has-post-thumbnail","7":"category-ukraine","8":"tag-actualites","9":"tag-defense","10":"tag-eu","11":"tag-europe","12":"tag-ici-leurope","13":"tag-moldavie","14":"tag-news","15":"tag-russie","16":"tag-ukraine","17":"tag-union-europeenne","18":"tag-vladimir-poutine"},"share_on_mastodon":{"url":"https:\/\/pubeurope.com\/@fr\/115311838730511922","error":""},"_links":{"self":[{"href":"https:\/\/www.europesays.com\/fr\/wp-json\/wp\/v2\/posts\/436870","targetHints":{"allow":["GET"]}}],"collection":[{"href":"https:\/\/www.europesays.com\/fr\/wp-json\/wp\/v2\/posts"}],"about":[{"href":"https:\/\/www.europesays.com\/fr\/wp-json\/wp\/v2\/types\/post"}],"author":[{"embeddable":true,"href":"https:\/\/www.europesays.com\/fr\/wp-json\/wp\/v2\/users\/2"}],"replies":[{"embeddable":true,"href":"https:\/\/www.europesays.com\/fr\/wp-json\/wp\/v2\/comments?post=436870"}],"version-history":[{"count":0,"href":"https:\/\/www.europesays.com\/fr\/wp-json\/wp\/v2\/posts\/436870\/revisions"}],"wp:featuredmedia":[{"embeddable":true,"href":"https:\/\/www.europesays.com\/fr\/wp-json\/wp\/v2\/media\/436871"}],"wp:attachment":[{"href":"https:\/\/www.europesays.com\/fr\/wp-json\/wp\/v2\/media?parent=436870"}],"wp:term":[{"taxonomy":"category","embeddable":true,"href":"https:\/\/www.europesays.com\/fr\/wp-json\/wp\/v2\/categories?post=436870"},{"taxonomy":"post_tag","embeddable":true,"href":"https:\/\/www.europesays.com\/fr\/wp-json\/wp\/v2\/tags?post=436870"}],"curies":[{"name":"wp","href":"https:\/\/api.w.org\/{rel}","templated":true}]}}