{"id":436882,"date":"2025-10-03T19:21:11","date_gmt":"2025-10-03T19:21:11","guid":{"rendered":"https:\/\/www.europesays.com\/fr\/436882\/"},"modified":"2025-10-03T19:21:11","modified_gmt":"2025-10-03T19:21:11","slug":"le-nouveau-taylor-swift-affole-les-compteurs-malgre-des-avis-partages-actualites","status":"publish","type":"post","link":"https:\/\/www.europesays.com\/fr\/436882\/","title":{"rendered":"Le nouveau Taylor Swift affole les compteurs malgr\u00e9 des avis partag\u00e9s : Actualit\u00e9s"},"content":{"rendered":"<p class=\"lead \">Succ\u00e8s commercial assur\u00e9 mais critiques divis\u00e9es pour \u00ab\u00a0The Life of a Showgirl\u00a0\u00bb, le tr\u00e8s attendu douzi\u00e8me album de la m\u00e9gastar am\u00e9ricaine Taylor Swift, d\u00e9voil\u00e9 vendredi, qui se r\u00e9v\u00e8le r\u00e9solument pop, joyeux mais aussi vindicatif.<\/p>\n<p class=\"lead \">Moins de 11 heures apr\u00e8s sa sortie, le disque est d\u00e9j\u00e0 devenu le plus \u00e9cout\u00e9 en une journ\u00e9e sur Spotify en 2025, a indiqu\u00e9 la plateforme de streaming dans un communiqu\u00e9. <\/p>\n<p class=\"lead \">Rien d&rsquo;\u00e9tonnant pour une chanteuse habitu\u00e9e aux records. L&rsquo;an dernier, elle \u00e9tait l&rsquo;artiste la plus \u00e9cout\u00e9e sur Spotify gr\u00e2ce \u00e0 son pr\u00e9c\u00e9dent opus, \u00ab\u00a0The Tortured Poets Department\u00a0\u00bb. <\/p>\n<p class=\"lead \">Apr\u00e8s quatre albums folk ou introspectifs sortis depuis 2020, \u00ab\u00a0The Life of a Showgirl\u00a0\u00bb propose plusieurs morceaux dansants aux sonorit\u00e9s rappelant les ann\u00e9es 80, \u00e0 commencer par le single \u00ab\u00a0The Fate of Ophelia\u00a0\u00bb.<\/p>\n<p class=\"lead \">L&rsquo;histoire d&rsquo;amour entre Taylor Swift et le footballeur am\u00e9ricain Travis Kelce, son fianc\u00e9 depuis cet \u00e9t\u00e9, y tient une grande place, de leur rencontre en 2023 (\u00ab\u00a0Et si tu n&rsquo;\u00e9tais jamais venu me chercher \/ Je me serais peut-\u00eatre noy\u00e9e dans la m\u00e9lancolie\u00a0\u00bb) \u00e0 leurs projets d&rsquo;avenir (\u00ab\u00a0Je ne veux que toi \/ Avoir deux ou trois enfants \/ Que tout le quartier se mette \u00e0 te ressembler\u00a0\u00bb).<\/p>\n<p class=\"lead \">&#8211; \u00ab\u00a0Emouvant et un peu ridicule\u00a0\u00bb &#8211;<\/p>\n<p class=\"lead \">Sur les forums, les fans louent ce c\u00f4t\u00e9 \u00ab\u00a0amusant\u00a0\u00bb et \u00ab\u00a0entra\u00eenant\u00a0\u00bb, mais certains \u00ab\u00a0grincent des dents\u00a0\u00bb face \u00e0 un ton qu&rsquo;ils jugent \u00ab\u00a0suffisant\u00a0\u00bb ou des morceaux sexuellement connot\u00e9s, comme \u00ab\u00a0Wood\u00a0\u00bb (\u00ab\u00a0Son amour est la cl\u00e9 qui ouvrit mes cuisses\u00a0\u00bb).<\/p>\n<p class=\"lead \">Le magazine musical Rolling Stone \u00e9crit que \u00ab\u00a0Swift atteint tous ses objectifs, de nouvelles explorations sonores enthousiasmantes \u00e0 un sens aigu du storytelling\u00a0\u00bb, quand le quotidien britannique The Guardian trouve l&rsquo;opus \u00ab\u00a0peu m\u00e9lodieux et bouillonnant de ressentiment\u00a0\u00bb.<\/p>\n<p class=\"lead \">\u00ab\u00a0C&rsquo;est \u00e0 la fois \u00e9tourdissant, dr\u00f4le, \u00e9mouvant, un peu ridicule, hautain et touchant, \u00e0 parts \u00e9gales\u00a0\u00bb, r\u00e9sume le magazine culturel am\u00e9ricain Variety, qui y voit \u00ab\u00a0l&rsquo;album de l&rsquo;\u00e9t\u00e9\u00a0\u00bb avec un peu de retard.<\/p>\n<p class=\"lead \">La chanteuse de 35 ans, qui a souvent exorcis\u00e9 ses d\u00e9ceptions amoureuses en musique, r\u00e9p\u00e8te vendredi son soulagement de parvenir \u00e0 \u00e9crire aussi en \u00e9tant \u00ab\u00a0heureuse et libre\u00a0\u00bb. Quant au ton \u00ab\u00a0mordant\u00a0\u00bb de certains titres, elle en est \u00ab\u00a0fi\u00e8re\u00a0\u00bb.<\/p>\n<p class=\"lead \">Dans \u00ab\u00a0Father Figure\u00a0\u00bb &#8212; inspir\u00e9 du morceau \u00e9ponyme de George Michael &#8211;, la popstar semble revenir sur la saga qui a entour\u00e9, entre 2019 et mai dernier, le rachat des droits de ses six premiers albums. \u00ab\u00a0Je prot\u00e8ge la famille\u00a0\u00bb, y entonne-t-elle.<\/p>\n<p class=\"lead \">\u00ab\u00a0Actually Romantic\u00a0\u00bb (dans laquelle Taylor Swift se moque d&rsquo;une personne la critiquant) et \u00ab\u00a0CANCELLED!\u00a0\u00bb (o\u00f9 elle clame que ses amis \u00ab\u00a0ont les m\u00eames cicatrices\u00a0\u00bb qu&rsquo;elle), surtout, donnent du grain \u00e0 moudre \u00e0 ses fans, qui se demandent avec qui leur idole r\u00e8gle des comptes.<\/p>\n<p class=\"lead \">&#8211; \u00ab\u00a0Tubes pour adultes\u00a0\u00bb &#8211;<\/p>\n<p class=\"lead \">Comme on ne change pas une formule qui gagne, les balades ont aussi la part belle parmi les 12 titres de \u00ab\u00a0The Life of a Showgirl\u00a0\u00bb. Et la country, genre dans lequel l&rsquo;artiste a d\u00e9but\u00e9 en 2006, pointe sur quelques morceaux, dont le duo final avec la nouvelle star de la pop Sabrina Carpenter.<\/p>\n<p class=\"lead \">R\u00e9sultat, pas de chanson pr\u00eat-\u00e0-danser comme \u00ab\u00a0Shake it Off\u00a0\u00bb (2014), mais plut\u00f4t des \u00ab\u00a0tubes pour adultes\u00a0\u00bb, plaisante le magazine sp\u00e9cialis\u00e9 Billboard.<\/p>\n<p class=\"lead \">Jusqu&rsquo;\u00e0 dimanche, les fans, surnomm\u00e9s \u00ab\u00a0Swifties\u00a0\u00bb, ont rendez-vous au cin\u00e9ma dans une cinquantaine de pays pour visionner un commentaire du disque par la chanteuse, un premier clip et une version karaok\u00e9 des morceaux.<\/p>\n<p class=\"lead \">On devrait voir dans les salles beaucoup d&rsquo;orange, de paillettes et de plumes, pour suivre l&rsquo;esth\u00e9tique de l&rsquo;album.<\/p>\n<p class=\"lead \">Taylor Swift, elle, s&rsquo;engage dans une tourn\u00e9e des m\u00e9dias. <\/p>\n<p class=\"lead \">Pour une tourn\u00e9e tout court, apr\u00e8s avoir pass\u00e9 2023 et 2024 sur la route, il faudra peut-\u00eatre attendre. \u00ab\u00a0Quand je pense \u00e0 le refaire, je me sens tellement fatigu\u00e9e\u00a0\u00bb, a-t-elle gliss\u00e9 \u00e0 BBC Radio 1. \u00ab\u00a0Parce que si je le refais, je vais vouloir que \u00e7a soit vraiment bien.\u00a0\u00bb<\/p>\n<p class=\"small font-weight-bold text-gray3 \"> publi\u00e9 le 3 octobre \u00e0 21h10, AFP<\/p>\n<p>                             Partager<\/p>\n","protected":false},"excerpt":{"rendered":"Succ\u00e8s commercial assur\u00e9 mais critiques divis\u00e9es pour \u00ab\u00a0The Life of a Showgirl\u00a0\u00bb, le tr\u00e8s attendu douzi\u00e8me album de&hellip;\n","protected":false},"author":2,"featured_media":436883,"comment_status":"","ping_status":"","sticky":false,"template":"","format":"standard","meta":{"footnotes":""},"categories":[2],"tags":[11,1971,1972,1011,27,6972,873,12,25,25995,308],"class_list":{"0":"post-436882","1":"post","2":"type-post","3":"status-publish","4":"format-standard","5":"has-post-thumbnail","7":"category-actualites","8":"tag-actualites","9":"tag-clbrits","10":"tag-cinma","11":"tag-fr","12":"tag-france","13":"tag-marketing","14":"tag-musique","15":"tag-news","16":"tag-republique-francaise","17":"tag-stratgie","18":"tag-usa"},"share_on_mastodon":{"url":"https:\/\/pubeurope.com\/@fr\/115311862384049862","error":""},"_links":{"self":[{"href":"https:\/\/www.europesays.com\/fr\/wp-json\/wp\/v2\/posts\/436882","targetHints":{"allow":["GET"]}}],"collection":[{"href":"https:\/\/www.europesays.com\/fr\/wp-json\/wp\/v2\/posts"}],"about":[{"href":"https:\/\/www.europesays.com\/fr\/wp-json\/wp\/v2\/types\/post"}],"author":[{"embeddable":true,"href":"https:\/\/www.europesays.com\/fr\/wp-json\/wp\/v2\/users\/2"}],"replies":[{"embeddable":true,"href":"https:\/\/www.europesays.com\/fr\/wp-json\/wp\/v2\/comments?post=436882"}],"version-history":[{"count":0,"href":"https:\/\/www.europesays.com\/fr\/wp-json\/wp\/v2\/posts\/436882\/revisions"}],"wp:featuredmedia":[{"embeddable":true,"href":"https:\/\/www.europesays.com\/fr\/wp-json\/wp\/v2\/media\/436883"}],"wp:attachment":[{"href":"https:\/\/www.europesays.com\/fr\/wp-json\/wp\/v2\/media?parent=436882"}],"wp:term":[{"taxonomy":"category","embeddable":true,"href":"https:\/\/www.europesays.com\/fr\/wp-json\/wp\/v2\/categories?post=436882"},{"taxonomy":"post_tag","embeddable":true,"href":"https:\/\/www.europesays.com\/fr\/wp-json\/wp\/v2\/tags?post=436882"}],"curies":[{"name":"wp","href":"https:\/\/api.w.org\/{rel}","templated":true}]}}