{"id":436900,"date":"2025-10-03T19:33:16","date_gmt":"2025-10-03T19:33:16","guid":{"rendered":"https:\/\/www.europesays.com\/fr\/436900\/"},"modified":"2025-10-03T19:33:16","modified_gmt":"2025-10-03T19:33:16","slug":"rachida-dati-aviez-vous-repere-cette-star-internationale-cachee-sur-sa-photo-de-campagne","status":"publish","type":"post","link":"https:\/\/www.europesays.com\/fr\/436900\/","title":{"rendered":"Rachida Dati : aviez-vous rep\u00e9r\u00e9 cette star internationale cach\u00e9e sur sa photo de campagne ?"},"content":{"rendered":"<p>On dit souvent que le monde est petit, et il faut reconna\u00eetre<br \/>\nque parfois\u2026 Oui. Ce week-end, les \u00e9quipes de <a href=\"https:\/\/www.closermag.fr\/politique\/vous-cherchez-lembrouille-rachida-dati-attaque-les-journalistes-de-quotidien-apres-des-questions-epineuses-3575399\" rel=\"nofollow noopener\" target=\"_blank\"><br \/>\nRachida Dati<\/a> \u00e9taient d\u00e9ploy\u00e9es dans la capitale pour<br \/>\n<strong>distribuer des tracts aux passants<\/strong>, la ministre<br \/>\nd\u00e9missionnaire se pr\u00e9sentant aux municipales de 2026.\u00a0<\/p>\n<p>Plusieurs militants se sont pris en photo au cours de cet<br \/>\nexercice, et l\u2019un d\u2019eux a eu la surprise de voir <a href=\"https:\/\/www.closermag.fr\/people\/harry-styles-et-zoe-kravitz-en-couple-ils-sembrassaient-comme-des-ados-le-duo-repere-a-londres-et-a-rome-3573377\" rel=\"nofollow noopener\" target=\"_blank\"><br \/>\nHarry Styles<\/a> appara\u00eetre sur le clich\u00e9. On parle bien du<br \/>\nchanteur britannique, <strong>ex-membre des One Direction<\/strong>,<br \/>\nqui compte pas moins de 46 millions d\u2019abonn\u00e9s sur Instagram.<br \/>\nLunettes de soleil sur le nez, cure-dent dans la bouche et<br \/>\n\u00e9couteurs dans les oreilles, Harry Styles se baladait incognito<br \/>\ndans les rues de Paris, loin de se douter qu\u2019il allait<br \/>\n\u201cphotobomber\u201d la campagne de soutien de Rachida Dati.\u00a0<\/p>\n<p>Cette star internationale approch\u00e9e par les militants de<br \/>\nRachida Dati<\/p>\n<blockquote class=\"instagram-media\" style=\"background: #ffffff;border: 0;margin: 1px;width: 100%;padding: 0;max-width: 500px;\" data-instgrm-permalink=\"https:\/\/www.instagram.com\/p\/DPKLxV4DP7o\/\" data-instgrm-version=\"14\"\/>\n<p>Le chanteur &#8211; qui se trouvait dans le XVIe arrondissement &#8211; n\u2019a<br \/>\npas crois\u00e9 qu\u2019un seul groupe de militants puisqu\u2019un autre soutien<br \/>\nde Rachida Dati, &#8211; le vice-pr\u00e9sident du groupe Changer Paris, David<br \/>\nAlphand, &#8211; se souvient de sa rencontre avec Harry Styles.<br \/>\n\u201c<strong>Je lui ai tendu un tract<\/strong>, comme tout le<br \/>\nmonde. Et, tr\u00e8s poliment, il a refus\u00e9\u201d, confie ce dernier au<br \/>\nParisien.\u00a0<\/p>\n<p>\u201cIl m\u2019a parl\u00e9 en anglais, alors j\u2019ai vite compris qu\u2019il ne<br \/>\nfaisait pas partie de notre c\u0153ur de cible et qu\u2019il ne votait pas<br \/>\nici\u201d. Ce dernier, en revanche, n\u2019a pas saisi tout de suite<br \/>\n<strong>de qui il s\u2019agissait<\/strong>, avant de d\u00e9couvrir par le<br \/>\nbiais de coll\u00e8gues qu\u2019il avait eu affaire \u00e0 une star<br \/>\ninternationale.\u00a0<\/p>\n<p>Rachida Dati solennelle aux obs\u00e8ques de<br \/>\nClaudia Cardinale<\/p>\n<p>En attendant la suite, Rachida Dati continue de remplir ses<br \/>\nfonctions de ministre de la Culture, elle qui \u00e9tait ce mardi aux<br \/>\n<strong>obs\u00e8ques de l\u2019actrice italienne<\/strong> <a href=\"https:\/\/www.closermag.fr\/people\/obseques-de-claudia-cardinale-nicolas-bedos-nikos-aliagas-rachida-dati-un-dernier-adieu-emouvant-photos-3583498#item=1\" rel=\"nofollow noopener\" target=\"_blank\"><br \/>\nClaudia Cardinale<\/a>. Elle n\u2019\u00e9tait pas la seule \u00e0 avoir fait le<br \/>\nd\u00e9placement \u00e0 l\u00a0\u00bb\u00e9glise Saint-Roch puisque plusieurs c\u00e9l\u00e9brit\u00e9s ont<br \/>\n\u00e9t\u00e9 aper\u00e7ues sur les lieux.\u00a0<\/p>\n<p>Parmi les visages connus on retrouvait notamment Catherine<br \/>\nJacob, Bernard Montiel, Paul Belmondo, Nikos Aliagas, Georges<br \/>\nBeller, Patrick Pr\u00e9jean ou encore <a href=\"https:\/\/www.closermag.fr\/people\/nicolas-bedos-viole-par-une-personne-admiree-cette-decision-radicale-quil-a-du-mal-a-expliquer-3541429\" rel=\"nofollow noopener\" target=\"_blank\"><br \/>\nNicolas Bedos<\/a> et sa m\u00e8re <a href=\"https:\/\/www.closermag.fr\/people\/nicolas-bedos-condamne-les-propos-inquietants-de-sa-mere-joelle-peur-quil-3545603\" rel=\"nofollow noopener\" target=\"_blank\"><br \/>\nJo\u00eblle Bercot<\/a>, Val\u00e9rie P\u00e9cresse, Jack Lang, ainsi que Claudia<br \/>\nSquitieri, la fille de Claudia Cardinale.\u00a0<\/p>\n<p><script async src=\"\/\/www.instagram.com\/embed.js\"><\/script><\/p>\n","protected":false},"excerpt":{"rendered":"On dit souvent que le monde est petit, et il faut reconna\u00eetre que parfois\u2026 Oui. Ce week-end, les&hellip;\n","protected":false},"author":2,"featured_media":436901,"comment_status":"","ping_status":"","sticky":false,"template":"","format":"standard","meta":{"footnotes":""},"categories":[1359],"tags":[58,59,1011,27,50228,973,417],"class_list":{"0":"post-436900","1":"post","2":"type-post","3":"status-publish","4":"format-standard","5":"has-post-thumbnail","7":"category-people","8":"tag-divertissement","9":"tag-entertainment","10":"tag-fr","11":"tag-france","12":"tag-harry-styles","13":"tag-people","14":"tag-rachida-dati"},"share_on_mastodon":{"url":"https:\/\/pubeurope.com\/@fr\/115311909632469515","error":""},"_links":{"self":[{"href":"https:\/\/www.europesays.com\/fr\/wp-json\/wp\/v2\/posts\/436900","targetHints":{"allow":["GET"]}}],"collection":[{"href":"https:\/\/www.europesays.com\/fr\/wp-json\/wp\/v2\/posts"}],"about":[{"href":"https:\/\/www.europesays.com\/fr\/wp-json\/wp\/v2\/types\/post"}],"author":[{"embeddable":true,"href":"https:\/\/www.europesays.com\/fr\/wp-json\/wp\/v2\/users\/2"}],"replies":[{"embeddable":true,"href":"https:\/\/www.europesays.com\/fr\/wp-json\/wp\/v2\/comments?post=436900"}],"version-history":[{"count":0,"href":"https:\/\/www.europesays.com\/fr\/wp-json\/wp\/v2\/posts\/436900\/revisions"}],"wp:featuredmedia":[{"embeddable":true,"href":"https:\/\/www.europesays.com\/fr\/wp-json\/wp\/v2\/media\/436901"}],"wp:attachment":[{"href":"https:\/\/www.europesays.com\/fr\/wp-json\/wp\/v2\/media?parent=436900"}],"wp:term":[{"taxonomy":"category","embeddable":true,"href":"https:\/\/www.europesays.com\/fr\/wp-json\/wp\/v2\/categories?post=436900"},{"taxonomy":"post_tag","embeddable":true,"href":"https:\/\/www.europesays.com\/fr\/wp-json\/wp\/v2\/tags?post=436900"}],"curies":[{"name":"wp","href":"https:\/\/api.w.org\/{rel}","templated":true}]}}