{"id":436904,"date":"2025-10-03T19:35:15","date_gmt":"2025-10-03T19:35:15","guid":{"rendered":"https:\/\/www.europesays.com\/fr\/436904\/"},"modified":"2025-10-03T19:35:15","modified_gmt":"2025-10-03T19:35:15","slug":"6-livres-a-paraitre-au-quebec-en-octobre-2025-suggestions-de-lecture","status":"publish","type":"post","link":"https:\/\/www.europesays.com\/fr\/436904\/","title":{"rendered":"6 livres \u00e0 para\u00eetre au Qu\u00e9bec en octobre 2025 | Suggestions de lecture"},"content":{"rendered":"<p style=\"text-align: justify;\"><strong>L\u2019automne est enfin arriv\u00e9, et le paysage se teinte progressivement de rouge et d\u2019orange, tandis que les tartes \u00e0 la citrouille et les lectures int\u00e9rieures reviennent enchanter notre quotidien. Pour c\u00e9l\u00e9brer cette saison, d\u00e9couvrez ci-dessous les 6 nouveaut\u00e9s litt\u00e9raires du mois d\u2019octobre.<\/strong><\/p>\n<p style=\"text-align: justify;\">\u00a0<\/p>\n<p>Quand le monde dort, Francesca Albanese<br \/>\n\u00c9ditions M\u00e9moire d\u2019encrier, 264 pages<br \/>\n\u00c0 para\u00eetre le 6 octobre\u00a0<\/p>\n<p style=\"text-align: justify;\"><img decoding=\"async\" src=\"https:\/\/www.europesays.com\/fr\/wp-content\/uploads\/2025\/10\/quandlemondedort-1759515261.jpg\" alt=\"\" width=\"100%\"\/><\/p>\n<p style=\"text-align: justify;\">\u00a0<\/p>\n<p style=\"text-align: justify;\">Aux \u00c9ditions M\u00e9moire d\u2019encrier arrive\u00a0Quand le monde dort, un livre de Francesca Albanese, juriste et Rapporteuse sp\u00e9ciale de l\u2019ONU sur les droits humains dans les territoires palestiniens occup\u00e9s.<\/p>\n<p style=\"text-align: justify;\">\u00a0<\/p>\n<p style=\"text-align: justify;\">Publi\u00e9 en mai dernier en italien chez Rizzoli, Quand le monde dort m\u00eale la voix de l\u2019auteure aux r\u00e9cits et blessures des femmes, hommes et enfants qui vivent l&rsquo;injustice au quotidien en Palestine. Un livre qui met en lumi\u00e8re les voix qui s&rsquo;engagent \u00e0 dire NON \u00e0 l&rsquo;horreur et \u00e0 l&rsquo;inacceptable. <a href=\"https:\/\/memoiredencrier.com\/catalogue\/quand-le-monde-dort\/\" target=\"_blank\" rel=\"noopener\">Quand le monde dort <\/a>se veut un acte d&rsquo;amour, de courage et de v\u00e9rit\u00e9.<\/p>\n<p style=\"text-align: justify;\">\u00a0<\/p>\n<p>Beau Dommage : C&rsquo;est ben grav\u00e9 dans ma m\u00e9moire, Jean-Fran\u00e7ois Brassard<br \/>\n\u00c9ditions les Malins, 312 pages<br \/>\n\u00c0 para\u00eetre le 8 octobre\u00a0<\/p>\n<p style=\"text-align: justify;\"><img decoding=\"async\" src=\"https:\/\/www.europesays.com\/fr\/wp-content\/uploads\/2025\/10\/beaudommage-1759515276.jpg\" alt=\"\" width=\"100%\"\/><\/p>\n<p style=\"text-align: justify;\">\u00a0<\/p>\n<p style=\"text-align: justify;\">Le journaliste culturel Jean-Fran\u00e7ois Brassard pr\u00e9sente une musicographie compl\u00e8te consacr\u00e9e \u00e0 Beau Dommage, r\u00e9alis\u00e9e avec la participation des membres du groupe. Ce livre de 312 pages retrace la carri\u00e8re du groupe, des premiers accords \u00e0 La Quenouille Bleue aux carri\u00e8res solos des artistes.<\/p>\n<p style=\"text-align: justify;\">\u00a0<\/p>\n<p style=\"text-align: justify;\">Plusieurs documents, archives et t\u00e9moignages exclusifs accompagnent l\u2019\u0153uvre qui refl\u00e8te l&rsquo;influence de Beau Dommage sur plusieurs g\u00e9n\u00e9rations d&rsquo;artistes. Plusieurs y ont par ailleurs particip\u00e9, comme Richard S\u00e9guin, Claude Meunier, Michel Tremblay, Paul Pich\u00e9, Luc De Larochelli\u00e8re, Mara Tremblay, Simon Boulerice, Antoine Gratton, Alain Simard et bien d&rsquo;autres.<\/p>\n<p style=\"text-align: justify;\">\u00a0<\/p>\n<p style=\"text-align: justify;\"><a href=\"https:\/\/www.lesmalins.ca\/fr\/livre\/adulte\/4903-beau-dommage-c-est-ben-grave-dans-ma-memoire.html\" target=\"_blank\" rel=\"noopener\">L\u2019ouvrage<\/a> s\u2019accompagne \u00e9galement d\u2019une pr\u00e9face de Jean-Fran\u00e7ois Pauz\u00e9.<\/p>\n<p style=\"text-align: justify;\">\u00a0<\/p>\n<p>La maison du rang Lynch, Alexie Morin<br \/>\nLe Quartanier, 408 pages<br \/>\n\u00c0 para\u00eetre le 15 octobre\u00a0<\/p>\n<p style=\"text-align: justify;\"><img decoding=\"async\" src=\"https:\/\/www.europesays.com\/fr\/wp-content\/uploads\/2025\/10\/lamaisonduranglynch-1759515290.jpg\" alt=\"\" width=\"100%\"\/><\/p>\n<p style=\"text-align: justify;\">\u00a0<\/p>\n<p style=\"text-align: justify;\">Sept ans apr\u00e8s\u00a0Ouvrir son c\u0153ur,\u00a0Alexie Morin revient avec son deuxi\u00e8me roman,\u00a0La maison du rang Lynch, un ouvrage gothique et psychologique oeuvrant entre la weird fiction et le fantastique. L\u2019autrice et \u00e9ditrice emm\u00e8ne le lectorat un peu \u00e0 l\u2019\u00e9cart de Wickford Mills, une ville fictionnelle des Cantons-de-l\u2019Est, \u00e0 la fin des ann\u00e9es 90.<\/p>\n<p style=\"text-align: justify;\">\u00a0<\/p>\n<p style=\"text-align: justify;\">On y retrouve les cousins Vincent et David McCabe, deux adolescents, lors de neuf jours et neuf nuits qui annoncent bouleverser leur vie et celle de toute leur famille.\u00a0<a href=\"https:\/\/lequartanier.com\/parution\/759-la-maison-du-rang-lynch\" target=\"_blank\" rel=\"noopener\">La maison du rang Lynch<\/a><a href=\"https:\/\/lequartanier.com\/parution\/759-la-maison-du-rang-lynch\" target=\"_blank\" rel=\"noopener\">\u00a0<\/a>est le premier volet du Cycle de Wickford Mills.<\/p>\n<p style=\"text-align: justify;\">\u00a0<\/p>\n<p>Captives T. 2,\u00a0Annie Laurin et Mich\u00e8le Ouellette<br \/>\nFIDES, 232 pages<br \/>\n\u00c0 para\u00eetre le 15 octobre\u00a0<\/p>\n<p style=\"text-align: justify;\"><img decoding=\"async\" src=\"https:\/\/www.europesays.com\/fr\/wp-content\/uploads\/2025\/10\/captivest2-1759515306.jpg\" alt=\"\" width=\"100%\"\/><\/p>\n<p style=\"text-align: justify;\">\u00a0<\/p>\n<p style=\"text-align: justify;\">Les cr\u00e9atrices du balado qu\u00e9b\u00e9cois\u00a0Captives\u00a0Annie Laurin et Mich\u00e8le Ouellette racontent dans ce nouveau livre douze histoires in\u00e9dites de crimes r\u00e9els et disparitions myst\u00e9rieuses au Qu\u00e9bec.\u00a0<\/p>\n<p style=\"text-align: justify;\">\u00a0<\/p>\n<p style=\"text-align: justify;\">Parmi les affaires abord\u00e9es, les lecteurs et lectrices pourront retrouver les disparitions de Chantal de Montgaillard en 1972, ou encore de Theresia Speier en 2014, disparue dans la r\u00e9serve faunique de Mastigouche sans laisser de traces. Ce second tome revient \u00e9galement sur la prise en otage de Madeleine Picard en 1981 ainsi que sur la mort violente de Kataluk Paningayak-Naluiyuk en 2021 au Nunavik, entre autres.<\/p>\n<p style=\"text-align: justify;\">\u00a0<\/p>\n<p style=\"text-align: justify;\"><a href=\"https:\/\/editionsfides.com\/collections\/laurin-annie\/products\/captives-t-2\" target=\"_blank\" rel=\"noopener\">Cette parution<\/a> suit le tome 1 qui avait \u00e9t\u00e9 d\u00e9voil\u00e9 en octobre 2023. Le balado\u00a0Captives, pour sa part, a d\u00e9but\u00e9 sa 5e saison avec la diffusion du premier \u00e9pisode le 1er octobre dernier.<\/p>\n<p style=\"text-align: justify;\">\u00a0<\/p>\n<p>L\u2019ombre aux mille visages \u2013 Une enqu\u00eate d\u2019Ana Blanc, Mika\u00ebl Archambault<br \/>\n\u00c9ditions de Mortagne,\u00a0296 pages<br \/>\n\u00c0 para\u00eetre le 15 octobre\u00a0<\/p>\n<p style=\"text-align: justify;\"><img decoding=\"async\" src=\"https:\/\/www.europesays.com\/fr\/wp-content\/uploads\/2025\/10\/lombreauxmillevisages-1759515346.jpg\" alt=\"\" width=\"100%\"\/><\/p>\n<p style=\"text-align: justify;\">\u00a0<\/p>\n<p style=\"text-align: justify;\">L\u2019ombre aux mille visages \u2013 Une enqu\u00eate d\u2019Ana Blanc, arrive \u00e0 point nomm\u00e9 pour Halloween et pour les amateurs de thriller. La p\u00e8gre montr\u00e9alaise est infiltr\u00e9e par un personnage \u00e9nigmatique surnomm\u00e9 \u00ab L\u2019ombre aux mille visages \u00bb, qui multiplie les attaques provocatrices. L\u2019arnaqueuse professionnelle Ana Blanc, alors \u00e0 la semi-retraite, est contrainte par la mafia de localiser et d\u2019identifier cet ennemi invisible en sept jours.<\/p>\n<p style=\"text-align: justify;\">\u00a0<\/p>\n<p style=\"text-align: justify;\">L\u2019auteur et sc\u00e9nariste Mika\u00ebl Archambault publie ici <a href=\"https:\/\/editionsdemortagne.com\/livres\/lombre-aux-mille-visages\/\" target=\"_blank\" rel=\"noopener\">le deuxi\u00e8me livre<\/a> consacr\u00e9 aux enqu\u00eates d\u2019Ana Blanc, apr\u00e8s\u00a0L&rsquo;homme au masque de chair\u00a0en mars 2025. Celui qui \u0153uvre \u00e9galement dans le monde de l\u2019humour en tant qu\u2019auteur a \u00e9galement \u00e0 son actif une autre s\u00e9rie de livres mettant en vedette le personnage de Ga\u00e9tan Tanguay, entre autres.<\/p>\n<p style=\"text-align: justify;\">\u00a0<\/p>\n<p>Ast\u00e9rix en Lusitanie, Didier Conrad, Fabcaro<br \/>\n\u00c9ditions Albert Ren\u00e9, 49 pages<br \/>\n\u00c0 para\u00eetre le 23 octobre 2025<\/p>\n<p style=\"text-align: justify;\"><img decoding=\"async\" src=\"https:\/\/www.europesays.com\/fr\/wp-content\/uploads\/2025\/10\/asterixenlusitanie-1759515361.jpg\" alt=\"\" width=\"100%\"\/><\/p>\n<p style=\"text-align: justify;\">\u00a0<\/p>\n<p style=\"text-align: justify;\"><a href=\"https:\/\/hachette.qc.ca\/livres\/asterix-en-lusitanie\/\" target=\"_blank\" rel=\"noopener\">Ast\u00e9rix en Lusitanie<\/a>\u00a0est le 41e album de la s\u00e9rie de bandes dessin\u00e9es destin\u00e9 au h\u00e9ros gaulois. Les personnages d\u2019Ast\u00e9rix, Ob\u00e9lix et Id\u00e9fix sont de retour pour une nouvelle aventure qui le portera jusqu\u2019en Lusitanie, cette terre de soleil \u00e0 l&rsquo;ouest de l&rsquo;Hispanie aussi sous l\u2019autorit\u00e9 de Rome. Une nouvelle histoire qui concocte un menu \u00e0 base de potion magique, de Gaulois, de Romains, mais aussi de Lusitaniens et de bagarres.<\/p>\n<p style=\"text-align: justify;\">\u00a0<\/p>\n<p style=\"text-align: justify;\">Ce nouvel album est le deuxi\u00e8me \u00e0 \u00eatre sc\u00e9naris\u00e9 par Fabcaro, \u00e0 qui l\u2019on doit \u00e9galement L&rsquo;iris blanc. Didier Conrad, de son c\u00f4t\u00e9, se charge des illustrations depuis 2013. Les deux artistes portent ainsi la s\u00e9rie de bande dessin\u00e9e cr\u00e9\u00e9e par Ren\u00e9 Goscinny, qui est d\u00e9c\u00e9d\u00e9 en 1977, et par Albert Uderzo, qui nous avait quitt\u00e9s en 2020.<\/p>\n<p style=\"text-align: justify;\">\u00a0<\/p>\n<p style=\"text-align: justify;\"><strong>Les dates de publication peuvent \u00eatre sujettes \u00e0 des changements. Pour plus de d\u00e9tails, consultez les sites des maisons d\u2019\u00e9dition. Retrouvez nos suggestions des mois pr\u00e9c\u00e9dents\u00a0<a href=\"https:\/\/atuvu.ca\/magazine-culturel\/suggestions-lecture\" target=\"_blank\" rel=\"noopener\">ici<\/a>.<\/strong><\/p>\n<p style=\"text-align: justify;\">\u00a0<\/p>\n","protected":false},"excerpt":{"rendered":"L\u2019automne est enfin arriv\u00e9, et le paysage se teinte progressivement de rouge et d\u2019orange, tandis que les tartes&hellip;\n","protected":false},"author":2,"featured_media":436905,"comment_status":"","ping_status":"","sticky":false,"template":"","format":"standard","meta":{"footnotes":""},"categories":[1357],"tags":[1379,58,59,1011,27,1380],"class_list":{"0":"post-436904","1":"post","2":"type-post","3":"status-publish","4":"format-standard","5":"has-post-thumbnail","7":"category-livres","8":"tag-books","9":"tag-divertissement","10":"tag-entertainment","11":"tag-fr","12":"tag-france","13":"tag-livres"},"share_on_mastodon":{"url":"https:\/\/pubeurope.com\/@fr\/115311918240110850","error":""},"_links":{"self":[{"href":"https:\/\/www.europesays.com\/fr\/wp-json\/wp\/v2\/posts\/436904","targetHints":{"allow":["GET"]}}],"collection":[{"href":"https:\/\/www.europesays.com\/fr\/wp-json\/wp\/v2\/posts"}],"about":[{"href":"https:\/\/www.europesays.com\/fr\/wp-json\/wp\/v2\/types\/post"}],"author":[{"embeddable":true,"href":"https:\/\/www.europesays.com\/fr\/wp-json\/wp\/v2\/users\/2"}],"replies":[{"embeddable":true,"href":"https:\/\/www.europesays.com\/fr\/wp-json\/wp\/v2\/comments?post=436904"}],"version-history":[{"count":0,"href":"https:\/\/www.europesays.com\/fr\/wp-json\/wp\/v2\/posts\/436904\/revisions"}],"wp:featuredmedia":[{"embeddable":true,"href":"https:\/\/www.europesays.com\/fr\/wp-json\/wp\/v2\/media\/436905"}],"wp:attachment":[{"href":"https:\/\/www.europesays.com\/fr\/wp-json\/wp\/v2\/media?parent=436904"}],"wp:term":[{"taxonomy":"category","embeddable":true,"href":"https:\/\/www.europesays.com\/fr\/wp-json\/wp\/v2\/categories?post=436904"},{"taxonomy":"post_tag","embeddable":true,"href":"https:\/\/www.europesays.com\/fr\/wp-json\/wp\/v2\/tags?post=436904"}],"curies":[{"name":"wp","href":"https:\/\/api.w.org\/{rel}","templated":true}]}}