{"id":436906,"date":"2025-10-03T19:36:20","date_gmt":"2025-10-03T19:36:20","guid":{"rendered":"https:\/\/www.europesays.com\/fr\/436906\/"},"modified":"2025-10-03T19:36:20","modified_gmt":"2025-10-03T19:36:20","slug":"je-ne-vois-pas-le-chemin-pour-eviter-la-censure-les-obstacles-qui-attendent-sebastien-lecornu-dici-lundi-tf1-info","status":"publish","type":"post","link":"https:\/\/www.europesays.com\/fr\/436906\/","title":{"rendered":"&quot;Je ne vois pas le chemin pour \u00e9viter la censure&quot; : les obstacles qui attendent S\u00e9bastien Lecornu d&#039;ici lundi &#8211; TF1 Info"},"content":{"rendered":"<ol>\n<li><a href=\"https:\/\/news.google.com\/rss\/articles\/CBMi-wFBVV95cUxNVWo1MmFVdjBpWkluQXFoRVdzZUlrUjR2cnltN3BlR3VqRHZudGRtWmdfU3BkelRKX09QYVBselRvMHVSdTRJQmlvYXBwc2o2T0lEVWpsYkVzU2lyMEZFN1ZGVUd1aElhWGlhTUE2Z1NjaXdxODE5NzUxVnVodmRsN0F4R0hqN3lUOC1SdF8weEkyZy1BM1JMUEN3ZndMOXRKV2tFWFhfcFEtd1ZCQ1BnZWlHUWhDTWg0aWxPZEZTNXVNSnIySHJFVnI5c0NjSjdna0xhQUl3aWdINzZjSHN6ek1STUlNYnFLTThNakdjUHFzQ3ItdFM0cUlEcw?oc=5\" target=\"_blank\" rel=\"nofollow noopener\">\u00ab\u00a0Je ne vois pas le chemin pour \u00e9viter la censure\u00a0\u00bb : les obstacles qui attendent S\u00e9bastien Lecornu d&rsquo;ici lundi<\/a>&nbsp;&nbsp;TF1 Info<\/li>\n<li><a href=\"https:\/\/news.google.com\/rss\/articles\/CBMiwgJBVV95cUxOQnFHdmhJUU8tY0dnRHN0Q3Fzd3ZjdHlBd0NRRzZnOUFRQ2tBQWhLQUVoTEdUT1VJRFBVTHdqVTJ3LVdvRlN5QzVvVXI4ODltVE0zUGxGVkpKYkoycXY0NUVqSl96dE5YZzdHS0k0dkZvenpiekJ4NjFfekIwNHZya1RhVU9ZeGRfMjE1M2hhb2ZITXMtZzEzQ0kyT1NoM0hlNFRTZTRHS3A4WUJSelU0TDhjS09vQ2xKa2FxNC1CeWRsVUpwb0ZiWFQzYW1qRUVubzd2VmxNUUhDeU9Ra0dfLU9aTUkzczNJRDJremNHUWNVb3VnU1hkWEdIVjFkLVpTNWYzR0cwX1hiSWtIdDdhTXlPbUNhUklTNnlPU3dSTG5zeS1QMTlnOGJqalZvZ1pCOXVUY0wzc1BBVEpOa255eHpR?oc=5\" target=\"_blank\" rel=\"nofollow noopener\">\u00ab\u00a0Ils ne peuvent pas faire comme si cette annonce ne changeait rien\u00a0\u00bb : pourquoi S\u00e9bastien Lecornu renonce au 49.3 pour l&rsquo;examen du budget 2026<\/a>&nbsp;&nbsp;France Info<\/li>\n<li><a href=\"https:\/\/news.google.com\/rss\/articles\/CBMi9gFBVV95cUxORDhUZjFseVI1S195QVppN0VwN1pyN3VuOFBBNmE1ZmRwSFQyTms5QzJwb0tEY3loRE1jaVhkdTRXOThqbUx3TUwzSk1ETlY2Qm82MENrUWNScmtFREg5SXk4d19pYWIyTGcxelJzMDNNbXF4NGhydURQOXJLXy1YR2dvam9SaFA3UFpMbU05WHJlUlhMbUtGcWpYUW5memFrdlBJYmVIdWptakxsQUZETVQ0V0FHLTYzZUVyc3BtVzlURjRiRmxNQldFdkZ0QU94eFVSb3FfV1JSdmVycldvUHZTV0Jva0tEQjZIQ0R0cFAwVktIcVE?oc=5\" target=\"_blank\" rel=\"nofollow noopener\">Marine Le Pen menace de censurer S\u00e9bastien Lecornu d\u00e8s la d\u00e9claration de politique g\u00e9n\u00e9rale<\/a>&nbsp;&nbsp;Le Monde.fr<\/li>\n<li><a href=\"https:\/\/news.google.com\/rss\/articles\/CBMiugFBVV95cUxNSXYyR3lnSjVvMk83QUhQSkl4cnl4XzY4enAtcDlPdDB0RlJadnFIOWk5YkwtcDdPempjM19KN2xMdEN1Y2ZPdTR2SjJGNFEtSk4tTEN3ZDVQdmJSOVVWWnVIOWtZaVZfR1RKc0R1QS1uanE5OGJtdlBTQ2pMRnM3ZG8wMlJ6OU5qZ09IdF9pdGQ4aGVsRFZGdXpObTI1T2hGdS15NTN4elNnRVJocmpPb0gweXpNblF6WEHSAb8BQVVfeXFMTl8wMzA5c3hiRHFiYzZoWHRneDVvSmRXM0hobkN1d1JuV0w5enV3YzlWNEM4anpiMmlIR0t2SnFBWk9Qbk50dlpiS0J1TVlpLU1VSWFvSGZ3SEViRnRMeklDRmF4VUx5aU42Y3NGQS1uRUtLc1dMbUtZRzNZdUJNY0ZXT0pxR3FVQ2RET1UzX0NrS3NqYk9ZWk1vakNlUGw4RjNMVXVPUmxZMmdRaV95Ynk4X3JyREVRTFV3LUFxMW8?oc=5\" target=\"_blank\" rel=\"nofollow noopener\">Gouvernement Lecornu : le Premier ministre prononcera son discours de politique g\u00e9n\u00e9rale mardi apr\u00e8s-midi<\/a>&nbsp;&nbsp;CNews<\/li>\n<li><a href=\"https:\/\/news.google.com\/rss\/articles\/CBMizAFBVV95cUxQOG40QVRLekVnN2h2WGpRMjc5dzFJZGhxV0hoSmVDZUhLVGVndjdlTWlfSHl2S21oeGhQUmkzdjREN1VLZ3FMd01WUkVoRFNUemdna0UyQ0lYMFJEbVZiUzlKQ0s3VzQ5QnVxU2dVdnBsU2FlYnBJTjY1VktPS1lpTHd6bTdWNlhZdEZjODlzMm5JY2J1RkNWS1lJdHZkM3Vsb2lVZGk2WWxjQm95MUNGc1lRd201LUtnX3hqeUhCWFhaaU5BUVRGWVp0dzA?oc=5\" target=\"_blank\" rel=\"nofollow noopener\">Sans le 49.3, S\u00e9bastien Lecornu prend le risque d\u2019un sabordage de la r\u00e9forme des retraites<\/a>&nbsp;&nbsp;Le Figaro<\/li>\n<\/ol>\n","protected":false},"excerpt":{"rendered":"\u00ab\u00a0Je ne vois pas le chemin pour \u00e9viter la censure\u00a0\u00bb : les obstacles qui attendent S\u00e9bastien Lecornu d&rsquo;ici&hellip;\n","protected":false},"author":2,"featured_media":395849,"comment_status":"","ping_status":"","sticky":false,"template":"","format":"standard","meta":{"footnotes":""},"categories":[1356],"tags":[58,59,1011,27,252,1364],"class_list":{"0":"post-436906","1":"post","2":"type-post","3":"status-publish","4":"format-standard","5":"has-post-thumbnail","7":"category-television","8":"tag-divertissement","9":"tag-entertainment","10":"tag-fr","11":"tag-france","12":"tag-television","13":"tag-tv"},"share_on_mastodon":{"url":"https:\/\/pubeurope.com\/@fr\/115311921386006773","error":""},"_links":{"self":[{"href":"https:\/\/www.europesays.com\/fr\/wp-json\/wp\/v2\/posts\/436906","targetHints":{"allow":["GET"]}}],"collection":[{"href":"https:\/\/www.europesays.com\/fr\/wp-json\/wp\/v2\/posts"}],"about":[{"href":"https:\/\/www.europesays.com\/fr\/wp-json\/wp\/v2\/types\/post"}],"author":[{"embeddable":true,"href":"https:\/\/www.europesays.com\/fr\/wp-json\/wp\/v2\/users\/2"}],"replies":[{"embeddable":true,"href":"https:\/\/www.europesays.com\/fr\/wp-json\/wp\/v2\/comments?post=436906"}],"version-history":[{"count":0,"href":"https:\/\/www.europesays.com\/fr\/wp-json\/wp\/v2\/posts\/436906\/revisions"}],"wp:featuredmedia":[{"embeddable":true,"href":"https:\/\/www.europesays.com\/fr\/wp-json\/wp\/v2\/media\/395849"}],"wp:attachment":[{"href":"https:\/\/www.europesays.com\/fr\/wp-json\/wp\/v2\/media?parent=436906"}],"wp:term":[{"taxonomy":"category","embeddable":true,"href":"https:\/\/www.europesays.com\/fr\/wp-json\/wp\/v2\/categories?post=436906"},{"taxonomy":"post_tag","embeddable":true,"href":"https:\/\/www.europesays.com\/fr\/wp-json\/wp\/v2\/tags?post=436906"}],"curies":[{"name":"wp","href":"https:\/\/api.w.org\/{rel}","templated":true}]}}