{"id":436916,"date":"2025-10-03T19:43:13","date_gmt":"2025-10-03T19:43:13","guid":{"rendered":"https:\/\/www.europesays.com\/fr\/436916\/"},"modified":"2025-10-03T19:43:13","modified_gmt":"2025-10-03T19:43:13","slug":"portugal-les-experts-europeens-ont-trouve-lexplication-de-la-panne-delectricite-geante-davril","status":"publish","type":"post","link":"https:\/\/www.europesays.com\/fr\/436916\/","title":{"rendered":"Portugal\u00a0: Les experts europ\u00e9ens ont trouv\u00e9 l\u2019explication de la panne d\u2019\u00e9lectricit\u00e9 g\u00e9ante d\u2019avril"},"content":{"rendered":"<p>On conna\u00eet d\u00e9sormais <a href=\"https:\/\/www.20minutes.fr\/faits_divers\/4150745-20250428-coupure-electricite-massive-cours-espagne-france-portugal\" class=\"c-link c-link--is-underlined\" target=\"_blank\" rel=\"noopener\">les raisons de la panne d\u2019\u00e9lectricit\u00e9 g\u00e9ante<\/a> qui a affect\u00e9 <a href=\"https:\/\/www.20minutes.fr\/dossier\/espagne\" class=\"c-link c-link--is-underlined\" target=\"_blank\" rel=\"noopener\">l\u2019Espagne <\/a>et le <a href=\"https:\/\/www.20minutes.fr\/dossier\/portugal\" class=\"c-link c-link--is-underlined\" target=\"_blank\" rel=\"noopener\">Portugal <\/a>le 28\u00a0avril dernier. Cette panne est la \u00ab\u00a0premi\u00e8re\u00a0\u00bb li\u00e9e \u00e0 un ph\u00e9nom\u00e8ne de surtensions en Europe, et probablement dans le monde, selon le rapport d\u2019\u00e9tape \u00ab\u00a0factuel\u00a0\u00bb du panel de 45 experts europ\u00e9ens mandat\u00e9s pour mener les investigations techniques.<\/p>\n<p>\u00ab\u00a0Il s\u2019agit de la panne d\u2019\u00e9lectricit\u00e9 la plus grave qu\u2019ait connue l\u2019Europe au cours de ces vingt derni\u00e8res ann\u00e9es et le plus important est qu\u2019il s\u2019agit de la premi\u00e8re du genre\u00a0\u00bb, c\u2019est-\u00e0-dire li\u00e9e \u00e0 un ph\u00e9nom\u00e8ne de \u00ab\u00a0surtensions en cascade\u00a0\u00bb, a d\u00e9clar\u00e9 Damian Cortinas, pr\u00e9sident du conseil de l\u2019ENTSO-E, le r\u00e9seau europ\u00e9en des gestionnaires de r\u00e9seau de transport d\u2019\u00e9lectricit\u00e9, lors de la pr\u00e9sentation \u00e0 la presse de ce rapport.<\/p>\n<\/p>\n<p>Une premi\u00e8re mondiale<\/p>\n<p>\u00ab\u00a0Cela ne s\u2019est jamais produit auparavant en Europe, nous en sommes s\u00fbrs. Nous pensons \u00e9galement dans le monde entier, m\u00eame si nous n\u2019avons pas toutes les informations de chaque pays. Mais nous n\u2019avons trouv\u00e9 aucune mention de ce type de black-out [\u2026] nulle part dans le monde\u00a0\u00bb, a-t-il indiqu\u00e9. Cette panne g\u00e9ante s\u2019est produite le lundi 28\u00a0avril \u00e0 12h33 heure espagnole et a touch\u00e9 l\u2019ensemble de la p\u00e9ninsule. Elle a provoqu\u00e9 le chaos tant au Portugal qu\u2019en Espagne, o\u00f9 les habitants ont \u00e9t\u00e9 priv\u00e9s de courant, mais aussi d\u2019Internet et de t\u00e9l\u00e9phonie mobile.<\/p>\n<p>Ce rapport \u00ab\u00a0factuel\u00a0\u00bb, d\u00e9crivant l\u2019encha\u00eenement chronologique qui a men\u00e9 \u00e0 la panne g\u00e9n\u00e9rale, ne donne pas encore les causes primaires des premiers incidents. A la suite de ce rapport, le groupe d\u2019experts d\u00e9voilera au 1er trimestre\u00a02026 son rapport final qui contiendra ces \u00ab\u00a0causes premi\u00e8res\u00a0\u00bb et fournira des recommandations.<\/p>\n<p>Un rapport colossal<\/p>\n<p>La confection de ce rapport d\u2019\u00e9tape s\u2019est appuy\u00e9e sur une quantit\u00e9 colossale de donn\u00e9es, ce qui a n\u00e9cessit\u00e9 \u00ab\u00a0beaucoup de temps\u00a0\u00bb pour les r\u00e9unir, notamment parce que certains \u00ab\u00a0tiers\u00a0\u00bb \u00ab\u00a0n\u2019avaient pas donn\u00e9 leur consentement au gestionnaire de r\u00e9seau de transport espagnol pour transmettre les donn\u00e9es\u00a0\u00bb, a soulign\u00e9 le n\u00b02 du panel d\u2019experts Klaus Kaschnitz. Certaines donn\u00e9es restent manquantes. Selon le rapport, la demi-heure pr\u00e9c\u00e9dant la panne a \u00e9t\u00e9 marqu\u00e9e par deux \u00e9pisodes de \u00ab\u00a0fluctuations de puissance, de tension et de fr\u00e9quence\u00a0\u00bb qui ont affect\u00e9 principalement les syst\u00e8mes \u00e9lectriques espagnol et portugais.<\/p>\n<p>Un ph\u00e9nom\u00e8ne de surtension a d\u00e9clench\u00e9 une cascade de pertes de production suivie par des d\u00e9connexions en s\u00e9rie de centres de production \u00e9lectrique &#8211; centrales thermiques et centrales renouvelables &#8211; dont les causes exactes ne sont pas encore connues. La tension \u00e9lectrique peut se comparer \u00e0 la \u00ab\u00a0pression\u00a0\u00bb de l\u2019eau dans un tuyau\u00a0: appliqu\u00e9e \u00e0 <a href=\"https:\/\/www.20minutes.fr\/dossier\/electricite\" class=\"c-link c-link--is-underlined\" target=\"_blank\" rel=\"noopener\">l\u2019\u00e9lectricit\u00e9<\/a>, c\u2019est la \u00ab\u00a0pression\u00a0\u00bb qui met les \u00e9lectrons en mouvement.<\/p>\n","protected":false},"excerpt":{"rendered":"On conna\u00eet d\u00e9sormais les raisons de la panne d\u2019\u00e9lectricit\u00e9 g\u00e9ante qui a affect\u00e9 l\u2019Espagne et le Portugal le&hellip;\n","protected":false},"author":2,"featured_media":436917,"comment_status":"","ping_status":"","sticky":false,"template":"","format":"standard","meta":{"footnotes":""},"categories":[6],"tags":[47,35,33,34,579,123,674,1011,27,74,10899,6996,4919],"class_list":{"0":"post-436916","1":"post","2":"type-post","3":"status-publish","4":"format-standard","5":"has-post-thumbnail","7":"category-economie","8":"tag-actualite","9":"tag-business","10":"tag-economie","11":"tag-economy","12":"tag-electricite","13":"tag-espagne","14":"tag-europe","15":"tag-fr","16":"tag-france","17":"tag-monde","18":"tag-panne","19":"tag-portugal","20":"tag-president"},"share_on_mastodon":{"url":"https:\/\/pubeurope.com\/@fr\/115311948950873861","error":""},"_links":{"self":[{"href":"https:\/\/www.europesays.com\/fr\/wp-json\/wp\/v2\/posts\/436916","targetHints":{"allow":["GET"]}}],"collection":[{"href":"https:\/\/www.europesays.com\/fr\/wp-json\/wp\/v2\/posts"}],"about":[{"href":"https:\/\/www.europesays.com\/fr\/wp-json\/wp\/v2\/types\/post"}],"author":[{"embeddable":true,"href":"https:\/\/www.europesays.com\/fr\/wp-json\/wp\/v2\/users\/2"}],"replies":[{"embeddable":true,"href":"https:\/\/www.europesays.com\/fr\/wp-json\/wp\/v2\/comments?post=436916"}],"version-history":[{"count":0,"href":"https:\/\/www.europesays.com\/fr\/wp-json\/wp\/v2\/posts\/436916\/revisions"}],"wp:featuredmedia":[{"embeddable":true,"href":"https:\/\/www.europesays.com\/fr\/wp-json\/wp\/v2\/media\/436917"}],"wp:attachment":[{"href":"https:\/\/www.europesays.com\/fr\/wp-json\/wp\/v2\/media?parent=436916"}],"wp:term":[{"taxonomy":"category","embeddable":true,"href":"https:\/\/www.europesays.com\/fr\/wp-json\/wp\/v2\/categories?post=436916"},{"taxonomy":"post_tag","embeddable":true,"href":"https:\/\/www.europesays.com\/fr\/wp-json\/wp\/v2\/tags?post=436916"}],"curies":[{"name":"wp","href":"https:\/\/api.w.org\/{rel}","templated":true}]}}