{"id":436928,"date":"2025-10-03T19:49:12","date_gmt":"2025-10-03T19:49:12","guid":{"rendered":"https:\/\/www.europesays.com\/fr\/436928\/"},"modified":"2025-10-03T19:49:12","modified_gmt":"2025-10-03T19:49:12","slug":"les-laureats-recompenses-a-ludres","status":"publish","type":"post","link":"https:\/\/www.europesays.com\/fr\/436928\/","title":{"rendered":"les laur\u00e9ats r\u00e9compens\u00e9s \u00e0 Ludres"},"content":{"rendered":"<p>La dixi\u00e8me \u00e9dition des Lauriers des collectivit\u00e9s locales de Meurthe-et-Moselle a eu lieu ce vendredi soir \u00e0 l&rsquo;espace Chaudeau de Ludres. Les trois prix \u00ab Solidarit\u00e9 et accessibilit\u00e9 \u00bb, \u00ab Culture et sport \u00bb et \u00ab Environnement \u00bb, un \u00ab coup de c\u0153ur \u00bb, et la plaque \u00ab Mon beau village \u00bb ont \u00e9t\u00e9 remis aux r\u00e9cipiendaires. Retour en images sur cette c\u00e9r\u00e9monie qui valorise les projets locaux essentiels \u00e0 la vie citoyenne.<\/p>\n","protected":false},"excerpt":{"rendered":"La dixi\u00e8me \u00e9dition des Lauriers des collectivit\u00e9s locales de Meurthe-et-Moselle a eu lieu ce vendredi soir \u00e0 l&rsquo;espace&hellip;\n","protected":false},"author":2,"featured_media":436929,"comment_status":"","ping_status":"","sticky":false,"template":"","format":"standard","meta":{"footnotes":""},"categories":[9635],"tags":[1111,11,56432,7782,33,1707,1704,1706,1705,436,1777,674,107,7109,1011,27,2798,775,56431,11413,10634,1702,12,316,56433,25,801,104],"class_list":{"0":"post-436928","1":"post","2":"type-post","3":"status-publish","4":"format-standard","5":"has-post-thumbnail","7":"category-nancy","8":"tag-actu","9":"tag-actualites","10":"tag-arnaville","11":"tag-balades-et-randonnees","12":"tag-economie","13":"tag-edition-luneville","14":"tag-edition-nancy-et-agglomeration","15":"tag-edition-pont-a-mousson","16":"tag-edition-toul","17":"tag-environnement","18":"tag-eu","19":"tag-europe","20":"tag-fil-info","21":"tag-fontenoy-la-joute","22":"tag-fr","23":"tag-france","24":"tag-galerie-photo","25":"tag-grand-est","26":"tag-lauriers-des-collectivites-locales","27":"tag-ludres","28":"tag-luneville","29":"tag-nancy","30":"tag-news","31":"tag-politique","32":"tag-repaix","33":"tag-republique-francaise","34":"tag-social","35":"tag-societe"},"share_on_mastodon":{"url":"https:\/\/pubeurope.com\/@fr\/115311972519387245","error":""},"_links":{"self":[{"href":"https:\/\/www.europesays.com\/fr\/wp-json\/wp\/v2\/posts\/436928","targetHints":{"allow":["GET"]}}],"collection":[{"href":"https:\/\/www.europesays.com\/fr\/wp-json\/wp\/v2\/posts"}],"about":[{"href":"https:\/\/www.europesays.com\/fr\/wp-json\/wp\/v2\/types\/post"}],"author":[{"embeddable":true,"href":"https:\/\/www.europesays.com\/fr\/wp-json\/wp\/v2\/users\/2"}],"replies":[{"embeddable":true,"href":"https:\/\/www.europesays.com\/fr\/wp-json\/wp\/v2\/comments?post=436928"}],"version-history":[{"count":0,"href":"https:\/\/www.europesays.com\/fr\/wp-json\/wp\/v2\/posts\/436928\/revisions"}],"wp:featuredmedia":[{"embeddable":true,"href":"https:\/\/www.europesays.com\/fr\/wp-json\/wp\/v2\/media\/436929"}],"wp:attachment":[{"href":"https:\/\/www.europesays.com\/fr\/wp-json\/wp\/v2\/media?parent=436928"}],"wp:term":[{"taxonomy":"category","embeddable":true,"href":"https:\/\/www.europesays.com\/fr\/wp-json\/wp\/v2\/categories?post=436928"},{"taxonomy":"post_tag","embeddable":true,"href":"https:\/\/www.europesays.com\/fr\/wp-json\/wp\/v2\/tags?post=436928"}],"curies":[{"name":"wp","href":"https:\/\/api.w.org\/{rel}","templated":true}]}}