{"id":436930,"date":"2025-10-03T19:50:20","date_gmt":"2025-10-03T19:50:20","guid":{"rendered":"https:\/\/www.europesays.com\/fr\/436930\/"},"modified":"2025-10-03T19:50:20","modified_gmt":"2025-10-03T19:50:20","slug":"un-ancien-gardien-de-nancy-sera-juge-en-decembre-pour-viol-aggrave-france-as-nancy-lorraine","status":"publish","type":"post","link":"https:\/\/www.europesays.com\/fr\/436930\/","title":{"rendered":"Un ancien gardien de Nancy sera jug\u00e9 en d\u00e9cembre pour viol aggrav\u00e9 &#8211; France &#8211; AS Nancy Lorraine"},"content":{"rendered":"<p><a target=\"_blank\" href=\"https:\/\/www.sofoot.com\/breves\/un-joueur-de-nancy-accuse-viol-france\" rel=\"nofollow noopener\">L\u2019affaire avait d\u00e9but\u00e9 en 2019.<\/a><\/p>\n<p>Ce vendredi, <a target=\"_blank\" href=\"https:\/\/www.estrepublicain.fr\/faits-divers-justice\/2025\/10\/02\/baptiste-valette-l-ancien-goal-de-l-asnl-juge-pour-viol-en-decembre\" rel=\"nofollow noopener\">le quotidien\u00a0<\/a>L\u2019Est r\u00e9publicain\u00a0annonce que Baptiste Valette, ancien gardien de l\u2019AS Nancy-Lorraine et actuellement sous contrat avec le RC Grasse en National 2, sera jug\u00e9 du 1er au 3 d\u00e9cembre prochain pour viol aggrav\u00e9. Le proc\u00e8s aura lieu devant la cour criminelle d\u00e9partementale de Meurthe-et-Moselle.<\/p>\n<p>Baptiste Valette est accus\u00e9 de \u00ab\u202fviol par personne en \u00e9tat d\u2019ivresse manifeste\u202f\u00bb.\u00a0En 2019, apr\u00e8s avoir rencontr\u00e9 une jeune femme \u00e2g\u00e9e de 18 ans dans une bo\u00eete de nuit de la Place Stanislas, il lui aurait impos\u00e9, en \u00e9tat d\u2019\u00e9bri\u00e9t\u00e9, plusieurs p\u00e9n\u00e9trations vaginales et anales. Le gardien, aujourd\u2019hui \u00e2g\u00e9 de 33 ans, ne nie pas les faits mais assure que ceux-ci \u00e9taient \u00ab\u202fconsentis\u202f\u00bb.<\/p>\n<p>Malgr\u00e9 la r\u00e9v\u00e9lation des faits pr\u00e9sum\u00e9s peu apr\u00e8s leur d\u00e9roulement, Baptiste Valette, alors \u00e2g\u00e9 de 27 ans, avait \u00e9t\u00e9 <a target=\"_blank\" href=\"https:\/\/www.sofoot.com\/articles\/valette-laffaire-qui-derange-ligue-2-j20-nancy-valenciennes\" rel=\"nofollow noopener\">r\u00e9int\u00e9gr\u00e9 dans l\u2019effectif nanc\u00e9ien<\/a>, avant de <a target=\"_blank\" href=\"https:\/\/www.sofoot.com\/breves\/mercato-le-fc-sochaux-tient-sa-premiere-recrue-baptiste-valette\" rel=\"nofollow noopener\">continuer sa carri\u00e8re \u00e0 Sochaux<\/a>, puis au SO Cholet, avant de signer \u00e0 Grasse lors du dernier mercato.<\/p>\n<p>Il encourt une peine de 20 ans de prison.<\/p>\n<p>\t\t\t\t\t\t\t\t\t\t<a class=\"lien-connexe\" href=\"https:\/\/www.sofoot.com\/breves\/en-ligue-2-troyes-passe-provisoirement-leader-dans-une-soiree-a-peu-de-buts-clermont-se-fait-reprendre-par-le-mans-bastia-toujours-muet\" rel=\"nofollow noopener\" target=\"_blank\">Troyes passe provisoirement leader dans une soir\u00e9e \u00e0 peu de buts, Bastia toujours muet<\/a>\t\t\t\t\t<\/p>\n","protected":false},"excerpt":{"rendered":"L\u2019affaire avait d\u00e9but\u00e9 en 2019. Ce vendredi, le quotidien\u00a0L\u2019Est r\u00e9publicain\u00a0annonce que Baptiste Valette, ancien gardien de l\u2019AS Nancy-Lorraine&hellip;\n","protected":false},"author":2,"featured_media":436931,"comment_status":"","ping_status":"","sticky":false,"template":"","format":"standard","meta":{"footnotes":""},"categories":[9635],"tags":[1111,47,11,61,69,65,64,1777,674,63,1011,27,775,68,66,1702,12,62,70,25,67],"class_list":{"0":"post-436930","1":"post","2":"type-post","3":"status-publish","4":"format-standard","5":"has-post-thumbnail","7":"category-nancy","8":"tag-actu","9":"tag-actualite","10":"tag-actualites","11":"tag-actus-football","12":"tag-bundesliga","13":"tag-championnats-europeens","14":"tag-equipe-de-france","15":"tag-eu","16":"tag-europe","17":"tag-football","18":"tag-fr","19":"tag-france","20":"tag-grand-est","21":"tag-ligua","22":"tag-ligue-1","23":"tag-nancy","24":"tag-news","25":"tag-news-foot","26":"tag-premier-league","27":"tag-republique-francaise","28":"tag-serie-a"},"share_on_mastodon":{"url":"https:\/\/pubeurope.com\/@fr\/115311976407406120","error":""},"_links":{"self":[{"href":"https:\/\/www.europesays.com\/fr\/wp-json\/wp\/v2\/posts\/436930","targetHints":{"allow":["GET"]}}],"collection":[{"href":"https:\/\/www.europesays.com\/fr\/wp-json\/wp\/v2\/posts"}],"about":[{"href":"https:\/\/www.europesays.com\/fr\/wp-json\/wp\/v2\/types\/post"}],"author":[{"embeddable":true,"href":"https:\/\/www.europesays.com\/fr\/wp-json\/wp\/v2\/users\/2"}],"replies":[{"embeddable":true,"href":"https:\/\/www.europesays.com\/fr\/wp-json\/wp\/v2\/comments?post=436930"}],"version-history":[{"count":0,"href":"https:\/\/www.europesays.com\/fr\/wp-json\/wp\/v2\/posts\/436930\/revisions"}],"wp:featuredmedia":[{"embeddable":true,"href":"https:\/\/www.europesays.com\/fr\/wp-json\/wp\/v2\/media\/436931"}],"wp:attachment":[{"href":"https:\/\/www.europesays.com\/fr\/wp-json\/wp\/v2\/media?parent=436930"}],"wp:term":[{"taxonomy":"category","embeddable":true,"href":"https:\/\/www.europesays.com\/fr\/wp-json\/wp\/v2\/categories?post=436930"},{"taxonomy":"post_tag","embeddable":true,"href":"https:\/\/www.europesays.com\/fr\/wp-json\/wp\/v2\/tags?post=436930"}],"curies":[{"name":"wp","href":"https:\/\/api.w.org\/{rel}","templated":true}]}}