{"id":436932,"date":"2025-10-03T19:51:13","date_gmt":"2025-10-03T19:51:13","guid":{"rendered":"https:\/\/www.europesays.com\/fr\/436932\/"},"modified":"2025-10-03T19:51:13","modified_gmt":"2025-10-03T19:51:13","slug":"retours-dollivon-et-sinckler-premiere-pour-garcia-voici-la-compo-du-rct-qui-recoit-pau-ce-samedi-a-mayol","status":"publish","type":"post","link":"https:\/\/www.europesays.com\/fr\/436932\/","title":{"rendered":"Retours d\u2019Ollivon et Sinckler, premi\u00e8re pour Garcia&#8230; Voici la compo du RCT qui re\u00e7oit Pau ce samedi \u00e0 Mayol"},"content":{"rendered":"<p class=\"fs-5 \">Le banc du Rugby club toulonnais aura <strong>fi\u00e8re allure<\/strong> ce samedi contre la Section paloise. En plus de <strong>Ma\u2019a Nonu, Teddy Baubigny ou Ben White, Charles Ollivon<\/strong> s\u2019y assi\u00e9ra pour la premi\u00e8re fois apr\u00e8s neuf mois d\u2019absence. Le troisi\u00e8me ligne international devrait donc disputer ses premi\u00e8res minutes depuis sa terrible blessure au genou (rupture d\u2019un ligament crois\u00e9).<\/p>\n<p>            <img decoding=\"async\" src=\"https:\/\/www.europesays.com\/fr\/wp-content\/uploads\/2025\/10\/1759516933_607_48c78a6_upload-from-url-1-nk7qvhcb4iqd-data-art-16350704.jpg\" loading=\"lazy\" alt=\"Op\u00e9r\u00e9 du genou droit en janvier dernier, le troisi\u00e8me ligne international va retrouver le Top 14 ce week-end. Photo Frank Muller\" class=\"img-fluid position-absolute w-100 object-fit-coverrounded-2\" width=\"600\" height=\"400\"\/><\/p>\n<p class=\"fs-5 \">Le pilier <strong>Kyle Sinckler<\/strong> y prendra \u00e9galement place, lui qui \u00e9tait touch\u00e9 \u00e0 l\u2019avant-bras et n\u2019a plus jou\u00e9 depuis la demi-finale de Top 14 perdue par Toulon.<\/p>\n<p class=\"fs-5 \">De m\u00eame, <strong>Mateo Garcia<\/strong> va effectuer sa premi\u00e8re apparition en match officiel sous le maillot rouge et noir. Le demi d\u2019ouverture arriv\u00e9 cet \u00e9t\u00e9 en provenance de Bordeaux-B\u00e8gles, bless\u00e9 au genou pendant la pr\u00e9paration, pourrait relayer Paolo Garbisi en cours de match.<\/p>\n<p>                                                                                Les fr\u00e8res Rebbadj align\u00e9s d\u2019entr\u00e9e<\/p>\n<p class=\"fs-5 \">Pour affronter Pau, <strong>Pierre Mignoni<\/strong> a en outre proc\u00e9d\u00e9 \u00e0 <strong>neuf changements<\/strong> dans son XV de d\u00e9part par rapport \u00e0 celui qui est revenu frustr\u00e9 de Bayonne la semaine derni\u00e8re (d\u00e9faite 35-32). Le turnover continue ainsi en premi\u00e8re ligne avec la titularisation du trio <strong>Gros &#8211; Damond &#8211; Priso Mouangu\u00e9<\/strong>. Derri\u00e8re ces trois-l\u00e0, <strong>Jo\u00e9 Quere-Karaba<\/strong> retrouve sa place en num\u00e9ro 6.<\/p>\n<p class=\"fs-5 \">\u00c0 noter que les <strong>fr\u00e8res Rebbadj<\/strong> seront align\u00e9s ensemble au coup d\u2019envoi, <strong>Swan<\/strong> en deuxi\u00e8me ligne, <strong>Rayan <\/strong>\u00e0 l\u2019aile. Enfin, <strong>Baptiste Serin<\/strong> (m\u00eal\u00e9e), <strong>Mathis Fert\u00e9<\/strong> (\u00e0 l\u2019aile) et <strong>Marius Domon <\/strong>(arri\u00e8re) d\u00e9marreront \u00e9galement cette rencontre.<\/p>\n<p class=\"fs-5 \">Du c\u00f4t\u00e9 de Pau, <strong>trois anciens Toulonnais<\/strong> vont retrouver la pelouse du stade Mayol ce samedi : l\u2019arri\u00e8re Aymeric Luc, mais aussi le deuxi\u00e8me ligne Thomas Jolm\u00e8s et le troisi\u00e8me ligne Facundo Isa, ces deux derniers en qualit\u00e9 de rempla\u00e7ants.<\/p>\n","protected":false},"excerpt":{"rendered":"Le banc du Rugby club toulonnais aura fi\u00e8re allure ce samedi contre la Section paloise. En plus de&hellip;\n","protected":false},"author":2,"featured_media":436933,"comment_status":"","ping_status":"","sticky":false,"template":"","format":"standard","meta":{"footnotes":""},"categories":[9619],"tags":[1111,11,1777,674,1011,27,12,882,3461,25,2310],"class_list":{"0":"post-436932","1":"post","2":"type-post","3":"status-publish","4":"format-standard","5":"has-post-thumbnail","7":"category-toulon","8":"tag-actu","9":"tag-actualites","10":"tag-eu","11":"tag-europe","12":"tag-fr","13":"tag-france","14":"tag-news","15":"tag-provence-alpes-cote-dazur","16":"tag-rct","17":"tag-republique-francaise","18":"tag-toulon"},"share_on_mastodon":{"url":"https:\/\/pubeurope.com\/@fr\/115311980705808339","error":""},"_links":{"self":[{"href":"https:\/\/www.europesays.com\/fr\/wp-json\/wp\/v2\/posts\/436932","targetHints":{"allow":["GET"]}}],"collection":[{"href":"https:\/\/www.europesays.com\/fr\/wp-json\/wp\/v2\/posts"}],"about":[{"href":"https:\/\/www.europesays.com\/fr\/wp-json\/wp\/v2\/types\/post"}],"author":[{"embeddable":true,"href":"https:\/\/www.europesays.com\/fr\/wp-json\/wp\/v2\/users\/2"}],"replies":[{"embeddable":true,"href":"https:\/\/www.europesays.com\/fr\/wp-json\/wp\/v2\/comments?post=436932"}],"version-history":[{"count":0,"href":"https:\/\/www.europesays.com\/fr\/wp-json\/wp\/v2\/posts\/436932\/revisions"}],"wp:featuredmedia":[{"embeddable":true,"href":"https:\/\/www.europesays.com\/fr\/wp-json\/wp\/v2\/media\/436933"}],"wp:attachment":[{"href":"https:\/\/www.europesays.com\/fr\/wp-json\/wp\/v2\/media?parent=436932"}],"wp:term":[{"taxonomy":"category","embeddable":true,"href":"https:\/\/www.europesays.com\/fr\/wp-json\/wp\/v2\/categories?post=436932"},{"taxonomy":"post_tag","embeddable":true,"href":"https:\/\/www.europesays.com\/fr\/wp-json\/wp\/v2\/tags?post=436932"}],"curies":[{"name":"wp","href":"https:\/\/api.w.org\/{rel}","templated":true}]}}