{"id":436940,"date":"2025-10-03T19:55:10","date_gmt":"2025-10-03T19:55:10","guid":{"rendered":"https:\/\/www.europesays.com\/fr\/436940\/"},"modified":"2025-10-03T19:55:10","modified_gmt":"2025-10-03T19:55:10","slug":"voici-le-calendrier-du-premier-weekend-doctobre","status":"publish","type":"post","link":"https:\/\/www.europesays.com\/fr\/436940\/","title":{"rendered":"voici le calendrier du premier weekend d&rsquo;octobre"},"content":{"rendered":"<p>            Par<br \/>\n        <strong><br \/>\n            <a href=\"https:\/\/actu.fr\/auteur\/fmass\" title=\"Consulter tous les articles de Fabien Massin\" target=\"_blank\" rel=\"noopener\">Fabien Massin<\/a><br \/>\n        <\/strong><\/p>\n<p>        Publi\u00e9 le<\/p>\n<p>            3 oct. 2025 \u00e0 20h44        <\/p>\n<p>En ce premier weekend d\u2019octobre, la saison des <a href=\"https:\/\/actu.fr\/tag\/foires-a-tout\" target=\"_blank\" rel=\"noopener\">foires \u00e0 tout<\/a> et <a href=\"https:\/\/actu.fr\/tag\/vide-greniers\" target=\"_blank\" rel=\"noopener\">vide-greniers<\/a> se poursuit \u00e0 un bon rythme en<a href=\"https:\/\/actu.fr\/normandie\/seine-maritime_76\" target=\"_blank\" rel=\"noopener\"> Seine-Maritime<\/a>. Chineurs et amateurs de d\u00e9couvertes \u00e9tonnantes aux coins des \u00e9tals des villages, voici votre agenda de samedi 4 et dimanche 5 octobre 2025.\u00a0<\/p>\n<p>Les rendez-vous de samedi<\/p>\n<p class=\" wall-content\"><strong>\u2022 Canteleu :<\/strong> foire aux livres, jouets, v\u00eatements, disques, de 9h \u00e0 18h \u00e0 la salle Marie-Curie. Moins de 50 exposants.\u00a0<\/p>\n<p class=\" wall-content\"><strong>\u2022 Dieppe :<\/strong> salon des antiquit\u00e9s\/collectionneurs\/vintage de 9h30 \u00e0 18h \u00e0 la salle des congr\u00e8s. Entr\u00e9e gratuite, moins de 50 exposants.\u00a0<\/p>\n<p class=\" wall-content\"><strong>\u2022 Manneville-la-Goupil :<\/strong> bourse aux v\u00eatements automne-hiver 0-16 ans et pu\u00e9riculture, de 8h \u00e0 18h \u00e0 la salle de la Plaine. Entr\u00e9e 1 euro, de 50 \u00e0 100 exposants.\u00a0<\/p>\n<p class=\" wall-content\"><strong>\u2022 Montivilliers :<\/strong> bourse pu\u00e9riculture\/v\u00eatements\/jouets de 13h \u00e0 18h30 \u00e0 l\u2019\u00e9cole Victor-Hugo. Entre 50 et 100 exposants.\u00a0<\/p>\n<p class=\" wall-content\"><strong>\u2022 Notre-Dame-d\u2019Aliermont :<\/strong> bourse aux v\u00eatements \u00e0 la salle des f\u00eates, entr\u00e9e gratuite.\u00a0<\/p>\n<p class=\" wall-content\"><strong>\u2022 Rouen :<\/strong> braderie solidaire de 9h30 \u00e0 18h dans les locaux de l\u2019Entraide protestante (45, rue de Buffon). Entr\u00e9e gratuite.\u00a0<\/p>\n<p class=\" wall-content\"><strong>\u2022 Saint-L\u00e9ger-aux-Bois :<\/strong> foire \u00e0 tout de 7h \u00e0 18h sur la place du village. Entr\u00e9e gratuite, moins de 50 exposants.\u00a0<\/p>\n<p>Votre r\u00e9gion, votre actu !<\/p>\n<p>Recevez chaque jour les infos qui comptent pour vous.<\/p>\n<p>\t<a href=\"https:\/\/actu.fr\/newsletter\" class=\"ac-btn ac-btn--corner ac-btn--medium ac-btn--blue800\" target=\"_blank\" rel=\"noopener\">S&rsquo;incrire<\/a><\/p>\n<p class=\" wall-content\"><strong>\u2022 Yainville :<\/strong> foire \u00e0 tout\/puces des couturi\u00e8res de 8h30 \u00e0 17h rue de la R\u00e9publique. Entr\u00e9e gratuite, moins de 50 exposants.\u00a0\u00a0<\/p>\n<p>Les rendez-vous de dimanche<\/p>\n<p class=\" wall-content\"><strong>\u2022 Beuzeville-la-Grenier :<\/strong> bourse aux vinyles de 9h \u00e0 17h \u00e0 la salle du Mille-Club. Entr\u00e9e gratuite, moins de 50 exposants.\u00a0<\/p>\n<p class=\" wall-content\"><strong>\u2022 Blainville-Crevon :<\/strong> foire \u00e0 tout de 8h \u00e0 18h sur la parking de l\u2019\u00e9cole et place de l\u2019\u00e9glise. Entr\u00e9e gratuite, entre 50 et 100 exposants.\u00a0<\/p>\n<p class=\" wall-content\"><strong>\u2022 Boos :<\/strong> braderie au local Saint-Vincent-de-Paul, moins de 50 exposants.\u00a0<\/p>\n<p class=\" wall-content\"><strong>\u2022 Canteleu :<\/strong> foire aux livres, jouets, v\u00eatements, disques, de 9h \u00e0 18h \u00e0 la salle Marie-Curie. Moins de 50 exposants.\u00a0<\/p>\n<p class=\" wall-content\"><strong>\u2022 Cany-Barville :<\/strong> foire \u00e0 la pu\u00e9riculture de 8h \u00e0 17h30 rue du Moulin. Entr\u00e9e gratuite, entre 50 et 100 exposants.\u00a0<\/p>\n<p class=\" wall-content\"><strong>\u2022 Dieppe :<\/strong> salon des antiquit\u00e9s\/collectionneurs\/vintage de 9h30 \u00e0 18h \u00e0 la salle des congr\u00e8s. Entr\u00e9e gratuite, moins de 50 exposants.\u00a0<\/p>\n<p class=\" wall-content\"><strong>\u2022 \u00c9tainhus :<\/strong> vide-greniers au complexe de 8h \u00e0 17h au sportif Michel Boulay. Entr\u00e9e 1 euro, entre 50 et 100 exposants.\u00a0<\/p>\n<p class=\" wall-content\"><strong>\u2022 Forges-les-Eaux :<\/strong> foire \u00e0 tout de 6h \u00e0 18h en centre-ville. Entr\u00e9e gratuite, plus de 300 exposants.\u00a0<\/p>\n<p class=\" wall-content\"><strong>\u2022 Grand-Couronne :<\/strong> vide-greniers de 8h30 \u00e0 18h place C\u00e9saire-Levillain aux Essarts. Entr\u00e9e gratuite, entre 100 et 200 exposants.\u00a0<\/p>\n<p class=\" wall-content\"><strong>\u2022 Le Havre :<\/strong> vide-greniers de 8h \u00e0 18h rue Dum\u00e9-d\u2019Aplemont. Entr\u00e9e 1 euro, entre 50 et 100 exposants.\u00a0<\/p>\n<p class=\" wall-content\"><strong>\u2022 Le Havre :<\/strong> vide-greniers de 8h \u00e0 17h au gymnase Alexis-Vastine. Entr\u00e9e 1 euro, mois de 50 exposants.\u00a0<\/p>\n<p class=\" wall-content\"><strong>\u2022 Mont-Saint-Aignan :<\/strong> vide-dressing de 100 \u00e0 17h \u00e0 la Maison des associations, 65, chemin des Cottes. Entr\u00e9e gratuite, moins de 50 exposants.\u00a0<\/p>\n<p class=\" wall-content\"><strong>\u2022 Notre-Dame-d\u2019Aliermont :<\/strong> bourse aux v\u00eatements \u00e0 la salle des f\u00eates, entr\u00e9e gratuite.\u00a0<\/p>\n<p class=\" wall-content\"><strong>\u2022 Notre-Dame-de-Gravenchon :<\/strong> vide-greniers de 8h \u00e0 18h salle Charles-P\u00e9guy. Entr\u00e9e 1 euros, entre 50 et 100 exposants.\u00a0<\/p>\n<p class=\" wall-content\"><strong>\u2022 Offranville :<\/strong> foire \u00e0 tout de 7h \u00e0 18h au gymnase. Entre 50 et 100 exposants.\u00a0<\/p>\n<p class=\" wall-content\"><strong>\u2022 Petit-Caux :<\/strong> foire \u00e0 tout de 7h \u00e0 18 \u00e0 la salle Paul-Villain de Penly. Entr\u00e9e gratuite, entre 50 et 100 exposants.\u00a0<\/p>\n<p class=\" wall-content\"><strong>\u2022 Rouen :<\/strong> braderie solidaire de 9h30 \u00e0 18h dans les locaux de l\u2019Entraide protestante (45, rue de Buffon). Entr\u00e9e gratuite.\u00a0<\/p>\n<p class=\" wall-content\"><strong>\u2022 Rouen :<\/strong> vide-greniers de 7h \u00e0 18h place de la Rougemare. Entr\u00e9e gratuite, entre 50 et 100 exposants.\u00a0<\/p>\n<p class=\" wall-content\"><strong>\u2022 Rouen :<\/strong> foire \u00e0 tout de 7h \u00e0 18h sur les quais hauts rive droite (Corneille et de Paris), rues Grand-Pont de la Champmesl\u00e9 et Saint-Etienne-des-tonneliers. Entr\u00e9e gratuite, entre 100 et 200 exposants.\u00a0<\/p>\n<p class=\" wall-content\"><strong>\u2022 Rouen :<\/strong> foire \u00e0 tout de 8h \u00e0 18h rue Saint-Sever. Entr\u00e9e gratuite, entre 50 et 100 exposants.\u00a0<\/p>\n<p class=\" wall-content\"><strong>\u2022 Rouen :<\/strong> foire aux livres et aux collections de 6h \u00e0 18h rue Louis-Poterat. Entr\u00e9e gratuite.\u00a0<\/p>\n<p class=\" wall-content\"><strong>\u2022 Rouen :<\/strong> vide-greniers de 9h \u00e0 18h rue Docteur Louis-Dumenil. Entre 50 et 100 exposants.\u00a0<\/p>\n<p class=\" wall-content\"><strong>\u2022 Sainte-Adresse :<\/strong> bourse aux v\u00eatements de 9h \u00e0 17h \u00e0 la salle Paul-Vatine. Entr\u00e9e gratuite, moins de 50 exposants.\u00a0<\/p>\n<p class=\" wall-content\"><strong>\u2022 Saint-Pa\u00ebr :<\/strong> bourse \u00e0 la pu\u00e9riculture de 9h \u00e0 17h \u00e0 la salle polyvalente. Entr\u00e9e gratuite, entre 50 et 100 exposants.\u00a0<\/p>\n<p class=\" wall-content\"><strong>\u2022 Yainville :<\/strong> foire \u00e0 tout\/puces des couturi\u00e8res de 8h30 \u00e0 17h rue de la R\u00e9publique. Entr\u00e9e gratuite, moins de 50 exposants.\u00a0\u00a0<\/p>\n<p>Suivez l\u2019actualit\u00e9 de Rouen sur notre <a href=\"https:\/\/www.whatsapp.com\/channel\/0029VaKfnf99hXF2ddApFB1D\" target=\"_blank\" rel=\"noopener\">cha\u00eene WhatsApp<\/a> et sur notre <a href=\"https:\/\/www.tiktok.com\/@76actu.fr?lang=fr\" target=\"_blank\" rel=\"noopener\">compte TikTok<\/a>Suivez l\u2019actualit\u00e9 du Havre sur notre <a href=\"https:\/\/www.whatsapp.com\/channel\/0029VaFqJYE8aKvLBwVrEe0o\" target=\"_blank\" rel=\"noopener\">cha\u00eene WhatsApp<\/a> et sur notre <a href=\"https:\/\/www.tiktok.com\/@76actu.fr?lang=fr\" target=\"_blank\" rel=\"noopener\">compte TikTok<\/a><\/p>\n<p class=\" wall-content\">Personnalisez votre actualit\u00e9 en ajoutant vos villes et m\u00e9dias en favori avec <a href=\"https:\/\/moncompte.actu.fr\" title=\"D\u00e9couvez Mon Actu\" rel=\"nofollow noopener\" data-trk=\"{&quot;cta&quot;:{&quot;action&quot;:&quot;https:\\\/\\\/moncompte.actu.fr&quot;,&quot;category&quot;:&quot;mon compte&quot;,&quot;from&quot;:&quot;article footer&quot;,&quot;name&quot;:&quot;Mon actu&quot;,&quot;type&quot;:&quot;cta&quot;}}\" target=\"_blank\">Mon Actu<\/a>.<\/p>\n<p>                    <script async src=\"\/\/www.tiktok.com\/embed.js\"><\/script><\/p>\n","protected":false},"excerpt":{"rendered":"Par Fabien Massin Publi\u00e9 le 3 oct. 2025 \u00e0 20h44 En ce premier weekend d\u2019octobre, la saison des&hellip;\n","protected":false},"author":2,"featured_media":436941,"comment_status":"","ping_status":"","sticky":false,"template":"","format":"standard","meta":{"footnotes":""},"categories":[9587],"tags":[1111,11,1777,674,10087,1011,27,1652,12,5161,25,9590,3365],"class_list":{"0":"post-436940","1":"post","2":"type-post","3":"status-publish","4":"format-standard","5":"has-post-thumbnail","7":"category-rouen","8":"tag-actu","9":"tag-actualites","10":"tag-eu","11":"tag-europe","12":"tag-foires-a-tout","13":"tag-fr","14":"tag-france","15":"tag-loisirs-culture","16":"tag-news","17":"tag-normandie","18":"tag-republique-francaise","19":"tag-rouen","20":"tag-vide-greniers"},"share_on_mastodon":{"url":"https:\/\/pubeurope.com\/@fr\/115311996083845302","error":""},"_links":{"self":[{"href":"https:\/\/www.europesays.com\/fr\/wp-json\/wp\/v2\/posts\/436940","targetHints":{"allow":["GET"]}}],"collection":[{"href":"https:\/\/www.europesays.com\/fr\/wp-json\/wp\/v2\/posts"}],"about":[{"href":"https:\/\/www.europesays.com\/fr\/wp-json\/wp\/v2\/types\/post"}],"author":[{"embeddable":true,"href":"https:\/\/www.europesays.com\/fr\/wp-json\/wp\/v2\/users\/2"}],"replies":[{"embeddable":true,"href":"https:\/\/www.europesays.com\/fr\/wp-json\/wp\/v2\/comments?post=436940"}],"version-history":[{"count":0,"href":"https:\/\/www.europesays.com\/fr\/wp-json\/wp\/v2\/posts\/436940\/revisions"}],"wp:featuredmedia":[{"embeddable":true,"href":"https:\/\/www.europesays.com\/fr\/wp-json\/wp\/v2\/media\/436941"}],"wp:attachment":[{"href":"https:\/\/www.europesays.com\/fr\/wp-json\/wp\/v2\/media?parent=436940"}],"wp:term":[{"taxonomy":"category","embeddable":true,"href":"https:\/\/www.europesays.com\/fr\/wp-json\/wp\/v2\/categories?post=436940"},{"taxonomy":"post_tag","embeddable":true,"href":"https:\/\/www.europesays.com\/fr\/wp-json\/wp\/v2\/tags?post=436940"}],"curies":[{"name":"wp","href":"https:\/\/api.w.org\/{rel}","templated":true}]}}