{"id":436942,"date":"2025-10-03T19:56:23","date_gmt":"2025-10-03T19:56:23","guid":{"rendered":"https:\/\/www.europesays.com\/fr\/436942\/"},"modified":"2025-10-03T19:56:23","modified_gmt":"2025-10-03T19:56:23","slug":"national-j9-rouen-senvole-sochaux-cale-encore","status":"publish","type":"post","link":"https:\/\/www.europesays.com\/fr\/436942\/","title":{"rendered":"National (J9). Rouen s&rsquo;envole, Sochaux cale encore"},"content":{"rendered":"<p><img loading=\"lazy\" decoding=\"async\" width=\"696\" height=\"464\" class=\"lazyload entry-thumb\" src=\"https:\/\/www.europesays.com\/fr\/wp-content\/uploads\/2025\/09\/National-J3-Rouen-Sochaux-2-696x464.jpg\" alt=\"National J3 Rouen - Sochaux (Photo Philippe Le Brech)\" title=\"National J3 Rouen - Sochaux (2)\"\/>Rouen &#8211; Sochaux (Photo Philippe Le Brech)<\/p>\n<p style=\"font-size:20px\"><strong>Les rencontres de la J9 du National se disputaient ce vendredi 3 octobre 2025. Le leader Rouen a fait une excellente op\u00e9ration en s\u2019imposant \u00e0 Saint-Brieuc. Les Diables Rouges comptent d\u00e9sormais six points d\u2019avance sur le troisi\u00e8me, Dijon.<\/strong><\/p>\n<p>La recette du FCR est d\u00e9sormais bien huil\u00e9e : une r\u00e9alisation de Seydi et aucun but encaiss\u00e9. Gr\u00e2ce \u00e0 ce quatri\u00e8me succ\u00e8s de rang, l\u2019\u00e9quipe de Brouard continue la course en t\u00eate, quatre points devant Versailles, qui s\u2019est bien relanc\u00e9 \u00e0 Bourg-Bresse.<\/p>\n<p>Elle fait surtout une tr\u00e8s bonne op\u00e9ration sur le reste des poursuivants avec d\u00e9sormais six points d\u2019avance sur les troisi\u00e8mes, Dijon et Orl\u00e9ans, tenus en \u00e9chec respectivement \u00e0 Aubagne et Paris 13 Atletico.<\/p>\n<p>Un point derri\u00e8re on retrouve, en compagnie d\u2019Aubagne, le SM Caen, qui met fin \u00e0 sa disette face au Puy ainsi que Sochaux, battu \u00e0 Concarneau, et qui encha\u00eene donc un troisi\u00e8me match sans victoire apr\u00e8s son entame de championnat canon.<\/p>\n<p>Dans le bas du classement, Paris 13 et QRM prennent un point pr\u00e9cieux alors que les deux derniers, le Stade Briochin et Bourg-P\u00e9ronnas, ont encore perdu.<\/p>\n<p><img fetchpriority=\"high\" decoding=\"async\" width=\"1024\" height=\"683\" src=\"https:\/\/www.europesays.com\/fr\/wp-content\/uploads\/2025\/10\/J9-Caen-Le-Puy-2-1024x683.jpg\" alt=\"J9 Caen - Le Puy (Photo Philippe Le Brech)\" class=\"wp-image-128708\"  \/>J9 Caen \u2013 Le Puy (Photo Philippe Le Brech)R\u00e9sultats et buteurs de la J9 du National<\/p>\n<p><strong>SC Aubagne Air Bel \u2013 Dijon Football C\u00f4te d\u2019Or :<\/strong> <strong>1-1<\/strong> (1-1)<br \/>Buts : Mayilla (39e) pour Aubagne ; Lembezat (45e+1) pour Dijon.<\/p>\n<p><strong>Football Bourg-en-Bresse P\u00e9ronnas 01 \u2013 FC Versailles 78 :<\/strong> <strong>0-1<\/strong> (0-1)<br \/>But : Ben Brahim (28e) pour Versailles.<\/p>\n<p><strong>SM Caen \u2013 Le Puy Foot 43 :<\/strong> <strong>2-0<\/strong> (1-0)<br \/>Buts : Rajot (25e), Milliner (90e+3) pour Caen.<\/p>\n<p><strong>US Concarneau \u2013 FC Sochaux Montb\u00e9liard :<\/strong> <strong>1-0<\/strong> (1-0)<br \/>But : Seba (5e) pour Concarneau.<\/p>\n<p><strong>Paris 13 Atletico \u2013 US Orl\u00e9ans Loiret Football :<\/strong> <strong>2-2<\/strong> (1-1)<br \/>Buts : Zinga (45e), Ndiaye (52e) pour Paris ; Giraudon (15e), Khous (67e) pour Orl\u00e9ans.<\/p>\n<p><strong>Quevilly Rouen M\u00e9tropole \u2013 FC Fleury 91 :<\/strong> <strong>1-1<\/strong> (1-0)<br \/>Buts : Diliwidi (24e) pour QRM ; Lavigne (69e) pour Fleury.<\/p>\n<p><strong>Stade Briochin \u2013 FC Rouen 1899 : 0-1<\/strong> (0-0)<br \/>But : Seydi (57e) pour Rouen.<\/p>\n<p><strong>FC Villefranche Beaujolais \u2013 La Berrichonne de Ch\u00e2teauroux :<\/strong> <strong>2-1<\/strong> (0-1)<br \/>Buts : (Camelo 48e), Sylla (90e) pour Villefranche ; Piquionne (7e) pour Ch\u00e2teauroux.<\/p>\n<p><a href=\"https:\/\/footamateur.ouest-france.fr\/author\/fred\/\" class=\"url\" title=\"Fr\u00e9d\u00e9ric Sougey\" rel=\"nofollow noopener\" target=\"_blank\"> <img decoding=\"async\" src=\"https:\/\/www.europesays.com\/fr\/wp-content\/uploads\/2025\/04\/gnlpcfya_400x400.jpg\" class=\"lazyload photo\" width=\"250\" alt=\"Fr\u00e9d\u00e9ric Sougey\"\/><\/a><\/p>\n<p>Journaliste chez Sports M\u00e9dia<\/p>\n<p>Elev\u00e9 au c\u0153ur des Alpes, Fred quitte (temporairement) son Grenoble ador\u00e9 pour pr\u00eater sa plume et son regard au monde amateur et plus particuli\u00e8rement au Championnat National dont il est un assidu observateur. Fan de tartiflette, de Karim Mokeddem et de Mulholland Drive. Les bonnes choses de la vie, en somme.<\/p>\n<p><a href=\"https:\/\/footamateur.ouest-france.fr\/author\/fred\/\" class=\"url\" title=\"Fr\u00e9d\u00e9ric Sougey\" rel=\"nofollow noopener\" target=\"_blank\"><img decoding=\"async\" src=\"https:\/\/www.europesays.com\/fr\/wp-content\/uploads\/2025\/04\/gnlpcfya_400x400.jpg\" class=\"lazyload photo\" width=\"250\" alt=\"Fr\u00e9d\u00e9ric Sougey\"\/><\/a>Les derniers articles par Fr\u00e9d\u00e9ric Sougey (<a href=\"https:\/\/footamateur.ouest-france.fr\/author\/fred\/\" rel=\"nofollow noopener\" target=\"_blank\">tout voir<\/a>)<\/p>\n","protected":false},"excerpt":{"rendered":"Rouen &#8211; Sochaux (Photo Philippe Le Brech) Les rencontres de la J9 du National se disputaient ce vendredi&hellip;\n","protected":false},"author":2,"featured_media":403123,"comment_status":"","ping_status":"","sticky":false,"template":"","format":"standard","meta":{"footnotes":""},"categories":[9587],"tags":[1111,11,1777,674,1011,27,12,5161,25,9590],"class_list":{"0":"post-436942","1":"post","2":"type-post","3":"status-publish","4":"format-standard","5":"has-post-thumbnail","7":"category-rouen","8":"tag-actu","9":"tag-actualites","10":"tag-eu","11":"tag-europe","12":"tag-fr","13":"tag-france","14":"tag-news","15":"tag-normandie","16":"tag-republique-francaise","17":"tag-rouen"},"share_on_mastodon":{"url":"https:\/\/pubeurope.com\/@fr\/115312000534552608","error":""},"_links":{"self":[{"href":"https:\/\/www.europesays.com\/fr\/wp-json\/wp\/v2\/posts\/436942","targetHints":{"allow":["GET"]}}],"collection":[{"href":"https:\/\/www.europesays.com\/fr\/wp-json\/wp\/v2\/posts"}],"about":[{"href":"https:\/\/www.europesays.com\/fr\/wp-json\/wp\/v2\/types\/post"}],"author":[{"embeddable":true,"href":"https:\/\/www.europesays.com\/fr\/wp-json\/wp\/v2\/users\/2"}],"replies":[{"embeddable":true,"href":"https:\/\/www.europesays.com\/fr\/wp-json\/wp\/v2\/comments?post=436942"}],"version-history":[{"count":0,"href":"https:\/\/www.europesays.com\/fr\/wp-json\/wp\/v2\/posts\/436942\/revisions"}],"wp:featuredmedia":[{"embeddable":true,"href":"https:\/\/www.europesays.com\/fr\/wp-json\/wp\/v2\/media\/403123"}],"wp:attachment":[{"href":"https:\/\/www.europesays.com\/fr\/wp-json\/wp\/v2\/media?parent=436942"}],"wp:term":[{"taxonomy":"category","embeddable":true,"href":"https:\/\/www.europesays.com\/fr\/wp-json\/wp\/v2\/categories?post=436942"},{"taxonomy":"post_tag","embeddable":true,"href":"https:\/\/www.europesays.com\/fr\/wp-json\/wp\/v2\/tags?post=436942"}],"curies":[{"name":"wp","href":"https:\/\/api.w.org\/{rel}","templated":true}]}}