{"id":436947,"date":"2025-10-03T19:59:16","date_gmt":"2025-10-03T19:59:16","guid":{"rendered":"https:\/\/www.europesays.com\/fr\/436947\/"},"modified":"2025-10-03T19:59:16","modified_gmt":"2025-10-03T19:59:16","slug":"une-ecole-confinee-apres-le-signalement-dindividus-potentiellement-armes","status":"publish","type":"post","link":"https:\/\/www.europesays.com\/fr\/436947\/","title":{"rendered":"Une \u00e9cole confin\u00e9e apr\u00e8s le signalement d\u2019individus potentiellement arm\u00e9s"},"content":{"rendered":"<p>Les \u00e9l\u00e8ves de l\u2019\u00e9cole Tr\u00e9gain, \u00e0 Rennes, ont \u00e9t\u00e9 confin\u00e9s ce vendredi matin, a-t-on appris de sources concordantes, confirmant<a href=\"https:\/\/www.letelegramme.fr\/ille-et-vilaine\/rennes-35000\/des-hommes-armes-recherches-autour-dune-ecole-a-rennes-les-enfants-confines-dans-letablissement-6902325.php\" rel=\"nofollow noopener\" target=\"_blank\" class=\"c-link c-link--is-underlined\"> les informations du T\u00e9l\u00e9gramme<\/a>. Elle est situ\u00e9e au c\u0153ur du quartier populaire de Maurepas, dans le nord de la capitale bretonne.<\/p>\n<p>Contact\u00e9 par 20 Minutes, le rectorat pr\u00e9cise que \u00ab\u00a0l\u2019\u00e9cole a \u00e9t\u00e9 bri\u00e8vement plac\u00e9e en confinement par mesure de pr\u00e9caution, suite au signalement de trois individus dans le quartier\u00a0\u00bb.\u00a0Ni la municipalit\u00e9, ni le rectorat ne sont en mesure de confirmer si les hommes \u00e9taient arm\u00e9s.<\/p>\n<p>Les \u00e9l\u00e8ves \u00ab\u00a0n\u2019ont \u00e9t\u00e9 expos\u00e9s \u00e0 aucun danger\u00a0\u00bb<\/p>\n<p>D\u2019apr\u00e8s la police, ce sont des habitants du secteur qui ont donn\u00e9 l\u2019alerte, s\u2019inqui\u00e9tant de la pr\u00e9sence de plusieurs individus. \u00c9taient-ils arm\u00e9s\u00a0? On ne le saura pas. \u00ab\u00a0Les \u00e9l\u00e8ves \u00e9taient en classe au moment des faits et n\u2019ont \u00e9t\u00e9 expos\u00e9s \u00e0 aucun danger ni t\u00e9moin de la sc\u00e8ne\u00a0\u00bb, assure le rectorat, qui pr\u00e9cise que le confinement a \u00e9t\u00e9 lev\u00e9 en fin de matin\u00e9e.<\/p>\n<\/p>\n<p>Pr\u00e9sente sur les lieux, la police a effectu\u00e9 des recherches et a \u00ab\u00a0s\u00e9curis\u00e9 la zone\u00a0\u00bb. Il n\u2019y a, \u00e0 ce stade, pas eu d\u2019interpellation. Gangren\u00e9 par le trafic de drogue, Maurepas a parfois \u00e9t\u00e9 <a href=\"https:\/\/www.20minutes.fr\/faits_divers\/faits-divers-rennes\/4160067-20250624-rennes-116-gendarmes-15-interpellations-9-armes-feu-reseau-trafiquants-tombe-maurepas\" class=\"c-link c-link--is-underlined\" target=\"_blank\" rel=\"noopener\">le th\u00e9\u00e2tre de violents r\u00e8glements de compte<\/a>s. Dans la nuit de lundi \u00e0 mardi, des tirs <a href=\"https:\/\/www.ouest-france.fr\/faits-divers\/trafic\/tirs-en-rafale-dans-le-quartier-de-maurepas-a-rennes-une-dizaine-dimpacts-deux-interpellations-92794f9e-9df3-11f0-9269-ac82a639081c\" rel=\"nofollow noopener\" target=\"_blank\" class=\"c-link c-link--is-underlined\">avaient retenti en pleine nuit<\/a>. Plusieurs impacts de balles avaient \u00e9t\u00e9 retrouv\u00e9s notamment dans des vitres de l\u2019all\u00e9e de Brno. Plusieurs personnes avaient \u00e9t\u00e9 interpell\u00e9es. D\u2019apr\u00e8s nos informations, elles ont \u00e9t\u00e9 remises en libert\u00e9.<\/p>\n<p>L\u2019\u00e9cole sera enti\u00e8rement ras\u00e9e<\/p>\n<p>L\u2019\u00e9cole Tr\u00e9gain va faire l\u2019objet <a href=\"https:\/\/presse.metropole.rennes.fr\/a-maurepas-le-groupe-scolaire-tregain-fera-lobjet-dune-demolition-et-dune-reconstruction-complete\/\" rel=\"nofollow noopener\" target=\"_blank\" class=\"c-link c-link--is-underlined\">d\u2019un \u00e9norme chantier ces prochaines ann\u00e9es<\/a>. Le groupe scolaire sera d\u00e9truit pour \u00eatre reconstruit au m\u00eame endroit. Mais il va encore falloir patienter. Construite en\u00a01954, l\u2019\u00e9cole, qui accueille aujourd\u2019hui 150 \u00e9l\u00e8ves en maternelle et 200 en \u00e9l\u00e9mentaire, ne sera pas d\u00e9molie avant\u00a02028.<\/p>\n<p>\u00ab\u00a0Sa reconstruction plus compacte lib\u00e9rera plus d\u2019un hectare de foncier, permettant notamment la construction de nouveaux logements et la diversification de l\u2019habitat dans le quartier\u00a0\u00bb, assure la municipalit\u00e9.<\/p>\n","protected":false},"excerpt":{"rendered":"Les \u00e9l\u00e8ves de l\u2019\u00e9cole Tr\u00e9gain, \u00e0 Rennes, ont \u00e9t\u00e9 confin\u00e9s ce vendredi matin, a-t-on appris de sources concordantes,&hellip;\n","protected":false},"author":2,"featured_media":436948,"comment_status":"","ping_status":"","sticky":false,"template":"","format":"standard","meta":{"footnotes":""},"categories":[2821],"tags":[1111,47,11,6376,829,9491,1122,1777,674,118,7641,1011,27,848,813,12,584,25,887],"class_list":{"0":"post-436947","1":"post","2":"type-post","3":"status-publish","4":"format-standard","5":"has-post-thumbnail","7":"category-rennes","8":"tag-actu","9":"tag-actualite","10":"tag-actualites","11":"tag-armes","12":"tag-bretagne","13":"tag-confinement","14":"tag-ecole","15":"tag-eu","16":"tag-europe","17":"tag-faits-divers","18":"tag-faits-divers-rennes","19":"tag-fr","20":"tag-france","21":"tag-ille-et-vilaine","22":"tag-narcotrafiquants","23":"tag-news","24":"tag-rennes","25":"tag-republique-francaise","26":"tag-trafic-de-drogue"},"share_on_mastodon":{"url":"https:\/\/pubeurope.com\/@fr\/115312011825554449","error":""},"_links":{"self":[{"href":"https:\/\/www.europesays.com\/fr\/wp-json\/wp\/v2\/posts\/436947","targetHints":{"allow":["GET"]}}],"collection":[{"href":"https:\/\/www.europesays.com\/fr\/wp-json\/wp\/v2\/posts"}],"about":[{"href":"https:\/\/www.europesays.com\/fr\/wp-json\/wp\/v2\/types\/post"}],"author":[{"embeddable":true,"href":"https:\/\/www.europesays.com\/fr\/wp-json\/wp\/v2\/users\/2"}],"replies":[{"embeddable":true,"href":"https:\/\/www.europesays.com\/fr\/wp-json\/wp\/v2\/comments?post=436947"}],"version-history":[{"count":0,"href":"https:\/\/www.europesays.com\/fr\/wp-json\/wp\/v2\/posts\/436947\/revisions"}],"wp:featuredmedia":[{"embeddable":true,"href":"https:\/\/www.europesays.com\/fr\/wp-json\/wp\/v2\/media\/436948"}],"wp:attachment":[{"href":"https:\/\/www.europesays.com\/fr\/wp-json\/wp\/v2\/media?parent=436947"}],"wp:term":[{"taxonomy":"category","embeddable":true,"href":"https:\/\/www.europesays.com\/fr\/wp-json\/wp\/v2\/categories?post=436947"},{"taxonomy":"post_tag","embeddable":true,"href":"https:\/\/www.europesays.com\/fr\/wp-json\/wp\/v2\/tags?post=436947"}],"curies":[{"name":"wp","href":"https:\/\/api.w.org\/{rel}","templated":true}]}}