{"id":436949,"date":"2025-10-03T20:00:12","date_gmt":"2025-10-03T20:00:12","guid":{"rendered":"https:\/\/www.europesays.com\/fr\/436949\/"},"modified":"2025-10-03T20:00:12","modified_gmt":"2025-10-03T20:00:12","slug":"une-ecole-primaire-confinee-apres-le-signalement-dhommes-armes-dans-un-quartier-sensible","status":"publish","type":"post","link":"https:\/\/www.europesays.com\/fr\/436949\/","title":{"rendered":"une \u00e9cole primaire confin\u00e9e apr\u00e8s le signalement d\u2019hommes arm\u00e9s dans un quartier sensible"},"content":{"rendered":"<p class=\"intro \">Ce vendredi 3 octobre, les \u00e9l\u00e8ves d\u2019une \u00e9cole primaire du quartier Maurepas \u00e0 Rennes ont \u00e9t\u00e9 confin\u00e9s en fin de matin\u00e9e. La police est intervenue apr\u00e8s le signalement d\u2019individus arm\u00e9s pr\u00e8s de l\u2019\u00e9tablissement, retrouvant une machette sur place. <\/p>\n<p>Une sc\u00e8ne inhabituelle ce matin \u00e0 <a href=\"https:\/\/www.europe1.fr\/dossiers\/rennes\" target=\"_blank\" rel=\"nofollow noopener\">Rennes<\/a>. Les \u00e9l\u00e8ves d\u2019une \u00e9cole primaire du quartier Maurepas, connu pour ses trafics de drogue, ont d\u00fb \u00eatre confin\u00e9s en fin de matin\u00e9e, ce vendredi 3 octobre. Une d\u00e9cision exceptionnelle prise apr\u00e8s le signalement de la pr\u00e9sence d\u2019hommes arm\u00e9s autour de l\u2019\u00e9tablissement.<\/p>\n<p>    La suite apr\u00e8s cette publicit\u00e9<\/p>\n<p>    La suite apr\u00e8s cette publicit\u00e9<\/p>\n<p>\u00ab\u00a0J&rsquo;ai vu, ils \u00e9taient l\u00e0 avec des armes\u00a0\u00bb\u00a0<\/p>\n<p>Vers 11h, une poign\u00e9e de jeunes se course aux abords des grilles de l&rsquo;\u00e9tablissement. Ils sont, semble-t-il, arm\u00e9s et la police pr\u00e9f\u00e8re confiner les \u00e9l\u00e8ves le temps de venir s\u00e9curiser la zone. Sur place, les forces de l&rsquo;ordre trouvent une machette \u00e9chou\u00e9e dans un buisson.<\/p>\n<p>A la sortie de classe du soir, les enfants expliquaient \u00e0 leurs parents une matin\u00e9e devenue tristement banale. \u00ab\u00a0J&rsquo;ai vu, ils \u00e9taient l\u00e0 avec des armes\u00a0\u00bb, explique une \u00e9l\u00e8ve.<\/p>\n<p>    La suite apr\u00e8s cette publicit\u00e9<\/p>\n<p>    La suite apr\u00e8s cette publicit\u00e9<\/p>\n<p>Une m\u00e8re de famille, d\u00e9sesp\u00e9r\u00e9e ajoute : \u00ab\u00a0Le probl\u00e8me c&rsquo;est que finalement dans le quartier \u00e7a ne choque presque plus. Malheureusement les policiers font ce qu&rsquo;ils peuvent. Ils essayent de rattraper les personnes qui ont fait des d\u00e9g\u00e2ts. Mais une fois qu&rsquo;ils les ont enlev\u00e9es, d&rsquo;autres personnes se r\u00e9installent.\u00a0\u00bb<\/p>\n<p>Cet \u00e9pisode fait suite \u00e0 un r\u00e8glement de compte survenu en d\u00e9but de semaine o\u00f9 devant le lyc\u00e9e du m\u00eame quartier, un jeune de 13 ans a \u00e9t\u00e9 l\u00e9g\u00e8rement bless\u00e9 par un coup de couteau.<\/p>\n","protected":false},"excerpt":{"rendered":"Ce vendredi 3 octobre, les \u00e9l\u00e8ves d\u2019une \u00e9cole primaire du quartier Maurepas \u00e0 Rennes ont \u00e9t\u00e9 confin\u00e9s en&hellip;\n","protected":false},"author":2,"featured_media":359051,"comment_status":"","ping_status":"","sticky":false,"template":"","format":"standard","meta":{"footnotes":""},"categories":[2821],"tags":[1111,11,829,1777,674,1011,27,12,584,25],"class_list":{"0":"post-436949","1":"post","2":"type-post","3":"status-publish","4":"format-standard","5":"has-post-thumbnail","7":"category-rennes","8":"tag-actu","9":"tag-actualites","10":"tag-bretagne","11":"tag-eu","12":"tag-europe","13":"tag-fr","14":"tag-france","15":"tag-news","16":"tag-rennes","17":"tag-republique-francaise"},"share_on_mastodon":{"url":"https:\/\/pubeurope.com\/@fr\/115312015770308978","error":""},"_links":{"self":[{"href":"https:\/\/www.europesays.com\/fr\/wp-json\/wp\/v2\/posts\/436949","targetHints":{"allow":["GET"]}}],"collection":[{"href":"https:\/\/www.europesays.com\/fr\/wp-json\/wp\/v2\/posts"}],"about":[{"href":"https:\/\/www.europesays.com\/fr\/wp-json\/wp\/v2\/types\/post"}],"author":[{"embeddable":true,"href":"https:\/\/www.europesays.com\/fr\/wp-json\/wp\/v2\/users\/2"}],"replies":[{"embeddable":true,"href":"https:\/\/www.europesays.com\/fr\/wp-json\/wp\/v2\/comments?post=436949"}],"version-history":[{"count":0,"href":"https:\/\/www.europesays.com\/fr\/wp-json\/wp\/v2\/posts\/436949\/revisions"}],"wp:featuredmedia":[{"embeddable":true,"href":"https:\/\/www.europesays.com\/fr\/wp-json\/wp\/v2\/media\/359051"}],"wp:attachment":[{"href":"https:\/\/www.europesays.com\/fr\/wp-json\/wp\/v2\/media?parent=436949"}],"wp:term":[{"taxonomy":"category","embeddable":true,"href":"https:\/\/www.europesays.com\/fr\/wp-json\/wp\/v2\/categories?post=436949"},{"taxonomy":"post_tag","embeddable":true,"href":"https:\/\/www.europesays.com\/fr\/wp-json\/wp\/v2\/tags?post=436949"}],"curies":[{"name":"wp","href":"https:\/\/api.w.org\/{rel}","templated":true}]}}