{"id":436952,"date":"2025-10-03T20:02:40","date_gmt":"2025-10-03T20:02:40","guid":{"rendered":"https:\/\/www.europesays.com\/fr\/436952\/"},"modified":"2025-10-03T20:02:40","modified_gmt":"2025-10-03T20:02:40","slug":"a-strasbourg-daniel-stoffel-va-ouvrir-une-nouvelle-boutique-de-170-m2","status":"publish","type":"post","link":"https:\/\/www.europesays.com\/fr\/436952\/","title":{"rendered":"\u00e0 Strasbourg, Daniel Stoffel va ouvrir une nouvelle boutique de 170 m2 !"},"content":{"rendered":"<p><strong>Si le chocolat manque dans votre vie, vous allez adorer l\u2019info qui suit. Dans une poign\u00e9e de semaines, au courant du mois de novembre, le chocolatier alsacien Daniel Stoffel ouvrira sa toute premi\u00e8re boutique strasbourgeoise rue de la M\u00e9sange, en plein c\u0153ur de la ville. On vous donne les premi\u00e8res infos avant l\u2019ouverture officielle.\u00a0<\/strong><\/p>\n<p><strong>Daniel Stoffel :<\/strong>\u00a0vous connaissez ce nom, et <strong>vous avez probablement d\u00e9j\u00e0 croqu\u00e9 dans l\u2019une ou l\u2019autre de ses cr\u00e9ations.<\/strong><\/p>\n<p><strong>Fond\u00e9e en 1963 \u00e0 Haguenau<\/strong>, l\u2019entreprise familiale a tr\u00e8s rapidement trouv\u00e9 sa place en Alsace, notamment<strong> gr\u00e2ce \u00e0 son savoir-faire artisanal<\/strong>, et en quelque temps, elle est devenue <strong>incontournable dans le vaste monde du chocolat.\u00a0<\/strong><\/p>\n<p>Depuis, <strong>trois g\u00e9n\u00e9rations se sont succ\u00e9d\u00e9 pour perp\u00e9tuer l\u2019h\u00e9ritage de la marque<\/strong>, et trois boutiques ont vu le jour en Alsace.<\/p>\n<p>                <img width=\"375\" height=\"500\" src=\"https:\/\/www.europesays.com\/fr\/wp-content\/uploads\/2025\/10\/image00028-375x500.jpeg\" class=\"attachment-gallery size-gallery\" alt=\"Daniel Stoffel Chocolat chocolaterie slon de th\u00e9 caf\u00e9 choco wouahou\" data-full-url=\"https:\/\/pokaa.fr\/wp-content\/uploads\/2023\/09\/26\/image00028.jpeg\" decoding=\"async\" loading=\"lazy\"  \/>            <\/p>\n<p>                <img width=\"375\" height=\"500\" src=\"https:\/\/www.europesays.com\/fr\/wp-content\/uploads\/2025\/10\/image00027-375x500.jpeg\" class=\"attachment-gallery size-gallery\" alt=\"Daniel Stoffel Chocolat chocolaterie slon de th\u00e9 caf\u00e9 choco wouahou\" data-full-url=\"https:\/\/pokaa.fr\/wp-content\/uploads\/2023\/09\/26\/image00027.jpeg\" decoding=\"async\" loading=\"lazy\"  \/>            <\/p>\n<p>                <img width=\"375\" height=\"500\" src=\"https:\/\/www.europesays.com\/fr\/wp-content\/uploads\/2025\/10\/image00026-375x500.jpeg\" class=\"attachment-gallery size-gallery\" alt=\"Daniel Stoffel Chocolat chocolaterie slon de th\u00e9 caf\u00e9 choco wouahou\" data-full-url=\"https:\/\/pokaa.fr\/wp-content\/uploads\/2023\/09\/26\/image00026.jpeg\" decoding=\"async\" loading=\"lazy\"  \/>            <\/p>\n<p>                <img width=\"667\" height=\"500\" src=\"https:\/\/www.europesays.com\/fr\/wp-content\/uploads\/2025\/10\/image00030-667x500.jpeg\" class=\"attachment-gallery size-gallery\" alt=\"Daniel Stoffel Chocolat chocolaterie slon de th\u00e9 caf\u00e9 choco wouahou\" data-full-url=\"https:\/\/pokaa.fr\/wp-content\/uploads\/2023\/09\/26\/image00030.jpeg\" decoding=\"async\" loading=\"lazy\"  \/>            <\/p>\n<p>                <img width=\"641\" height=\"500\" src=\"https:\/\/www.europesays.com\/fr\/wp-content\/uploads\/2025\/10\/image00029-641x500.jpeg\" class=\"attachment-gallery size-gallery\" alt=\"Daniel Stoffel Chocolat chocolaterie slon de th\u00e9 caf\u00e9 choco wouahou\" data-full-url=\"https:\/\/pokaa.fr\/wp-content\/uploads\/2023\/09\/26\/image00029.jpeg\" decoding=\"async\" loading=\"lazy\"  \/>            <\/p>\n<p>                    La boutique Daniel Stoffel de Ribeauvill\u00e9. \u00a9 Bastien Pietronave \/ Pokaa<\/p>\n<p>Stoffel, un attachement local et un nom qui r\u00e9sonne <\/p>\n<p>Aujourd\u2019hui, la marque est <strong>l\u2019un des piliers du chocolat en Alsace. <\/strong>En effet, en plus de 60 ans,<strong> le chocolatier Daniel Stoffel s\u2019est solidement implant\u00e9 sur le territoire<\/strong>, et bien au-del\u00e0, puisque <strong>ses chocolats se croquent \u00e0\u00a0<\/strong><b>l\u2019international<\/b>, loin de nos fronti\u00e8res.<\/p>\n<p><strong>Chocolats fourr\u00e9s au pralin<\/strong>, moulages, bonbons en chocolat, sucettes, <strong>p\u00e2tes \u00e0 tartiner<\/strong>, p\u00e2tes de fruits, tablettes ou encore guimauves : <strong>le savoir-faire des chocolatiers\/\u00e8res s\u2019aiguise d\u2019ann\u00e9e en ann\u00e9e<\/strong>, et la marque continue d\u2019innover.<\/p>\n<p>\u00c0 c\u00f4t\u00e9 de chez nous, on retrouve<strong> la maison m\u00e8re et le principal site de production situ\u00e9 \u00e0 Haguenau, <\/strong>avec sa boutique qui a d\u2019ailleurs \u00e9t\u00e9 r\u00e9cemment r\u00e9nov\u00e9e. On trouve \u00e9galement <strong>la boutique de Ribeauvill\u00e9 et son petit coin caf\u00e9<\/strong>, et enfin <strong>celle de Shopping Promenade<\/strong>, avec son look impressionnant qui fait penser \u00e0 l\u2019univers de Charlie et la Chocolaterie.<\/p>\n<p>                <img width=\"667\" height=\"500\" src=\"https:\/\/www.europesays.com\/fr\/wp-content\/uploads\/2025\/10\/boutique-daniel-stoffel-shopping-promenade-28-scaled-e1627643760329.jpeg\" class=\"attachment-gallery size-gallery\" alt=\"Boutique Daniel Stoffel Shopping promenade (28)\" data-full-url=\"https:\/\/www.europesays.com\/fr\/wp-content\/uploads\/2025\/10\/boutique-daniel-stoffel-shopping-promenade-28-scaled-e1627643760329.jpeg\" decoding=\"async\" loading=\"lazy\"\/>            <\/p>\n<p>                <img width=\"667\" height=\"500\" src=\"https:\/\/www.europesays.com\/fr\/wp-content\/uploads\/2025\/10\/boutique-daniel-stoffel-shopping-promenade-29-scaled-e1627643770485.jpeg\" class=\"attachment-gallery size-gallery\" alt=\"Boutique Daniel Stoffel Shopping promenade (29)\" data-full-url=\"https:\/\/www.europesays.com\/fr\/wp-content\/uploads\/2025\/10\/boutique-daniel-stoffel-shopping-promenade-29-scaled-e1627643770485.jpeg\" decoding=\"async\" loading=\"lazy\"\/>            <\/p>\n<p>                <img width=\"667\" height=\"500\" src=\"https:\/\/www.europesays.com\/fr\/wp-content\/uploads\/2025\/10\/boutique-daniel-stoffel-shopping-promenade-26-scaled-e1627643740965.jpeg\" class=\"attachment-gallery size-gallery\" alt=\"Boutique Daniel Stoffel Shopping promenade (26)\" data-full-url=\"https:\/\/www.europesays.com\/fr\/wp-content\/uploads\/2025\/10\/boutique-daniel-stoffel-shopping-promenade-26-scaled-e1627643740965.jpeg\" decoding=\"async\" loading=\"lazy\"\/>            <\/p>\n<p>                <img width=\"667\" height=\"500\" src=\"https:\/\/www.europesays.com\/fr\/wp-content\/uploads\/2025\/10\/boutique-daniel-stoffel-shopping-promenade-20-scaled-e1627643688726.jpeg\" class=\"attachment-gallery size-gallery\" alt=\"Boutique Daniel Stoffel Shopping promenade (20)\" data-full-url=\"https:\/\/www.europesays.com\/fr\/wp-content\/uploads\/2025\/10\/boutique-daniel-stoffel-shopping-promenade-20-scaled-e1627643688726.jpeg\" decoding=\"async\" loading=\"lazy\"\/>            <\/p>\n<p>                <img width=\"667\" height=\"500\" src=\"https:\/\/www.europesays.com\/fr\/wp-content\/uploads\/2025\/10\/boutique-daniel-stoffel-shopping-promenade-23-scaled-e1627643715194.jpeg\" class=\"attachment-gallery size-gallery\" alt=\"Boutique Daniel Stoffel Shopping promenade (23)\" data-full-url=\"https:\/\/www.europesays.com\/fr\/wp-content\/uploads\/2025\/10\/boutique-daniel-stoffel-shopping-promenade-23-scaled-e1627643715194.jpeg\" decoding=\"async\" loading=\"lazy\"\/>            <\/p>\n<p>                    La boutique Daniel Stoffel de Shopping Promenade. \u00a9 Bastien Pietronave \/ Pokaa<\/p>\n<p>Dans chacune de ces boutiques, <strong>la barre<\/strong>\u00a0<strong>est mise tr\u00e8s haute<\/strong>, puisque <strong>chacune est pens\u00e9e comme un petit mus\u00e9e<\/strong>, o\u00f9 le chocolat est roi et o\u00f9<strong> l\u2019exp\u00e9rience client est pouss\u00e9e au maximum. <\/strong>En gros : \u00e7a en met <strong>plein la vue, et les papilles sont au paradis.\u00a0<\/strong><\/p>\n<p>Vous l\u2019avez compris, les \u00e9quipes du chocolatier Daniel Stoffel en ont sous le coude pour <strong>proposer de la nouveaut\u00e9 et satisfaire tous les palais<\/strong>, tout en conservant <strong>une production locale et artisanale.<\/strong><\/p>\n<p>                <img width=\"704\" height=\"500\" src=\"https:\/\/www.europesays.com\/fr\/wp-content\/uploads\/2025\/10\/chocolat-usine-daniel-stoffel-image00002.jpeg\" class=\"attachment-gallery size-gallery\" alt=\"Chocolat usine daniel Stoffel image00002\" data-full-url=\"https:\/\/www.europesays.com\/fr\/wp-content\/uploads\/2025\/10\/chocolat-usine-daniel-stoffel-image00002.jpeg\" decoding=\"async\" loading=\"lazy\"  \/>            <\/p>\n<p>                <img width=\"667\" height=\"500\" src=\"https:\/\/www.europesays.com\/fr\/wp-content\/uploads\/2025\/10\/boutique-daniel-stoffel-shopping-promenade-11-scaled-e1627643346671.jpeg\" class=\"attachment-gallery size-gallery\" alt=\"Boutique Daniel Stoffel Shopping promenade (11)\" data-full-url=\"https:\/\/www.europesays.com\/fr\/wp-content\/uploads\/2025\/10\/boutique-daniel-stoffel-shopping-promenade-11-scaled-e1627643346671.jpeg\" decoding=\"async\" loading=\"lazy\"\/>            <\/p>\n<p>                <img width=\"667\" height=\"500\" src=\"https:\/\/www.europesays.com\/fr\/wp-content\/uploads\/2025\/10\/boutique-daniel-stoffel-shopping-promenade-15-scaled-e1627643415854.jpeg\" class=\"attachment-gallery size-gallery\" alt=\"Boutique Daniel Stoffel Shopping promenade (15)\" data-full-url=\"https:\/\/www.europesays.com\/fr\/wp-content\/uploads\/2025\/10\/boutique-daniel-stoffel-shopping-promenade-15-scaled-e1627643415854.jpeg\" decoding=\"async\" loading=\"lazy\"\/>            <\/p>\n<p>                <img width=\"375\" height=\"500\" src=\"https:\/\/www.europesays.com\/fr\/wp-content\/uploads\/2025\/10\/image00002-375x500.jpeg\" class=\"attachment-gallery size-gallery\" alt=\"Daniel Stoffel Chocolat chocolaterie slon de th\u00e9 caf\u00e9 choco wouahou\" data-full-url=\"https:\/\/pokaa.fr\/wp-content\/uploads\/2023\/09\/26\/image00002.jpeg\" decoding=\"async\" loading=\"lazy\"  \/>            <\/p>\n<p>                <img width=\"375\" height=\"500\" src=\"https:\/\/www.europesays.com\/fr\/wp-content\/uploads\/2025\/10\/image00004-375x500.jpeg\" class=\"attachment-gallery size-gallery\" alt=\"Daniel Stoffel Chocolat chocolaterie slon de th\u00e9 caf\u00e9 choco wouahou\" data-full-url=\"https:\/\/pokaa.fr\/wp-content\/uploads\/2023\/09\/26\/image00004.jpeg\" decoding=\"async\" loading=\"lazy\"  \/>            <\/p>\n<p>                    La boutique Daniel Stoffel de Haguenau. \u00a9 Bastien Pietronave \/ Pokaa<\/p>\n<p>Une nouvelle boutique au centre de Strasbourg<\/p>\n<p><strong>Alsacienne jusqu\u2019au bout de la tablette<\/strong>, la marque au logo orange et noir s\u2019implantera bient\u00f4t, <strong>et pour la premi\u00e8re fois, \u00e0 Strasbourg<\/strong>. Et comme vous pouvez l\u2019imaginer, la team n\u2019a pas fait les choses \u00e0 moiti\u00e9, et<strong> elle a vu les choses en grand.<\/strong><\/p>\n<p><strong>Pr\u00e9vue pour une ouverture courant du mois de novembre<\/strong>, la boutique est en pleine installation au num\u00e9ro <strong>13 de la rue de la M\u00e9sange<\/strong>, dans un b\u00e2timent historique qui en jette.<\/p>\n<p>On retrouvera <strong>tout un univers chocolat\u00e9 de 170 m2 sur deux niveaux<\/strong>, dans \u00ab <strong>un lieu chaleureux, comme \u00e0 la maison<\/strong>, qui rappelle l\u2019histoire de la chocolaterie \u00bb, selon la marque.<\/p>\n<p>                <img width=\"667\" height=\"500\" src=\"https:\/\/www.europesays.com\/fr\/wp-content\/uploads\/2025\/10\/chocolat-usine-daniel-stoffel-image00022.jpeg\" class=\"attachment-gallery size-gallery\" alt=\"Chocolat usine daniel Stoffel image00022\" data-full-url=\"https:\/\/www.europesays.com\/fr\/wp-content\/uploads\/2025\/10\/chocolat-usine-daniel-stoffel-image00022.jpeg\" decoding=\"async\" loading=\"lazy\"  \/>            <\/p>\n<p>                <img width=\"667\" height=\"500\" src=\"https:\/\/www.europesays.com\/fr\/wp-content\/uploads\/2025\/10\/chocolat-usine-daniel-stoffel-image00025.jpeg\" class=\"attachment-gallery size-gallery\" alt=\"Chocolat usine daniel Stoffel image00025\" data-full-url=\"https:\/\/www.europesays.com\/fr\/wp-content\/uploads\/2025\/10\/chocolat-usine-daniel-stoffel-image00025.jpeg\" decoding=\"async\" loading=\"lazy\"  \/>            <\/p>\n<p>                <img width=\"375\" height=\"500\" src=\"https:\/\/www.europesays.com\/fr\/wp-content\/uploads\/2025\/10\/daniel-stoeffel-strasbourgimg-0338-375x500.jpeg\" class=\"attachment-gallery size-gallery\" alt=\"Daniel Stoffel strasbourgIMG_0338\" data-full-url=\"https:\/\/pokaa.fr\/wp-content\/uploads\/2025\/10\/03\/daniel-stoeffel-strasbourgimg-0338.jpeg\" decoding=\"async\" loading=\"lazy\"  \/>            <\/p>\n<p>                    \u00a9 Bastien Pietronave \/ Pokaa<\/p>\n<p><strong>Porteuse de belles promesses<\/strong>, la 4e boutique devrait susciter l\u2019engouement des Strasbourgeois(es) qui aiment <strong>le chocolat de qualit\u00e9 et d\u00e9couvrir de belles nouveaut\u00e9s<\/strong>. D\u2019ailleurs, la marque annonce d\u00e9j\u00e0<strong> un petit cadeau de bienvenue pour les premiers\/\u00e8res visiteurs\/ses<\/strong> lors de la semaine d\u2019ouverture.<\/p>\n<p>On a h\u00e2te de vous montrer les premi\u00e8res images de <strong>cette nouvelle boutique qui s\u2019installera bient\u00f4t proche de chez vous.<\/strong> Et \u00e9videmment, vous nous connaissez, <strong>on partagera avec vous les premi\u00e8res infos d\u00e8s son ouverture !\u00a0<\/strong><\/p>\n<p>            Daniel Stoffel Strasbourg <\/p>\n<p>            Quoi ?<br \/>\n            Boutique \/ chocolatier         <\/p>\n<p>            o\u00f9 ?<br \/>\n            13 rue de la M\u00e9sange, \u00e0 Strasbourg         <\/p>\n<p>                Plus d&rsquo;infos ?<\/p>\n<p><strong><a href=\"https:\/\/www.google.com\/url?sa=t&amp;source=web&amp;rct=j&amp;opi=89978449&amp;url=https:\/\/www.daniel-stoffel.fr\/%3F_locale%3Dfr&amp;ved=2ahUKEwjWssiS0YeQAxWeVqQEHTvjHwwQFnoECAwQAQ&amp;usg=AOvVaw2EhxtePIezwlUTyrXDZcX0\" target=\"_blank\" rel=\"noopener\">Le site web de la chocolaterie Daniel Stoffel<\/a><\/strong><\/p>\n<p><strong><a href=\"https:\/\/www.google.com\/url?sa=t&amp;source=web&amp;rct=j&amp;opi=89978449&amp;url=https:\/\/www.instagram.com\/danielstoffel_officiel\/%3Fhl%3Dfr&amp;ved=2ahUKEwiZn9ab0YeQAxXoK_sDHdIwKiEQFnoECA4QAQ&amp;usg=AOvVaw16V9tDQ-P_zdVcRH4cNceD\" target=\"_blank\" rel=\"noopener\">La page Instagram<\/a><\/strong><\/p>\n<p><strong><a href=\"https:\/\/www.facebook.com\/ChocolaterieDanielStoffel\/?locale=fr_FR\" target=\"_blank\" rel=\"noopener\">La page Facebook<\/a><\/strong><\/p>\n<p><script async src=\"\/\/www.instagram.com\/embed.js\"><\/script><\/p>\n","protected":false},"excerpt":{"rendered":"Si le chocolat manque dans votre vie, vous allez adorer l\u2019info qui suit. Dans une poign\u00e9e de semaines,&hellip;\n","protected":false},"author":2,"featured_media":436953,"comment_status":"","ping_status":"","sticky":false,"template":"","format":"standard","meta":{"footnotes":""},"categories":[2820],"tags":[1111,11,11647,56434,1777,674,1011,27,775,12,25,640],"class_list":{"0":"post-436952","1":"post","2":"type-post","3":"status-publish","4":"format-standard","5":"has-post-thumbnail","7":"category-strasbourg","8":"tag-actu","9":"tag-actualites","10":"tag-boutique","11":"tag-daniel-stoffel","12":"tag-eu","13":"tag-europe","14":"tag-fr","15":"tag-france","16":"tag-grand-est","17":"tag-news","18":"tag-republique-francaise","19":"tag-strasbourg"},"share_on_mastodon":{"url":"https:\/\/pubeurope.com\/@fr\/115312024626180335","error":""},"_links":{"self":[{"href":"https:\/\/www.europesays.com\/fr\/wp-json\/wp\/v2\/posts\/436952","targetHints":{"allow":["GET"]}}],"collection":[{"href":"https:\/\/www.europesays.com\/fr\/wp-json\/wp\/v2\/posts"}],"about":[{"href":"https:\/\/www.europesays.com\/fr\/wp-json\/wp\/v2\/types\/post"}],"author":[{"embeddable":true,"href":"https:\/\/www.europesays.com\/fr\/wp-json\/wp\/v2\/users\/2"}],"replies":[{"embeddable":true,"href":"https:\/\/www.europesays.com\/fr\/wp-json\/wp\/v2\/comments?post=436952"}],"version-history":[{"count":0,"href":"https:\/\/www.europesays.com\/fr\/wp-json\/wp\/v2\/posts\/436952\/revisions"}],"wp:featuredmedia":[{"embeddable":true,"href":"https:\/\/www.europesays.com\/fr\/wp-json\/wp\/v2\/media\/436953"}],"wp:attachment":[{"href":"https:\/\/www.europesays.com\/fr\/wp-json\/wp\/v2\/media?parent=436952"}],"wp:term":[{"taxonomy":"category","embeddable":true,"href":"https:\/\/www.europesays.com\/fr\/wp-json\/wp\/v2\/categories?post=436952"},{"taxonomy":"post_tag","embeddable":true,"href":"https:\/\/www.europesays.com\/fr\/wp-json\/wp\/v2\/tags?post=436952"}],"curies":[{"name":"wp","href":"https:\/\/api.w.org\/{rel}","templated":true}]}}