{"id":436973,"date":"2025-10-03T20:14:11","date_gmt":"2025-10-03T20:14:11","guid":{"rendered":"https:\/\/www.europesays.com\/fr\/436973\/"},"modified":"2025-10-03T20:14:11","modified_gmt":"2025-10-03T20:14:11","slug":"les-premieres-images-du-tandem-franck-allisio-stephane-ravier","status":"publish","type":"post","link":"https:\/\/www.europesays.com\/fr\/436973\/","title":{"rendered":"les premi\u00e8res images du tandem Franck Allisio-St\u00e9phane Ravier"},"content":{"rendered":"<p>La veille, sur le plateau de BFM Marseille, St\u00e9phane Ravier avait cr\u00e9\u00e9 la surprise en annon\u00e7ant son renoncement \u00e0 briguer la mairie de Marseille en 2026. Le s\u00e9nateur a choisi d\u2019apporter son soutien au candidat du Rassemblement national, Franck Allisio.<\/p>\n<p>Une photo symbolique. Franck Allisio et <a href=\"https:\/\/www.bfmtv.com\/marseille\/municipales-2026-a-marseille-stephane-ravier-ne-sera-pas-candidat_AV-202510020840.html\" title=\"Municipales 2026 \u00e0 Marseille: St\u00e9phane Ravier ne sera pas candidat\" class=\"internal_link\" rel=\"nofollow noopener\" target=\"_blank\">St\u00e9phane Ravier<\/a> se sont affich\u00e9s c\u00f4te \u00e0 c\u00f4te ce vendredi soir \u00e0 la Foire de Marseille. Il s\u2019agit l\u00e0 de la premi\u00e8re s\u00e9quence officielle depuis que ce dernier ait affich\u00e9 son soutien \u201csans r\u00e9serve\u201d au candidat d&rsquo;extr\u00eame droite pour les municipales de 2026.<\/p>\n<p>Franck Allisio a tenu \u00e0 saluer publiquement le geste de son alli\u00e9: \u00ab\u00a0J&rsquo;aimerai que la politique ressemble plus \u00e0 \u00e7a. Ce qu\u2019a fait St\u00e9phane honore la politique et Marseille. En \u00e9changeant depuis plusieurs mois, on savait que nos id\u00e9es pour Marseille, que l\u2019alternance, il y avait un chemin. Aujourd\u2019hui, ensemble, nous avons un boulevard\u00a0\u00bb.<\/p>\n<p>\u00ab\u00a0Ensemble nous allons remettre Marseille en ordre\u00a0\u00bb<\/p>\n<p>Concernant la place de St\u00e9phane Ravier dans sa campagne, le candidat RN a \u00e9t\u00e9 clair: \u00ab\u00a0Regardez, il sera avec moi, \u00e0 c\u00f4t\u00e9 de moi. On va gagner ensemble. On a cinq mois pour faire campagne, cinq mois pour convaincre les Marseillais de renverser la table les 15 et 22 mars. Les Marseillais nous demandent d\u2019\u00eatre unis: c\u2019est le cas, ensemble sur le terrain. Et ensemble nous allons remettre Marseille en ordre.\u00a0\u00bb<\/p>\n<p>Interrog\u00e9 sur une possible adh\u00e9sion future de St\u00e9phane Ravier au RN, Franck Allisio temporise: \u00ab\u00a0pour l\u2019instant ce n\u2019est pas d\u2019actualit\u00e9. Laissez-nous faire campagne, laissez-nous penser \u00e0 Marseille. Les partis et tout \u00e7a, c\u2019est autre chose&#8230;. Pour l\u2019instant, on est l\u00e0 pour Marseille et les Marseillais\u00a0\u00bb.<\/p>\n<p>\u00ab\u00a0Une opportunit\u00e9 de remporter la victoire\u00a0\u00bb<\/p>\n<p>De son c\u00f4t\u00e9, St\u00e9phane Ravier a justifi\u00e9 sa pr\u00e9sence \u00e0 la Foire de Marseille par l\u2019importance symbolique du lieu: \u00ab\u00a0la foire est un lieu symbolique. Elle n\u2019est pas r\u00e9serv\u00e9e aux Marseillais mais c\u2019est un lieu o\u00f9 beaucoup convergent, avec de nombreux visiteurs. Avant d&rsquo;ajouter: On a trouv\u00e9 que c\u2019\u00e9tait important d\u2019y \u00eatre aussi\u00a0\u00bb.<\/p>\n<p>Et \u00e0 cinq mois du scrutin, les deux hommes comptent sur cette image d\u2019unit\u00e9 pour convaincre les Marseillais qu\u2019ils peuvent incarner l\u2019alternance politique \u00e0 Marseille.<\/p>\n<p>Jeudi soir, dans un entretien accord\u00e9 \u00e0 BFM Marseille et La Provence, celui qui a claqu\u00e9 la porte du RN lors de la pr\u00e9sidentielle de 2022 a mis de c\u00f4t\u00e9 les ranc\u0153urs pass\u00e9es.<\/p>\n<blockquote class=\"embed embed_quote\"><p>\u00ab\u00a0Nous avons une chance historique. Il y aura en 2026 une opportunit\u00e9 de remporter la victoire. Et je ne veux pas \u00eatre le diviseur\u00a0\u00bb.<\/p><\/blockquote>\n<p>Dans un communiqu\u00e9, Franck Allisio a salu\u00e9 \u00ab\u00a0un geste extr\u00eamement fort\u00a0\u00bb.<\/p>\n<p>Jimmy Comte et Manon Mugica<\/p>\n","protected":false},"excerpt":{"rendered":"La veille, sur le plateau de BFM Marseille, St\u00e9phane Ravier avait cr\u00e9\u00e9 la surprise en annon\u00e7ant son renoncement&hellip;\n","protected":false},"author":2,"featured_media":436974,"comment_status":"","ping_status":"","sticky":false,"template":"","format":"standard","meta":{"footnotes":""},"categories":[2814],"tags":[1111,11,1777,674,1011,27,884,12,882,25],"class_list":{"0":"post-436973","1":"post","2":"type-post","3":"status-publish","4":"format-standard","5":"has-post-thumbnail","7":"category-marseille","8":"tag-actu","9":"tag-actualites","10":"tag-eu","11":"tag-europe","12":"tag-fr","13":"tag-france","14":"tag-marseille","15":"tag-news","16":"tag-provence-alpes-cote-dazur","17":"tag-republique-francaise"},"share_on_mastodon":{"url":"https:\/\/pubeurope.com\/@fr\/115312070771464858","error":""},"_links":{"self":[{"href":"https:\/\/www.europesays.com\/fr\/wp-json\/wp\/v2\/posts\/436973","targetHints":{"allow":["GET"]}}],"collection":[{"href":"https:\/\/www.europesays.com\/fr\/wp-json\/wp\/v2\/posts"}],"about":[{"href":"https:\/\/www.europesays.com\/fr\/wp-json\/wp\/v2\/types\/post"}],"author":[{"embeddable":true,"href":"https:\/\/www.europesays.com\/fr\/wp-json\/wp\/v2\/users\/2"}],"replies":[{"embeddable":true,"href":"https:\/\/www.europesays.com\/fr\/wp-json\/wp\/v2\/comments?post=436973"}],"version-history":[{"count":0,"href":"https:\/\/www.europesays.com\/fr\/wp-json\/wp\/v2\/posts\/436973\/revisions"}],"wp:featuredmedia":[{"embeddable":true,"href":"https:\/\/www.europesays.com\/fr\/wp-json\/wp\/v2\/media\/436974"}],"wp:attachment":[{"href":"https:\/\/www.europesays.com\/fr\/wp-json\/wp\/v2\/media?parent=436973"}],"wp:term":[{"taxonomy":"category","embeddable":true,"href":"https:\/\/www.europesays.com\/fr\/wp-json\/wp\/v2\/categories?post=436973"},{"taxonomy":"post_tag","embeddable":true,"href":"https:\/\/www.europesays.com\/fr\/wp-json\/wp\/v2\/tags?post=436973"}],"curies":[{"name":"wp","href":"https:\/\/api.w.org\/{rel}","templated":true}]}}