{"id":436979,"date":"2025-10-03T20:18:11","date_gmt":"2025-10-03T20:18:11","guid":{"rendered":"https:\/\/www.europesays.com\/fr\/436979\/"},"modified":"2025-10-03T20:18:11","modified_gmt":"2025-10-03T20:18:11","slug":"totalenergies-et-edf-envisagent-un-partenariat-eolien-en-mer-dans-la-manche","status":"publish","type":"post","link":"https:\/\/www.europesays.com\/fr\/436979\/","title":{"rendered":"TotalEnergies et EDF envisagent un partenariat \u00e9olien en mer dans la Manche"},"content":{"rendered":"<p>EDF Renouvelables avait de son c\u00f4t\u00e9 remport\u00e9 en 2023 l\u2019appel d\u2019offres pour le parc Centre Manche 1, qui doit jouxter celui de TotalEnergies. Mais ses conditions financi\u00e8res sont moins favorables, avec un prix d\u2019achat de l\u2019\u00e9lectricit\u00e9 fix\u00e9 \u00e0 44,9 euros le m\u00e9gawattheure (MWh) contre 66\u00a0euros pour celui de TotalEnergies. \u00ab\u00a0Pour TotalEnergies, EDF est un partenaire naturel\u00a0\u00bb en cas de d\u00e9part de RWE, a d\u00e9clar\u00e9 un porte-parole du g\u00e9ant p\u00e9tro-gazier. Le groupe a pour habitude de g\u00e9rer en partenariats ses grandes infrastructures de production d\u2019\u00e9nergie, renouvelable ou de p\u00e9trole et de gaz. Contact\u00e9 par l\u2019AFP, EDF Renouvelables n\u2019a pas fait de commentaire.<\/p>\n<p>Une aubaine pour EDF<\/p>\n<p>Un observateur du dossier fait valoir que l\u2019entreprise publique \u00ab\u00a0a tout int\u00e9r\u00eat\u00a0\u00bb \u00e0 entrer dans le second parc \u00ab\u00a0pour am\u00e9liorer sa rentabilit\u00e9\u00a0\u00bb alors que son projet voisin est \u00e0 la peine. Selon Les Echos, qui cite une source proche du dossier, un abandon du projet Centre Manche 1 \u00ab\u00a0n\u2019est pas envisag\u00e9, mais dans les conditions actuelles, prendre une d\u00e9cision finale d\u2019investissement n\u2019est pas possible\u00a0\u00bb.<\/p>\n","protected":false},"excerpt":{"rendered":"EDF Renouvelables avait de son c\u00f4t\u00e9 remport\u00e9 en 2023 l\u2019appel d\u2019offres pour le parc Centre Manche 1, qui&hellip;\n","protected":false},"author":2,"featured_media":436980,"comment_status":"","ping_status":"","sticky":false,"template":"","format":"standard","meta":{"footnotes":""},"categories":[1592],"tags":[1111,11,1777,674,1011,27,662,12,626,25],"class_list":{"0":"post-436979","1":"post","2":"type-post","3":"status-publish","4":"format-standard","5":"has-post-thumbnail","7":"category-ile-de-france","8":"tag-actu","9":"tag-actualites","10":"tag-eu","11":"tag-europe","12":"tag-fr","13":"tag-france","14":"tag-ile-de-france","15":"tag-news","16":"tag-paris","17":"tag-republique-francaise"},"share_on_mastodon":{"url":"https:\/\/pubeurope.com\/@fr\/115312086512737156","error":""},"_links":{"self":[{"href":"https:\/\/www.europesays.com\/fr\/wp-json\/wp\/v2\/posts\/436979","targetHints":{"allow":["GET"]}}],"collection":[{"href":"https:\/\/www.europesays.com\/fr\/wp-json\/wp\/v2\/posts"}],"about":[{"href":"https:\/\/www.europesays.com\/fr\/wp-json\/wp\/v2\/types\/post"}],"author":[{"embeddable":true,"href":"https:\/\/www.europesays.com\/fr\/wp-json\/wp\/v2\/users\/2"}],"replies":[{"embeddable":true,"href":"https:\/\/www.europesays.com\/fr\/wp-json\/wp\/v2\/comments?post=436979"}],"version-history":[{"count":0,"href":"https:\/\/www.europesays.com\/fr\/wp-json\/wp\/v2\/posts\/436979\/revisions"}],"wp:featuredmedia":[{"embeddable":true,"href":"https:\/\/www.europesays.com\/fr\/wp-json\/wp\/v2\/media\/436980"}],"wp:attachment":[{"href":"https:\/\/www.europesays.com\/fr\/wp-json\/wp\/v2\/media?parent=436979"}],"wp:term":[{"taxonomy":"category","embeddable":true,"href":"https:\/\/www.europesays.com\/fr\/wp-json\/wp\/v2\/categories?post=436979"},{"taxonomy":"post_tag","embeddable":true,"href":"https:\/\/www.europesays.com\/fr\/wp-json\/wp\/v2\/tags?post=436979"}],"curies":[{"name":"wp","href":"https:\/\/api.w.org\/{rel}","templated":true}]}}