{"id":436981,"date":"2025-10-03T20:19:16","date_gmt":"2025-10-03T20:19:16","guid":{"rendered":"https:\/\/www.europesays.com\/fr\/436981\/"},"modified":"2025-10-03T20:19:16","modified_gmt":"2025-10-03T20:19:16","slug":"toutes-les-personnes-condamnees-ont-fait-appel-ainsi-que-le-parquet-national-financier","status":"publish","type":"post","link":"https:\/\/www.europesays.com\/fr\/436981\/","title":{"rendered":"toutes les personnes condamn\u00e9es ont fait appel, ainsi que le Parquet national financier"},"content":{"rendered":"<p>                          <img loading=\"lazy\" decoding=\"async\" src=\"https:\/\/www.europesays.com\/fr\/wp-content\/uploads\/2025\/10\/8a66d2b_ftp-import-images-1-0e9bjqpx1iqb-5990346-01-06.jpg\" alt=\"L\u2019ancien pr\u00e9sident, Nicolas Sarkozy, \u00e0 la sortie de la salle d\u2019audience du tribunal correctionnel de Paris, le 3\u00a0octobre 2025. \"   width=\"664\" height=\"443\"\/>    L\u2019ancien pr\u00e9sident, Nicolas Sarkozy, \u00e0 la sortie de la salle d\u2019audience du tribunal correctionnel de Paris, le 3\u00a0octobre 2025.  ALAIN JOCARD\/AFP                          <\/p>\n<p class=\"article__paragraph  \">Les sept pr\u00e9venus condamn\u00e9s dans le proc\u00e8s\u00a0sur les soup\u00e7ons de financement libyen de la campagne pr\u00e9sidentielle de 2007\u00a0de Nicolas Sarkozy ont fait appel, de m\u00eame que le Parquet national financier (PNF), ont annonc\u00e9, vendredi 3\u00a0octobre, une source judiciaire et le PNF.<\/p>\n<p>                                            Lire aussi |  Article r\u00e9serv\u00e9 \u00e0 nos abonn\u00e9s  <a href=\"https:\/\/www.lemonde.fr\/societe\/article\/2025\/09\/26\/nicolas-sarkozy-condamne-a-cinq-ans-de-prison-ferme-pour-association-de-malfaiteurs-retour-sur-un-jugement-historique_6642978_3224.html\" class=\"js-article-read-also catcher--favoris__link\" data-premium=\"1\" id=\"article-title-3439593\" rel=\"nofollow noopener\" target=\"_blank\">Nicolas Sarkozy condamn\u00e9 \u00e0 cinq ans de prison ferme pour \u00ab\u00a0association de malfaiteurs\u00a0\u00bb, retour sur un jugement historique<\/a>    <\/p>\n<p>   Lire plus tard  <\/p>\n<p class=\"article__paragraph  \">L\u2019ancien chef de l\u2019Etat (2007-2012), condamn\u00e9 \u00e0 cinq ans d\u2019emprisonnement avec incarc\u00e9ration prochaine pour avoir \u00ab\u00a0laiss\u00e9 ses plus proches\u00a0\u00bb d\u00e9marcher la Libye de Mouammar Kadhafi pour financer sa campagne victorieuse de 2007, avait d\u00e9j\u00e0 annonc\u00e9 faire appel. Il avait d\u00e9nonc\u00e9 une lourde peine inflig\u00e9e par \u00ab\u00a0haine\u00a0\u00bb.<\/p>\n<p class=\"article__paragraph  \">L\u2019ancien ministre Brice Hortefeux, l\u2019ex-secr\u00e9taire g\u00e9n\u00e9ral de l\u2019Elys\u00e9e Claude Gu\u00e9ant, l\u2019homme d\u2019affaires franco-alg\u00e9rien Alexandre Djouhri et le banquier Wahib Nacer avaient \u00e9galement annonc\u00e9 qu\u2019ils feraient appel en d\u00e9but de semaine. Ont donc \u00e9galement fait appel de leurs peines l\u2019ex-directeur de cabinet de Mouammar Kadhafi, Bechir Saleh, et l\u2019homme d\u2019affaires saoudien Khaled Bugshan. Plusieurs parties civiles, dont l\u2019Etat libyen, ont aussi fait appel, selon cette source judiciaire.<\/p>\n<p class=\"article__paragraph  \">Le PNF a interjet\u00e9 appel pour tous ces pr\u00e9venus condamn\u00e9s ainsi que pour d\u2019autres pr\u00e9venus, notamment parmi les relax\u00e9s, comme Eric Woerth, ancien ministre du travail et du budget, ou encore Edouard Ullmo, un ancien cadre d\u2019Airbus.<\/p>\n<p class=\"article__paragraph  \">R\u00e9percussion de ce proc\u00e8s, la pr\u00e9sidente du tribunal correctionnel qui a condamn\u00e9 M. Sarkozy a fait l\u2019objet de menaces sur les r\u00e9seaux sociaux. La procureure de Paris, Laure Beccuau, a fait \u00e9tat sur BFM-TV de \u00ab\u00a024 types de propos haineux\u00a0\u00bb identifi\u00e9s dans les enqu\u00eates ouvertes.<\/p>\n<p>                                       Lire aussi |  Article r\u00e9serv\u00e9 \u00e0 nos abonn\u00e9s  <a href=\"https:\/\/www.lemonde.fr\/societe\/article\/2025\/09\/26\/apres-la-condamnation-de-nicolas-sarkozy-de-nombreuses-attaques-contre-une-justice-peu-encline-a-se-defendre_6643106_3224.html\" class=\"js-article-read-also catcher--favoris__link\" data-premium=\"1\" id=\"article-title-3439786\" rel=\"nofollow noopener\" target=\"_blank\">Apr\u00e8s la condamnation de\u00a0Nicolas Sarkozy, de\u00a0nombreuses attaques contre une justice peu encline \u00e0\u00a0se\u00a0d\u00e9fendre<\/a>    <\/p>\n<p>   Lire plus tard  <\/p>\n<p class=\"author__detail\">  Le Monde avec AFP  <\/p>\n<p>                  <a href=\"https:\/\/www.lemonde.fr\/syndication\/\" class=\"reuse__content\" title=\"R\u00e9utiliser ce contenu\" target=\"_blank\" rel=\"nofollow noopener\">R\u00e9utiliser ce contenu<\/a>      <\/p>\n","protected":false},"excerpt":{"rendered":"L\u2019ancien pr\u00e9sident, Nicolas Sarkozy, \u00e0 la sortie de la salle d\u2019audience du tribunal correctionnel de Paris, le 3\u00a0octobre&hellip;\n","protected":false},"author":2,"featured_media":436982,"comment_status":"","ping_status":"","sticky":false,"template":"","format":"standard","meta":{"footnotes":""},"categories":[1888],"tags":[1111,1928,11,1927,1777,674,1011,27,12,1926,626,1925,25],"class_list":{"0":"post-436981","1":"post","2":"type-post","3":"status-publish","4":"format-standard","5":"has-post-thumbnail","7":"category-paris","8":"tag-actu","9":"tag-actu-paris","10":"tag-actualites","11":"tag-actualites-paris","12":"tag-eu","13":"tag-europe","14":"tag-fr","15":"tag-france","16":"tag-news","17":"tag-news-paris","18":"tag-paris","19":"tag-paris-news","20":"tag-republique-francaise"},"share_on_mastodon":{"url":"https:\/\/pubeurope.com\/@fr\/115312090895042346","error":""},"_links":{"self":[{"href":"https:\/\/www.europesays.com\/fr\/wp-json\/wp\/v2\/posts\/436981","targetHints":{"allow":["GET"]}}],"collection":[{"href":"https:\/\/www.europesays.com\/fr\/wp-json\/wp\/v2\/posts"}],"about":[{"href":"https:\/\/www.europesays.com\/fr\/wp-json\/wp\/v2\/types\/post"}],"author":[{"embeddable":true,"href":"https:\/\/www.europesays.com\/fr\/wp-json\/wp\/v2\/users\/2"}],"replies":[{"embeddable":true,"href":"https:\/\/www.europesays.com\/fr\/wp-json\/wp\/v2\/comments?post=436981"}],"version-history":[{"count":0,"href":"https:\/\/www.europesays.com\/fr\/wp-json\/wp\/v2\/posts\/436981\/revisions"}],"wp:featuredmedia":[{"embeddable":true,"href":"https:\/\/www.europesays.com\/fr\/wp-json\/wp\/v2\/media\/436982"}],"wp:attachment":[{"href":"https:\/\/www.europesays.com\/fr\/wp-json\/wp\/v2\/media?parent=436981"}],"wp:term":[{"taxonomy":"category","embeddable":true,"href":"https:\/\/www.europesays.com\/fr\/wp-json\/wp\/v2\/categories?post=436981"},{"taxonomy":"post_tag","embeddable":true,"href":"https:\/\/www.europesays.com\/fr\/wp-json\/wp\/v2\/tags?post=436981"}],"curies":[{"name":"wp","href":"https:\/\/api.w.org\/{rel}","templated":true}]}}