{"id":436989,"date":"2025-10-03T20:23:12","date_gmt":"2025-10-03T20:23:12","guid":{"rendered":"https:\/\/www.europesays.com\/fr\/436989\/"},"modified":"2025-10-03T20:23:12","modified_gmt":"2025-10-03T20:23:12","slug":"la-pologne-accuse-la-russie-davoir-fomente-un-attentat-avec-des-explosifs-dissimules-dans-des-boites-de-conserve","status":"publish","type":"post","link":"https:\/\/www.europesays.com\/fr\/436989\/","title":{"rendered":"La Pologne accuse la Russie d&rsquo;avoir foment\u00e9 un attentat avec des explosifs dissimul\u00e9s dans des bo\u00eetes de conserve"},"content":{"rendered":"<p>\n         Publi\u00e9 le<br \/>\n            03\/10\/2025 &#8211; 21:59 UTC+2\n            <\/p>\n<p>          <img decoding=\"async\" class=\"c-ad__placeholder__logo\" src=\"https:\/\/static.euronews.com\/website\/images\/logos\/logo-euronews-stacked-outlined-72x72-grey-9.svg\" width=\"72\" height=\"72\" alt=\"\" loading=\"lazy\"\/><br \/>\n          PUBLICIT\u00c9<\/p>\n<p>Selon les m\u00e9dias polonais, les procureurs enqu\u00eatent sur un complot pr\u00e9sum\u00e9 de la Russie qui aurait consist\u00e9 \u00e0 pi\u00e9ger des bo\u00eetes de conserve \u00e9tiquet\u00e9es avec des explosifs. Un article publi\u00e9 jeudi par <a href=\"https:\/\/warszawa.wyborcza.pl\/warszawa\/7,54420,32291943,wyborcza-ujawnia-rosyjski-wywiad-materialy-wybuchowe-w-puszkach.html\" target=\"_blank\" rel=\"noreferrer noopener\">Gazeta Wyborcza<\/a> cite des sources du parquet national polonais et de l&rsquo;agence de s\u00e9curit\u00e9 int\u00e9rieure (ABW) qui confirment cette information.<\/p>\n<p>Un suspect ukrainien li\u00e9 \u00e0 l&rsquo;agence de renseignement militaire russe (GRU), identifi\u00e9 sous le nom de W\u0142adys\u0142aw D., aurait transport\u00e9 les bo\u00eetes de conserve en Pologne apr\u00e8s les avoir d\u00e9terr\u00e9es dans un cimeti\u00e8re de la Lituanie voisine. Le jeune homme les a laiss\u00e9es pr\u00e8s de la ville de \u0141\u00f3d\u017a, dans le centre du pays, selon Gazeta Wyborcza.<\/p>\n<p>Un expert militaire a d\u00e9clar\u00e9 au journal polonais que les quantit\u00e9s d&rsquo;explosifs qui auraient \u00e9t\u00e9 utilis\u00e9es auraient pu causer de graves dommages \u00e0 une voiture et des blessures mortelles aux personnes se trouvant \u00e0 proximit\u00e9.<\/p>\n<p>Le coordinateur des services sp\u00e9ciaux polonais, Tomasz Siemoniak, a d\u00e9clar\u00e9 que le GRU avait planifi\u00e9 des op\u00e9rations de sabotage en Pologne, ainsi qu&rsquo;en Lituanie et en Allemagne, en utilisant des explosifs cach\u00e9s dans les bo\u00eetes de conserve.<\/p>\n<p>Selon les enqu\u00eateurs, les agents du GRU auraient pr\u00e9vu d&rsquo;attacher les bo\u00eetes de conserve \u00e0 des drones en tant que charges explosives pour des attaques. Les enqu\u00eateurs n&rsquo;ont pas pr\u00e9cis\u00e9 le motif de ces attaques, mais le soutien ind\u00e9fectible de la Pologne \u00e0 l&rsquo;Ukraine lors de l&rsquo;invasion totale pourrait en \u00eatre la cause.<\/p>\n<p>Le soutien total apport\u00e9 par Varsovie \u00e0 Kiev depuis 2022 s&rsquo;\u00e9l\u00e8ve \u00e0 environ 3,3 milliards d&rsquo;euros, sous forme d&rsquo;aide militaire et humanitaire. La Pologne accueille environ un million de r\u00e9fugi\u00e9s qui ont fui la guerre, dont une majorit\u00e9 de femmes et d&rsquo;enfants.<\/p>\n<p>Attaques hybrides<\/p>\n<p>Le bureau du procureur national polonais a d\u00e9clar\u00e9 \u00e0 TVP World que l&rsquo;enqu\u00eate s&rsquo;inscrivait dans le cadre d&rsquo;une enqu\u00eate plus large sur les op\u00e9rations de guerre hybride men\u00e9es par la Russie en Europe. La d\u00e9couverte des bo\u00eetes de conserve intervient dans le contexte d&rsquo;une r\u00e9cente s\u00e9rie de violations de l&rsquo;espace a\u00e9rien en Europe, dont la Russie serait responsable.<\/p>\n<p>L&rsquo;a\u00e9roport de Munich, en Allemagne, a \u00e9t\u00e9 contraint de suspendre ses activit\u00e9s dans la nuit de jeudi \u00e0 vendredi apr\u00e8s que \u00ab\u00a0plusieurs observations de drones\u00a0\u00bb ont \u00e9t\u00e9 signal\u00e9es, ce qui a entra\u00een\u00e9 l&rsquo;annulation de 17 vols. Ces derni\u00e8res semaines, des a\u00e9roports au Danemark, en Norv\u00e8ge et en Pologne ont \u00e9galement suspendu leurs vols en raison de l&rsquo;activit\u00e9 de drones non identifi\u00e9s.<\/p>\n<p>Des violations de l&rsquo;espace a\u00e9rien ont \u00e9galement \u00e9t\u00e9 signal\u00e9es en Estonie et en Roumanie. Ces incursions ont aliment\u00e9 un d\u00e9bat entre les dirigeants europ\u00e9ens sur la faisabilit\u00e9 d&rsquo;un \u00ab\u00a0mur de drones\u00a0\u00bb destin\u00e9 \u00e0 prot\u00e9ger la partie orientale du continent contre les incursions de drones qui proviendraient de la Russie.<\/p>\n<p>Moscou a rejet\u00e9 les all\u00e9gations selon lesquelles elle serait responsable des violations de l&rsquo;espace a\u00e9rien, les qualifiant d'\u00a0\u00bbaccusations infond\u00e9es\u00a0\u00bb.<\/p>\n","protected":false},"excerpt":{"rendered":"Publi\u00e9 le 03\/10\/2025 &#8211; 21:59 UTC+2 PUBLICIT\u00c9 Selon les m\u00e9dias polonais, les procureurs enqu\u00eatent sur un complot pr\u00e9sum\u00e9&hellip;\n","protected":false},"author":2,"featured_media":436990,"comment_status":"","ping_status":"","sticky":false,"template":"","format":"standard","meta":{"footnotes":""},"categories":[1591],"tags":[11,1887,131,12,2437,1885,1886,132],"class_list":{"0":"post-436989","1":"post","2":"type-post","3":"status-publish","4":"format-standard","5":"has-post-thumbnail","7":"category-russie","8":"tag-actualites","9":"tag-federation-de-russie","10":"tag-guerre-en-ukraine","11":"tag-news","12":"tag-pologne","13":"tag-russia","14":"tag-russian-federation","15":"tag-russie"},"share_on_mastodon":{"url":"https:\/\/pubeurope.com\/@fr\/115312106659334464","error":""},"_links":{"self":[{"href":"https:\/\/www.europesays.com\/fr\/wp-json\/wp\/v2\/posts\/436989","targetHints":{"allow":["GET"]}}],"collection":[{"href":"https:\/\/www.europesays.com\/fr\/wp-json\/wp\/v2\/posts"}],"about":[{"href":"https:\/\/www.europesays.com\/fr\/wp-json\/wp\/v2\/types\/post"}],"author":[{"embeddable":true,"href":"https:\/\/www.europesays.com\/fr\/wp-json\/wp\/v2\/users\/2"}],"replies":[{"embeddable":true,"href":"https:\/\/www.europesays.com\/fr\/wp-json\/wp\/v2\/comments?post=436989"}],"version-history":[{"count":0,"href":"https:\/\/www.europesays.com\/fr\/wp-json\/wp\/v2\/posts\/436989\/revisions"}],"wp:featuredmedia":[{"embeddable":true,"href":"https:\/\/www.europesays.com\/fr\/wp-json\/wp\/v2\/media\/436990"}],"wp:attachment":[{"href":"https:\/\/www.europesays.com\/fr\/wp-json\/wp\/v2\/media?parent=436989"}],"wp:term":[{"taxonomy":"category","embeddable":true,"href":"https:\/\/www.europesays.com\/fr\/wp-json\/wp\/v2\/categories?post=436989"},{"taxonomy":"post_tag","embeddable":true,"href":"https:\/\/www.europesays.com\/fr\/wp-json\/wp\/v2\/tags?post=436989"}],"curies":[{"name":"wp","href":"https:\/\/api.w.org\/{rel}","templated":true}]}}