{"id":437001,"date":"2025-10-03T20:29:15","date_gmt":"2025-10-03T20:29:15","guid":{"rendered":"https:\/\/www.europesays.com\/fr\/437001\/"},"modified":"2025-10-03T20:29:15","modified_gmt":"2025-10-03T20:29:15","slug":"les-activites-de-drones-en-belgique-montrent-une-fois-de-plus-que-lensemble-de-lunion-est-menace","status":"publish","type":"post","link":"https:\/\/www.europesays.com\/fr\/437001\/","title":{"rendered":"Les activit\u00e9s de drones en Belgique montrent une fois de plus que l&rsquo;ensemble de l&rsquo;Union est menac\u00e9"},"content":{"rendered":"<p>AA \/ Bruxelles \/ Serife Cetin<\/p>\n<p>La Commission europ\u00e9enne a d\u00e9clar\u00e9 que l&rsquo;activit\u00e9 de drones d\u00e9tect\u00e9e jeudi soir au-dessus d&rsquo;un camp d&rsquo;entra\u00eenement militaire en Belgique d\u00e9montre une fois de plus que l&rsquo;ensemble de l&rsquo;Union europ\u00e9enne est menac\u00e9e.<\/p>\n<p>Thomas Regnier, porte-parole de la Commission europ\u00e9enne, a r\u00e9pondu aux questions des journalistes lors d&rsquo;une conf\u00e9rence de presse quotidienne.<\/p>\n<p>Regnier a d\u00e9clar\u00e9 qu&rsquo;ils suivaient de pr\u00e8s les d\u00e9veloppements dans les pays membres et qu&rsquo;ils \u00e9taient \u00e9galement en contact avec les autorit\u00e9s. Il a rappel\u00e9 que les enqu\u00eates sur ces incidents et la d\u00e9termination de l&rsquo;origine de la menace relevaient de la responsabilit\u00e9 des pays membres.<\/p>\n<p>Affirmant que l&rsquo;activit\u00e9 de drones d\u00e9tect\u00e9e hier soir au-dessus d&rsquo;un camp d&rsquo;entra\u00eenement militaire en Belgique \u00ab montre une fois de plus que l&rsquo;ensemble de l&rsquo;UE est menac\u00e9e \u00bb, Regnier a soulign\u00e9 l&rsquo;importance de la proposition de la pr\u00e9sidente de la Commission europ\u00e9enne, Ursula von der Leyen, visant \u00e0 prot\u00e9ger l&rsquo;ensemble de l&rsquo;UE \u00e0 l&rsquo;aide d&rsquo;un \u00ab mur anti-drones \u00bb.<\/p>\n<p>Soulignant l&rsquo;importance d&rsquo;adopter une approche \u00ab \u00e0 360 degr\u00e9s \u00bb, Regnier a d\u00e9clar\u00e9 que l&rsquo;activit\u00e9 de drones d\u00e9tect\u00e9e hier avait \u00e9galement touch\u00e9 l&rsquo;Allemagne, ce qui montre que les pays menac\u00e9s ne sont pas seulement ceux \u00ab en premi\u00e8re ligne \u00bb.<\/p>\n<p>La porte-parole principale de la Commission europ\u00e9enne, Paula Pinho, a quant \u00e0 elle indiqu\u00e9 que le \u00ab mur de drones \u00bb serait principalement destin\u00e9 \u00e0 la partie orientale.<\/p>\n<p>Pinho a d\u00e9clar\u00e9 que la priorit\u00e9 serait donn\u00e9e dans un premier temps aux pays les plus expos\u00e9s, mais que la vision g\u00e9n\u00e9rale \u00e9tait plus large et visait \u00e0 couvrir l&rsquo;ensemble du continent.<\/p>\n<p>Interrog\u00e9e sur la question de savoir si elle avait \u00e9cout\u00e9 le discours du pr\u00e9sident russe Vladimir Poutine rejetant les all\u00e9gations des dirigeants europ\u00e9ens concernant les activit\u00e9s des drones, Pinho a r\u00e9pondu : \u00ab Nous n&rsquo;\u00e9coutons pas tous les discours de ce pr\u00e9sident. \u00bb<\/p>\n<p>Des activit\u00e9s de drones ont \u00e9t\u00e9 d\u00e9tect\u00e9es au-dessus du camp d&rsquo;entra\u00eenement militaire d&rsquo;Elsenborn en Belgique, et le minist\u00e8re de la D\u00e9fense a d\u00e9clar\u00e9 enqu\u00eater sur l&rsquo;incident.<\/p>\n<p>Les drones, dont l&rsquo;origine et l&rsquo;utilisateur sont encore inconnus, se seraient dirig\u00e9s vers l&rsquo;Allemagne.<\/p>\n<p>Les pays europ\u00e9ens ont \u00e9t\u00e9 mis en \u00e9tat d&rsquo;alerte apr\u00e8s que les espaces a\u00e9riens de la Pologne, de la Roumanie et de l&rsquo;Estonie ont \u00e9t\u00e9 viol\u00e9s le mois dernier par des drones et des avions russes.<\/p>\n<p>*Traduit du turc par Serap Dogansoy<\/p>\n<p>                            &#13;<br \/>\n                                <a href=\"https:\/\/www.aa.com.tr\/fr\/p\/abonnement\/1001\" target=\"_blank\" style=\"font-size:12px; color:#444; text-decoration:none;\" rel=\"noopener\">&#13;<br \/>\n                                    Seulement une partie des d\u00e9p\u00eaches, que l&rsquo;Agence Anadolu diffuse \u00e0 ses abonn\u00e9s via le Syst\u00e8me de Diffusion interne (HAS), est diffus\u00e9e sur le site de l&rsquo;AA, de mani\u00e8re r\u00e9sum\u00e9e. <b style=\"color:#1897F7\">Contactez-nous s&rsquo;il vous pla\u00eet pour vous abonner.<\/b>&#13;<br \/>\n                                <\/a>&#13;<\/p>\n","protected":false},"excerpt":{"rendered":"AA \/ Bruxelles \/ Serife Cetin La Commission europ\u00e9enne a d\u00e9clar\u00e9 que l&rsquo;activit\u00e9 de drones d\u00e9tect\u00e9e jeudi soir&hellip;\n","protected":false},"author":2,"featured_media":437002,"comment_status":"","ping_status":"","sticky":false,"template":"","format":"standard","meta":{"footnotes":""},"categories":[1586],"tags":[11,672,1785,828,2024,1777,674,1779,1011,27,56437,12,56438,25,1778,56439,364,2544,135],"class_list":{"0":"post-437001","1":"post","2":"type-post","3":"status-publish","4":"format-standard","5":"has-post-thumbnail","7":"category-europe","8":"tag-actualites","9":"tag-allemagne","10":"tag-anadolu-ajansi","11":"tag-belgique","12":"tag-drones","13":"tag-eu","14":"tag-europe","15":"tag-european-union","16":"tag-fr","17":"tag-france","18":"tag-mur-anti-drones","19":"tag-news","20":"tag-paula-pinho","21":"tag-republique-francaise","22":"tag-ue","23":"tag-union-europnne","24":"tag-union-europeenne","25":"tag-ursula-von-der-leyen","26":"tag-vladimir-poutine"},"share_on_mastodon":{"url":"https:\/\/pubeurope.com\/@fr\/115312129768935730","error":""},"_links":{"self":[{"href":"https:\/\/www.europesays.com\/fr\/wp-json\/wp\/v2\/posts\/437001","targetHints":{"allow":["GET"]}}],"collection":[{"href":"https:\/\/www.europesays.com\/fr\/wp-json\/wp\/v2\/posts"}],"about":[{"href":"https:\/\/www.europesays.com\/fr\/wp-json\/wp\/v2\/types\/post"}],"author":[{"embeddable":true,"href":"https:\/\/www.europesays.com\/fr\/wp-json\/wp\/v2\/users\/2"}],"replies":[{"embeddable":true,"href":"https:\/\/www.europesays.com\/fr\/wp-json\/wp\/v2\/comments?post=437001"}],"version-history":[{"count":0,"href":"https:\/\/www.europesays.com\/fr\/wp-json\/wp\/v2\/posts\/437001\/revisions"}],"wp:featuredmedia":[{"embeddable":true,"href":"https:\/\/www.europesays.com\/fr\/wp-json\/wp\/v2\/media\/437002"}],"wp:attachment":[{"href":"https:\/\/www.europesays.com\/fr\/wp-json\/wp\/v2\/media?parent=437001"}],"wp:term":[{"taxonomy":"category","embeddable":true,"href":"https:\/\/www.europesays.com\/fr\/wp-json\/wp\/v2\/categories?post=437001"},{"taxonomy":"post_tag","embeddable":true,"href":"https:\/\/www.europesays.com\/fr\/wp-json\/wp\/v2\/tags?post=437001"}],"curies":[{"name":"wp","href":"https:\/\/api.w.org\/{rel}","templated":true}]}}