{"id":437018,"date":"2025-10-03T20:40:14","date_gmt":"2025-10-03T20:40:14","guid":{"rendered":"https:\/\/www.europesays.com\/fr\/437018\/"},"modified":"2025-10-03T20:40:14","modified_gmt":"2025-10-03T20:40:14","slug":"cyclisme-malade-pauline-ferrand-prevot-renonce-aux-championnats-deurope-et-met-fin-a-sa-saison","status":"publish","type":"post","link":"https:\/\/www.europesays.com\/fr\/437018\/","title":{"rendered":"Cyclisme. Malade, Pauline Ferrand-Pr\u00e9v\u00f4t renonce aux championnats d&rsquo;Europe et met fin \u00e0 sa saison"},"content":{"rendered":"<p><a href=\"https:\/\/www.leprogres.fr\/p\/pauline-ferrand-prevot\" target=\"_blank\" rel=\"nofollow noopener\">Pauline Ferrand-Pr\u00e9v\u00f4t<\/a> ne sera pas au d\u00e9part de la course en ligne des championnats d&rsquo;Europe de cyclisme, samedi sur les routes de la Dr\u00f4me et de l&rsquo;Ard\u00e8che.\u00a0<\/p>\n<p>La Fran\u00e7aise de 33 ans, laur\u00e9ate du Tour de France cet \u00e9t\u00e9, est tomb\u00e9e malade \u00e0 son retour des Mondiaux de Kigali. La leader tricolore <a href=\"https:\/\/www.leprogres.fr\/sport\/2025\/09\/27\/mondiaux-la-canadienne-magdeleine-vallieres-cree-la-surprise-et-s-impose-a-kigali\" target=\"_blank\" rel=\"nofollow noopener\">avait pris la 16e place sur le circuit de Kigali<\/a>. Fi\u00e9vreuse la nuit derni\u00e8re, elle souffre aussi de maux d&rsquo;estomac. C&rsquo;est le deuxi\u00e8me forfait chez les Bleues, apr\u00e8s celui de Ma\u00ebva Squiban, <a href=\"https:\/\/www.leprogres.fr\/tour-de-france\/2025\/08\/01\/maeva-squiban-de-la-blague-au-reve\" target=\"_blank\" rel=\"nofollow noopener\">double\u00a0vainqueure d&rsquo;\u00e9tape sur la Grande Boucle<\/a>.\u00a0<\/p>\n<p>Une contre-indication m\u00e9dicale<\/p>\n<p>\u00ab\u00a0Depuis hier soir (mardi), Pauline Ferrand-Pr\u00e9vot est tomb\u00e9e malade. Apr\u00e8s des examens m\u00e9dicaux, men\u00e9s conjointement avec l\u2019\u00e9quipe de France et Visma Lease-a-bike, les m\u00e9decins ont \u00e9mis une contre-indication \u00e0 la pratique du cyclisme en comp\u00e9tition et \u00e0 l\u2019entra\u00eenement,\u00a0a annonc\u00e9\u00a0le s\u00e9lectionneur Paul Brousse. Elle ne participera pas aux championnats d\u2019Europe et met un terme \u00e0 sa saison. \u00bb<\/p>\n<p>C\u00e9lia Le Mouel et Dilyxine Miermont ont \u00e9t\u00e9 appel\u00e9es en renfort pour accompagner <a href=\"https:\/\/www.leprogres.fr\/p\/juliette-labous-coureuse-cycliste\" target=\"_blank\" rel=\"nofollow noopener\">Juliette Labous<\/a>, <a href=\"https:\/\/www.leprogres.fr\/p\/evita-muzic\" target=\"_blank\" rel=\"nofollow noopener\">\u00c9vita Muzic<\/a> et C\u00e9drine Kerbaol.\u00a0<\/p>\n","protected":false},"excerpt":{"rendered":"Pauline Ferrand-Pr\u00e9v\u00f4t ne sera pas au d\u00e9part de la course en ligne des championnats d&rsquo;Europe de cyclisme, samedi&hellip;\n","protected":false},"author":2,"featured_media":437019,"comment_status":"","ping_status":"","sticky":false,"template":"","format":"standard","meta":{"footnotes":""},"categories":[1411],"tags":[1154,207,107,1011,27,517,1947,60],"class_list":{"0":"post-437018","1":"post","2":"type-post","3":"status-publish","4":"format-standard","5":"has-post-thumbnail","7":"category-cyclisme","8":"tag-cycling","9":"tag-cyclisme","10":"tag-fil-info","11":"tag-fr","12":"tag-france","13":"tag-sport","14":"tag-sport-national","15":"tag-sports"},"share_on_mastodon":{"url":"https:\/\/pubeurope.com\/@fr\/115312173000910664","error":""},"_links":{"self":[{"href":"https:\/\/www.europesays.com\/fr\/wp-json\/wp\/v2\/posts\/437018","targetHints":{"allow":["GET"]}}],"collection":[{"href":"https:\/\/www.europesays.com\/fr\/wp-json\/wp\/v2\/posts"}],"about":[{"href":"https:\/\/www.europesays.com\/fr\/wp-json\/wp\/v2\/types\/post"}],"author":[{"embeddable":true,"href":"https:\/\/www.europesays.com\/fr\/wp-json\/wp\/v2\/users\/2"}],"replies":[{"embeddable":true,"href":"https:\/\/www.europesays.com\/fr\/wp-json\/wp\/v2\/comments?post=437018"}],"version-history":[{"count":0,"href":"https:\/\/www.europesays.com\/fr\/wp-json\/wp\/v2\/posts\/437018\/revisions"}],"wp:featuredmedia":[{"embeddable":true,"href":"https:\/\/www.europesays.com\/fr\/wp-json\/wp\/v2\/media\/437019"}],"wp:attachment":[{"href":"https:\/\/www.europesays.com\/fr\/wp-json\/wp\/v2\/media?parent=437018"}],"wp:term":[{"taxonomy":"category","embeddable":true,"href":"https:\/\/www.europesays.com\/fr\/wp-json\/wp\/v2\/categories?post=437018"},{"taxonomy":"post_tag","embeddable":true,"href":"https:\/\/www.europesays.com\/fr\/wp-json\/wp\/v2\/tags?post=437018"}],"curies":[{"name":"wp","href":"https:\/\/api.w.org\/{rel}","templated":true}]}}